{"id":4046,"global_id":"fontenilles-vtt.fr\/wp?id=4046","global_id_lineage":["fontenilles-vtt.fr\/wp?id=4046"],"author":"1","status":"publish","date":"2019-11-12 14:31:44","date_utc":"2019-11-12 13:31:44","modified":"2019-11-12 14:32:52","modified_utc":"2019-11-12 13:32:52","url":"https:\/\/fontenilles-vtt.fr\/wp\/?tribe_events=assemblee-generale","rest_url":"https:\/\/fontenilles-vtt.fr\/wp\/index.php?rest_route=\/tribe\/events\/v1\/events\/4046","title":"Assembl\u00e9e G\u00e9n\u00e9rale","description":"<p>Vous \u00eates convi\u00e9s \u00e0 l&rsquo;Assembl\u00e9e g\u00e9n\u00e9rale de Fontenilles VTT Au programme Bilan financier Bilan Moral Election du nouveau bureau (la campagne \u00e9lectorale est donc lanc\u00e9e pour les listes en cours ou opposition) Programme de l&rsquo;ann\u00e9e \u00e0 venir Pizza et Bi\u00e8res<\/p>\n<p>&nbsp;<\/p>\n<p>Le Bureau<\/p>","excerpt":"","slug":"assemblee-generale","image":false,"all_day":false,"start_date":"2019-11-15 19:00:00","start_date_details":{"year":"2019","month":"11","day":"15","hour":"19","minutes":"00","seconds":"00"},"end_date":"2019-11-15 23:00:00","end_date_details":{"year":"2019","month":"11","day":"15","hour":"23","minutes":"00","seconds":"00"},"utc_start_date":"2019-11-15 18:00:00","utc_start_date_details":{"year":"2019","month":"11","day":"15","hour":"18","minutes":"00","seconds":"00"},"utc_end_date":"2019-11-15 22:00:00","utc_end_date_details":{"year":"2019","month":"11","day":"15","hour":"22","minutes":"00","seconds":"00"},"timezone":"Europe\/Paris","timezone_abbr":"CET","cost":"","cost_details":{"currency_symbol":"","currency_code":"","currency_position":"prefix","values":[]},"website":"","show_map":true,"show_map_link":true,"hide_from_listings":false,"sticky":false,"featured":false,"categories":[],"tags":[],"venue":{"id":4048,"author":"1","status":"publish","date":"2019-11-12 14:32:52","date_utc":"2019-11-12 13:32:52","modified":"2020-09-22 10:49:17","modified_utc":"2020-09-22 08:49:17","url":"https:\/\/fontenilles-vtt.fr\/wp\/?tribe_venue=maison-des-loisirs-1er-etage-fontenilles-pres-de-la-mairie","venue":"Maison des loisirs, 1er \u00e9tage, Fontenilles (pr\u00e8s de la mairie)","slug":"maison-des-loisirs-1er-etage-fontenilles-pres-de-la-mairie","address":"2 place Sylvain Darlas","city":"Fontenilles","country":"France","zip":"31470","json_ld":{"@type":"Place","name":"Maison des loisirs, 1er \u00e9tage, Fontenilles (pr\u00e8s de la mairie)","description":"","url":"","address":{"@type":"PostalAddress","streetAddress":"2 place Sylvain Darlas","addressLocality":"Fontenilles","postalCode":"31470","addressCountry":"France"},"telephone":"","sameAs":""},"show_map":true,"show_map_link":true,"global_id":"fontenilles-vtt.fr\/wp?id=4048","global_id_lineage":["fontenilles-vtt.fr\/wp?id=4048"]},"organizer":[],"custom_fields":[],"json_ld":{"@context":"http:\/\/schema.org","@type":"Event","name":"Assembl\u00e9e G\u00e9n\u00e9rale","description":"&lt;p&gt;Vous \u00eates convi\u00e9s \u00e0 l\\'Assembl\u00e9e g\u00e9n\u00e9rale de Fontenilles VTT Au programme Bilan financier Bilan Moral Election du nouveau bureau (la campagne \u00e9lectorale est donc lanc\u00e9e pour les listes en cours... &lt;\/p&gt;\\n&lt;div class=&quot;read-more&quot;&gt;&lt;a href=&quot;https:\/\/fontenilles-vtt.fr\/wp\/?tribe_events=assemblee-generale&quot;&gt;Lire la suite&lt;\/a&gt;&lt;\/div&gt;\\n","url":"https:\/\/fontenilles-vtt.fr\/wp\/?tribe_events=assemblee-generale","eventAttendanceMode":"https:\/\/schema.org\/OfflineEventAttendanceMode","eventStatus":"https:\/\/schema.org\/EventScheduled","startDate":"2019-11-15T19:00:00+01:00","endDate":"2019-11-15T23:00:00+01:00","location":{"@type":"Place","name":"Maison des loisirs, 1er \u00e9tage, Fontenilles (pr\u00e8s de la mairie)","description":"","url":"","address":{"@type":"PostalAddress","streetAddress":"2 place Sylvain Darlas","addressLocality":"Fontenilles","postalCode":"31470","addressCountry":"France"},"telephone":"","sameAs":""},"performer":"Organization"}}