{"id":4416,"global_id":"fontenilles-vtt.fr\/wp?id=4416","global_id_lineage":["fontenilles-vtt.fr\/wp?id=4416"],"author":"1","status":"publish","date":"2020-09-22 10:46:31","date_utc":"2020-09-22 08:46:31","modified":"2020-09-22 10:46:31","modified_utc":"2020-09-22 08:46:31","url":"https:\/\/fontenilles-vtt.fr\/wp\/?tribe_events=assemblee-generale-2","rest_url":"https:\/\/fontenilles-vtt.fr\/wp\/index.php?rest_route=\/tribe\/events\/v1\/events\/4416","title":"Assembl\u00e9e G\u00e9n\u00e9rale","description":"","excerpt":"","slug":"assemblee-generale-2","image":false,"all_day":false,"start_date":"2020-11-06 19:00:00","start_date_details":{"year":"2020","month":"11","day":"06","hour":"19","minutes":"00","seconds":"00"},"end_date":"2020-11-06 22:30:00","end_date_details":{"year":"2020","month":"11","day":"06","hour":"22","minutes":"30","seconds":"00"},"utc_start_date":"2020-11-06 18:00:00","utc_start_date_details":{"year":"2020","month":"11","day":"06","hour":"18","minutes":"00","seconds":"00"},"utc_end_date":"2020-11-06 21:30:00","utc_end_date_details":{"year":"2020","month":"11","day":"06","hour":"21","minutes":"30","seconds":"00"},"timezone":"Europe\/Paris","timezone_abbr":"CET","cost":"","cost_details":{"currency_symbol":"","currency_code":"","currency_position":"prefix","values":[]},"website":"","show_map":true,"show_map_link":true,"hide_from_listings":false,"sticky":false,"featured":false,"categories":[],"tags":[],"venue":{"id":4048,"author":"1","status":"publish","date":"2019-11-12 14:32:52","date_utc":"2019-11-12 13:32:52","modified":"2020-09-22 10:49:17","modified_utc":"2020-09-22 08:49:17","url":"https:\/\/fontenilles-vtt.fr\/wp\/?tribe_venue=maison-des-loisirs-1er-etage-fontenilles-pres-de-la-mairie","venue":"Maison des loisirs, 1er \u00e9tage, Fontenilles (pr\u00e8s de la mairie)","slug":"maison-des-loisirs-1er-etage-fontenilles-pres-de-la-mairie","address":"2 place Sylvain Darlas","city":"Fontenilles","country":"France","zip":"31470","json_ld":{"@type":"Place","name":"Maison des loisirs, 1er \u00e9tage, Fontenilles (pr\u00e8s de la mairie)","description":"","url":"","address":{"@type":"PostalAddress","streetAddress":"2 place Sylvain Darlas","addressLocality":"Fontenilles","postalCode":"31470","addressCountry":"France"},"telephone":"","sameAs":""},"show_map":true,"show_map_link":true,"global_id":"fontenilles-vtt.fr\/wp?id=4048","global_id_lineage":["fontenilles-vtt.fr\/wp?id=4048"]},"organizer":[],"custom_fields":[],"json_ld":{"@context":"http:\/\/schema.org","@type":"Event","name":"Assembl\u00e9e G\u00e9n\u00e9rale","description":"","url":"https:\/\/fontenilles-vtt.fr\/wp\/?tribe_events=assemblee-generale-2","eventAttendanceMode":"https:\/\/schema.org\/OfflineEventAttendanceMode","eventStatus":"https:\/\/schema.org\/EventScheduled","startDate":"2020-11-06T19:00:00+01:00","endDate":"2020-11-06T22:30:00+01:00","location":{"@type":"Place","name":"Maison des loisirs, 1er \u00e9tage, Fontenilles (pr\u00e8s de la mairie)","description":"","url":"","address":{"@type":"PostalAddress","streetAddress":"2 place Sylvain Darlas","addressLocality":"Fontenilles","postalCode":"31470","addressCountry":"France"},"telephone":"","sameAs":""},"performer":"Organization"}}