{"id":1,"date":"2010-05-02T10:24:27","date_gmt":"2010-05-02T08:24:27","guid":{"rendered":"http:\/\/fontenillesvtt.fr\/wp\/\/?p=1"},"modified":"2010-05-02T10:26:36","modified_gmt":"2010-05-02T08:26:36","slug":"hello-world","status":"publish","type":"post","link":"https:\/\/fontenilles-vtt.fr\/wp\/?p=1","title":{"rendered":"Bienvenue sur notre nouveau site !"},"content":{"rendered":"<p style=\"text-align: justify;\">Bonjour \u00e0\u00a0 tous, bienvenu sur la nouvelle mise en page de Fontenilles VTT.<\/p>\n<p style=\"text-align: justify;\">Le plus gros du site est finalis\u00e9, mais au fil des semaines \u00e0 venir il sera enrichi par de nouvelles rubriques, plus de traces gps, des news r\u00e9guli\u00e8res sur les CG 2010 enfin plein de choses alors pour \u00eatre tenu au courant n&rsquo;h\u00e9sitez pas \u00e0 vous cr\u00e9ez un compte et \u00e0 enregistrer la nouvelle Url dans vos favoris.<br \/>\nVous me direz pourquoi un nouveau site ?<br \/>\nUn vrai nom de domaine bien \u00e0 nous, chez un vrai h\u00e9bergeur (OVH), de plus con\u00e7u sous WordPress qui permet plus d&rsquo;interactivit\u00e9 pour le contenu et une mise \u00e0 jour simplifi\u00e9 depuis n&rsquo;importe quel pc internet, donc que des avantages, alors bonne navigation.<\/p>\n<p style=\"text-align: justify;\">N&rsquo;oubliez pas notre grand rendez-vous annuel le dimanche 27 juin 2010 pour les Cotes Gasconnes 2010, <a href=\"http:\/\/fontenillesvtt.fr\/wp\/?page_id=166\" target=\"_self\">toutes les infos sont en ligne ici<\/a><\/p>\n","protected":false},"excerpt":{"rendered":"<p>Bonjour \u00e0\u00a0 tous, bienvenu sur la nouvelle mise en page de Fontenilles VTT. Le plus gros du site est finalis\u00e9, mais au fil des semaines \u00e0 venir il sera enrichi&#8230; <\/p>\n<div class=\"read-more\"><a href=\"https:\/\/fontenilles-vtt.fr\/wp\/?p=1\">Lire la suite<\/a><\/div>\n","protected":false},"author":1,"featured_media":0,"comment_status":"open","ping_status":"open","sticky":false,"template":"","format":"standard","meta":{"om_disable_all_campaigns":false,"_monsterinsights_skip_tracking":false,"_monsterinsights_sitenote_active":false,"_monsterinsights_sitenote_note":"","_monsterinsights_sitenote_category":0,"ngg_post_thumbnail":0,"jetpack_post_was_ever_published":false,"_jetpack_newsletter_access":"","_jetpack_dont_email_post_to_subs":false,"_jetpack_newsletter_tier_id":0,"_jetpack_memberships_contains_paywalled_content":false,"_jetpack_memberships_contains_paid_content":false,"footnotes":"","jetpack_publicize_message":"","jetpack_publicize_feature_enabled":true,"jetpack_social_post_already_shared":false,"jetpack_social_options":{"image_generator_settings":{"template":"highway","enabled":false},"version":2}},"categories":[4,5],"tags":[17,7],"jetpack_publicize_connections":[],"aioseo_notices":[],"jetpack_featured_media_url":"","jetpack_sharing_enabled":true,"jetpack_shortlink":"https:\/\/wp.me\/p9SYmx-1","jetpack-related-posts":[],"post_mailing_queue_ids":[],"_links":{"self":[{"href":"https:\/\/fontenilles-vtt.fr\/wp\/index.php?rest_route=\/wp\/v2\/posts\/1"}],"collection":[{"href":"https:\/\/fontenilles-vtt.fr\/wp\/index.php?rest_route=\/wp\/v2\/posts"}],"about":[{"href":"https:\/\/fontenilles-vtt.fr\/wp\/index.php?rest_route=\/wp\/v2\/types\/post"}],"author":[{"embeddable":true,"href":"https:\/\/fontenilles-vtt.fr\/wp\/index.php?rest_route=\/wp\/v2\/users\/1"}],"replies":[{"embeddable":true,"href":"https:\/\/fontenilles-vtt.fr\/wp\/index.php?rest_route=%2Fwp%2Fv2%2Fcomments&post=1"}],"version-history":[{"count":15,"href":"https:\/\/fontenilles-vtt.fr\/wp\/index.php?rest_route=\/wp\/v2\/posts\/1\/revisions"}],"predecessor-version":[{"id":6,"href":"https:\/\/fontenilles-vtt.fr\/wp\/index.php?rest_route=\/wp\/v2\/posts\/1\/revisions\/6"}],"wp:attachment":[{"href":"https:\/\/fontenilles-vtt.fr\/wp\/index.php?rest_route=%2Fwp%2Fv2%2Fmedia&parent=1"}],"wp:term":[{"taxonomy":"category","embeddable":true,"href":"https:\/\/fontenilles-vtt.fr\/wp\/index.php?rest_route=%2Fwp%2Fv2%2Fcategories&post=1"},{"taxonomy":"post_tag","embeddable":true,"href":"https:\/\/fontenilles-vtt.fr\/wp\/index.php?rest_route=%2Fwp%2Fv2%2Ftags&post=1"}],"curies":[{"name":"wp","href":"https:\/\/api.w.org\/{rel}","templated":true}]}}