{"id":1036,"date":"2011-06-27T11:15:13","date_gmt":"2011-06-27T09:15:13","guid":{"rendered":"http:\/\/fontenillesvtt.fr\/wp\/?p=1036"},"modified":"2011-06-27T22:37:49","modified_gmt":"2011-06-27T20:37:49","slug":"les-cotes-gasconnes-2011-cest-fini-a-nous-les-vacances","status":"publish","type":"post","link":"https:\/\/fontenilles-vtt.fr\/wp\/?p=1036","title":{"rendered":"Les C\u00f4tes Gasconnes 2011 c&rsquo;est fini, \u00e0 nous les vacances"},"content":{"rendered":"<p>Apr\u00e8s un long Week End \u00e9prouvant, nous pouvons orgueilleusement dire: Mission accomplie<\/p>\n<p>Des journ\u00e9es de d\u00e9broussaillage, un samedi de balisage, un dimanche de folie achev\u00e9 par un BBQ en fin de soir\u00e9e. Et le sentiment du devoir accompli.<\/p>\n<p>Merci \u00e0 tous les participants d&rsquo;\u00eatre venu \u00e0 cette f\u00eate.<\/p>\n<p>Merci \u00e0 tous les b\u00e9n\u00e9voles, les gens du club, leurs conjoints, enfants et amis, qui nous ont permis de r\u00e9ussir une belle organisation.<\/p>\n<p>Surtout un grand merci \u00e0 GG, notre Prez et au bureau pour leur travail de l&rsquo;ombre (organisation, achats, d\u00e9marches administratives, n\u00e9gociations, coups de gueule, pancardage&#8230;)<\/p>\n<p>N&rsquo;oublions pas \u00e9videmment nos sponsors.<\/p>\n<p>D&rsquo;ailleurs voici l&rsquo;image de la remise du Prix Jolly Cycles<\/p>\n<p><a href=\"https:\/\/i0.wp.com\/fontenillesvtt.fr\/wp\/wp-content\/uploads\/2011\/06\/CG2011-094.jpg\"><img data-recalc-dims=\"1\" loading=\"lazy\" decoding=\"async\" data-attachment-id=\"1041\" data-permalink=\"https:\/\/fontenilles-vtt.fr\/wp\/?attachment_id=1041\" data-orig-file=\"https:\/\/i0.wp.com\/fontenilles-vtt.fr\/wp\/wp-content\/uploads\/2011\/06\/CG2011-094.jpg?fit=4000%2C3000&amp;ssl=1\" data-orig-size=\"4000,3000\" data-comments-opened=\"1\" data-image-meta=\"{&quot;aperture&quot;:&quot;4&quot;,&quot;credit&quot;:&quot;&quot;,&quot;camera&quot;:&quot;DMC-FZ38&quot;,&quot;caption&quot;:&quot;&quot;,&quot;created_timestamp&quot;:&quot;1309111283&quot;,&quot;copyright&quot;:&quot;&quot;,&quot;focal_length&quot;:&quot;4.8&quot;,&quot;iso&quot;:&quot;80&quot;,&quot;shutter_speed&quot;:&quot;0.00625&quot;,&quot;title&quot;:&quot;&quot;}\" data-image-title=\"remise du troph\u00e9\" data-image-description=\"\" data-image-caption=\"\" data-medium-file=\"https:\/\/i0.wp.com\/fontenilles-vtt.fr\/wp\/wp-content\/uploads\/2011\/06\/CG2011-094.jpg?fit=300%2C225&amp;ssl=1\" data-large-file=\"https:\/\/i0.wp.com\/fontenilles-vtt.fr\/wp\/wp-content\/uploads\/2011\/06\/CG2011-094.jpg?fit=590%2C443&amp;ssl=1\" class=\"alignnone size-medium wp-image-1041\" title=\"remise du troph\u00e9\" src=\"https:\/\/i0.wp.com\/fontenillesvtt.fr\/wp\/wp-content\/uploads\/2011\/06\/CG2011-094-300x225.jpg?resize=300%2C225\" alt=\"\" width=\"300\" height=\"225\" srcset=\"https:\/\/i0.wp.com\/fontenilles-vtt.fr\/wp\/wp-content\/uploads\/2011\/06\/CG2011-094.jpg?resize=300%2C225&amp;ssl=1 300w, https:\/\/i0.wp.com\/fontenilles-vtt.fr\/wp\/wp-content\/uploads\/2011\/06\/CG2011-094.jpg?resize=1024%2C768&amp;ssl=1 1024w, https:\/\/i0.wp.com\/fontenilles-vtt.fr\/wp\/wp-content\/uploads\/2011\/06\/CG2011-094.jpg?w=1180&amp;ssl=1 1180w, https:\/\/i0.wp.com\/fontenilles-vtt.fr\/wp\/wp-content\/uploads\/2011\/06\/CG2011-094.jpg?w=1770&amp;ssl=1 1770w\" sizes=\"(max-width: 300px) 100vw, 300px\" \/><\/a><\/p>\n<p>Plus de d\u00e9tails sur cette fantastique journ\u00e9e sur la page <a href=\"http:\/\/fontenillesvtt.fr\/wp\/?page_id=1027\">http:\/\/fontenillesvtt.fr\/wp\/?page_id=1027<\/a>, et \u00e0 bient\u00f4t pour l&rsquo;\u00e9dition 2012.<\/p>\n","protected":false},"excerpt":{"rendered":"<p>Apr\u00e8s un long Week End \u00e9prouvant, nous pouvons orgueilleusement dire: Mission accomplie Des journ\u00e9es de d\u00e9broussaillage, un samedi de balisage, un dimanche de folie achev\u00e9 par un BBQ en fin&#8230; <\/p>\n<div class=\"read-more\"><a href=\"https:\/\/fontenilles-vtt.fr\/wp\/?p=1036\">Lire la suite<\/a><\/div>\n","protected":false},"author":1,"featured_media":0,"comment_status":"open","ping_status":"closed","sticky":false,"template":"","format":"standard","meta":{"om_disable_all_campaigns":false,"_monsterinsights_skip_tracking":false,"_monsterinsights_sitenote_active":false,"_monsterinsights_sitenote_note":"","_monsterinsights_sitenote_category":0,"ngg_post_thumbnail":0,"jetpack_post_was_ever_published":false,"_jetpack_newsletter_access":"","_jetpack_dont_email_post_to_subs":false,"_jetpack_newsletter_tier_id":0,"_jetpack_memberships_contains_paywalled_content":false,"_jetpack_memberships_contains_paid_content":false,"footnotes":"","jetpack_publicize_message":"","jetpack_publicize_feature_enabled":true,"jetpack_social_post_already_shared":false,"jetpack_social_options":{"image_generator_settings":{"template":"highway","enabled":false},"version":2}},"categories":[5],"tags":[43,44],"jetpack_publicize_connections":[],"aioseo_notices":[],"jetpack_featured_media_url":"","jetpack_sharing_enabled":true,"jetpack_shortlink":"https:\/\/wp.me\/p9SYmx-gI","jetpack-related-posts":[],"post_mailing_queue_ids":[],"_links":{"self":[{"href":"https:\/\/fontenilles-vtt.fr\/wp\/index.php?rest_route=\/wp\/v2\/posts\/1036"}],"collection":[{"href":"https:\/\/fontenilles-vtt.fr\/wp\/index.php?rest_route=\/wp\/v2\/posts"}],"about":[{"href":"https:\/\/fontenilles-vtt.fr\/wp\/index.php?rest_route=\/wp\/v2\/types\/post"}],"author":[{"embeddable":true,"href":"https:\/\/fontenilles-vtt.fr\/wp\/index.php?rest_route=\/wp\/v2\/users\/1"}],"replies":[{"embeddable":true,"href":"https:\/\/fontenilles-vtt.fr\/wp\/index.php?rest_route=%2Fwp%2Fv2%2Fcomments&post=1036"}],"version-history":[{"count":3,"href":"https:\/\/fontenilles-vtt.fr\/wp\/index.php?rest_route=\/wp\/v2\/posts\/1036\/revisions"}],"predecessor-version":[{"id":1043,"href":"https:\/\/fontenilles-vtt.fr\/wp\/index.php?rest_route=\/wp\/v2\/posts\/1036\/revisions\/1043"}],"wp:attachment":[{"href":"https:\/\/fontenilles-vtt.fr\/wp\/index.php?rest_route=%2Fwp%2Fv2%2Fmedia&parent=1036"}],"wp:term":[{"taxonomy":"category","embeddable":true,"href":"https:\/\/fontenilles-vtt.fr\/wp\/index.php?rest_route=%2Fwp%2Fv2%2Fcategories&post=1036"},{"taxonomy":"post_tag","embeddable":true,"href":"https:\/\/fontenilles-vtt.fr\/wp\/index.php?rest_route=%2Fwp%2Fv2%2Ftags&post=1036"}],"curies":[{"name":"wp","href":"https:\/\/api.w.org\/{rel}","templated":true}]}}