{"id":1048,"date":"2011-07-04T10:35:27","date_gmt":"2011-07-04T08:35:27","guid":{"rendered":"http:\/\/fontenillesvtt.fr\/wp\/?p=1048"},"modified":"2011-07-04T10:38:50","modified_gmt":"2011-07-04T08:38:50","slug":"et-cest-reparti-crsd-a-la-croix-falgarde","status":"publish","type":"post","link":"https:\/\/fontenilles-vtt.fr\/wp\/?p=1048","title":{"rendered":"Et c&rsquo;est reparti, CRSD \u00e0 la Croix Falgarde"},"content":{"rendered":"<p>Et oui, apr\u00e8s le Raid, le club repart de plus belle sur les chemins de VTT.<\/p>\n<p>Au programme ce WeekEnd, quelques \u00e9chapp\u00e9es vers Oust (Manu, on attend ton CR), et une sortie locale pour ne pas rater le repas du dimanche midi familial.<\/p>\n<p>6 cavaliers au rdv \u00e0 La Croix Falgarde: Fred, un copain Pierre, Philppe P, DDP, Guillaume Go et Lionel.<\/p>\n<p>D\u00e9part de bon matin, 8h30, pour une grimpette sur le tarmac afin de rejoindre les nombreux singles promis par Fred. Nous traversons plusieurs coteaux peupl\u00e9s de jolies maisons, et nous lan\u00e7ons sur les singles promis. Oups, le premier est rat\u00e9, pas grave, voici le second. Premi\u00e8re jolie gamelle de Guillaume qui plonge directement dans le foss\u00e9, sans d\u00e9gat apparent. La grimpette reprend, et l&rsquo;on s&rsquo;engage dans un long single o\u00f9 Lionel d\u00e9rape \u00e0 son tour, pas de mal l\u00e0 non plus, mais une belle glissade. S&rsquo;ensuivent descentes et mont\u00e9es cassantes jusqu&rsquo;au bord de l&rsquo;Ari\u00e8ge toujours tr\u00e8s ludique en cette saison.<\/p>\n<p>Le tour s&rsquo;ach\u00e8ve, avec 950m de d\u00e9nivel\u00e9 au GPS et plus de 41km au compteur.<\/p>\n<p>Belle balade les gars.<\/p>\n<div id=\"attachment_1049\" style=\"width: 310px\" class=\"wp-caption alignnone\"><a href=\"https:\/\/i0.wp.com\/fontenillesvtt.fr\/wp\/wp-content\/uploads\/2011\/07\/IMGP0106.jpg\"><img data-recalc-dims=\"1\" loading=\"lazy\" decoding=\"async\" aria-describedby=\"caption-attachment-1049\" data-attachment-id=\"1049\" data-permalink=\"https:\/\/fontenilles-vtt.fr\/wp\/?attachment_id=1049\" data-orig-file=\"https:\/\/i0.wp.com\/fontenilles-vtt.fr\/wp\/wp-content\/uploads\/2011\/07\/IMGP0106.jpg?fit=3092%2C2333&amp;ssl=1\" data-orig-size=\"3092,2333\" data-comments-opened=\"1\" data-image-meta=\"{&quot;aperture&quot;:&quot;4.2&quot;,&quot;credit&quot;:&quot;&quot;,&quot;camera&quot;:&quot;PENTAX Optio W60&quot;,&quot;caption&quot;:&quot;&quot;,&quot;created_timestamp&quot;:&quot;1220364771&quot;,&quot;copyright&quot;:&quot;&quot;,&quot;focal_length&quot;:&quot;5&quot;,&quot;iso&quot;:&quot;50&quot;,&quot;shutter_speed&quot;:&quot;0.0025&quot;,&quot;title&quot;:&quot;&quot;}\" data-image-title=\"belle brochette\" data-image-description=\"&lt;p&gt;Au fond, le mont Everest, jur\u00e9, c&amp;rsquo;est Fred qui l&amp;rsquo;a dit&lt;\/p&gt;\n\" data-image-caption=\"\" data-medium-file=\"https:\/\/i0.wp.com\/fontenilles-vtt.fr\/wp\/wp-content\/uploads\/2011\/07\/IMGP0106.jpg?fit=300%2C226&amp;ssl=1\" data-large-file=\"https:\/\/i0.wp.com\/fontenilles-vtt.fr\/wp\/wp-content\/uploads\/2011\/07\/IMGP0106.jpg?fit=590%2C446&amp;ssl=1\" class=\"size-medium wp-image-1049\" title=\"belle brochette\" src=\"https:\/\/i0.wp.com\/fontenillesvtt.fr\/wp\/wp-content\/uploads\/2011\/07\/IMGP0106-300x226.jpg?resize=300%2C226\" alt=\"\" width=\"300\" height=\"226\" srcset=\"https:\/\/i0.wp.com\/fontenilles-vtt.fr\/wp\/wp-content\/uploads\/2011\/07\/IMGP0106.jpg?resize=300%2C226&amp;ssl=1 300w, https:\/\/i0.wp.com\/fontenilles-vtt.fr\/wp\/wp-content\/uploads\/2011\/07\/IMGP0106.jpg?resize=1017%2C768&amp;ssl=1 1017w, https:\/\/i0.wp.com\/fontenilles-vtt.fr\/wp\/wp-content\/uploads\/2011\/07\/IMGP0106.jpg?w=1180&amp;ssl=1 1180w, https:\/\/i0.wp.com\/fontenilles-vtt.fr\/wp\/wp-content\/uploads\/2011\/07\/IMGP0106.jpg?w=1770&amp;ssl=1 1770w\" sizes=\"(max-width: 300px) 100vw, 300px\" \/><\/a><p id=\"caption-attachment-1049\" class=\"wp-caption-text\">Admirez au fond le Mont Everest, si si, c&#39;est Fred qui l&#39;a dit<\/p><\/div>\n<p><a href=\"https:\/\/i0.wp.com\/fontenillesvtt.fr\/wp\/wp-content\/uploads\/2011\/07\/croixFalgardeProfil.jpg\"><img data-recalc-dims=\"1\" loading=\"lazy\" decoding=\"async\" data-attachment-id=\"1050\" data-permalink=\"https:\/\/fontenilles-vtt.fr\/wp\/?attachment_id=1050\" data-orig-file=\"https:\/\/i0.wp.com\/fontenilles-vtt.fr\/wp\/wp-content\/uploads\/2011\/07\/croixFalgardeProfil.jpg?fit=1599%2C843&amp;ssl=1\" data-orig-size=\"1599,843\" data-comments-opened=\"1\" data-image-meta=\"{&quot;aperture&quot;:&quot;0&quot;,&quot;credit&quot;:&quot;&quot;,&quot;camera&quot;:&quot;&quot;,&quot;caption&quot;:&quot;&quot;,&quot;created_timestamp&quot;:&quot;0&quot;,&quot;copyright&quot;:&quot;&quot;,&quot;focal_length&quot;:&quot;0&quot;,&quot;iso&quot;:&quot;0&quot;,&quot;shutter_speed&quot;:&quot;0&quot;,&quot;title&quot;:&quot;&quot;}\" data-image-title=\"croixFalgardeProfil\" data-image-description=\"\" data-image-caption=\"\" data-medium-file=\"https:\/\/i0.wp.com\/fontenilles-vtt.fr\/wp\/wp-content\/uploads\/2011\/07\/croixFalgardeProfil.jpg?fit=300%2C158&amp;ssl=1\" data-large-file=\"https:\/\/i0.wp.com\/fontenilles-vtt.fr\/wp\/wp-content\/uploads\/2011\/07\/croixFalgardeProfil.jpg?fit=590%2C311&amp;ssl=1\" class=\"alignnone size-medium wp-image-1050\" title=\"croixFalgardeProfil\" src=\"https:\/\/i0.wp.com\/fontenillesvtt.fr\/wp\/wp-content\/uploads\/2011\/07\/croixFalgardeProfil-300x158.jpg?resize=300%2C158\" alt=\"\" width=\"300\" height=\"158\" srcset=\"https:\/\/i0.wp.com\/fontenilles-vtt.fr\/wp\/wp-content\/uploads\/2011\/07\/croixFalgardeProfil.jpg?resize=300%2C158&amp;ssl=1 300w, https:\/\/i0.wp.com\/fontenilles-vtt.fr\/wp\/wp-content\/uploads\/2011\/07\/croixFalgardeProfil.jpg?resize=1024%2C539&amp;ssl=1 1024w, https:\/\/i0.wp.com\/fontenilles-vtt.fr\/wp\/wp-content\/uploads\/2011\/07\/croixFalgardeProfil.jpg?w=1599&amp;ssl=1 1599w, https:\/\/i0.wp.com\/fontenilles-vtt.fr\/wp\/wp-content\/uploads\/2011\/07\/croixFalgardeProfil.jpg?w=1180&amp;ssl=1 1180w\" sizes=\"(max-width: 300px) 100vw, 300px\" \/><\/a><\/p>\n","protected":false},"excerpt":{"rendered":"<p>Et oui, apr\u00e8s le Raid, le club repart de plus belle sur les chemins de VTT. Au programme ce WeekEnd, quelques \u00e9chapp\u00e9es vers Oust (Manu, on attend ton CR), et&#8230; <\/p>\n<div class=\"read-more\"><a href=\"https:\/\/fontenilles-vtt.fr\/wp\/?p=1048\">Lire la suite<\/a><\/div>\n","protected":false},"author":1,"featured_media":0,"comment_status":"open","ping_status":"closed","sticky":false,"template":"","format":"standard","meta":{"om_disable_all_campaigns":false,"_monsterinsights_skip_tracking":false,"_monsterinsights_sitenote_active":false,"_monsterinsights_sitenote_note":"","_monsterinsights_sitenote_category":0,"ngg_post_thumbnail":0,"jetpack_post_was_ever_published":false,"_jetpack_newsletter_access":"","_jetpack_dont_email_post_to_subs":false,"_jetpack_newsletter_tier_id":0,"_jetpack_memberships_contains_paywalled_content":false,"_jetpack_memberships_contains_paid_content":false,"footnotes":"","jetpack_publicize_message":"","jetpack_publicize_feature_enabled":true,"jetpack_social_post_already_shared":false,"jetpack_social_options":{"image_generator_settings":{"template":"highway","enabled":false},"version":2}},"categories":[4,3],"tags":[],"jetpack_publicize_connections":[],"aioseo_notices":[],"jetpack_featured_media_url":"","jetpack_sharing_enabled":true,"jetpack_shortlink":"https:\/\/wp.me\/p9SYmx-gU","jetpack-related-posts":[],"post_mailing_queue_ids":[],"_links":{"self":[{"href":"https:\/\/fontenilles-vtt.fr\/wp\/index.php?rest_route=\/wp\/v2\/posts\/1048"}],"collection":[{"href":"https:\/\/fontenilles-vtt.fr\/wp\/index.php?rest_route=\/wp\/v2\/posts"}],"about":[{"href":"https:\/\/fontenilles-vtt.fr\/wp\/index.php?rest_route=\/wp\/v2\/types\/post"}],"author":[{"embeddable":true,"href":"https:\/\/fontenilles-vtt.fr\/wp\/index.php?rest_route=\/wp\/v2\/users\/1"}],"replies":[{"embeddable":true,"href":"https:\/\/fontenilles-vtt.fr\/wp\/index.php?rest_route=%2Fwp%2Fv2%2Fcomments&post=1048"}],"version-history":[{"count":3,"href":"https:\/\/fontenilles-vtt.fr\/wp\/index.php?rest_route=\/wp\/v2\/posts\/1048\/revisions"}],"predecessor-version":[{"id":1052,"href":"https:\/\/fontenilles-vtt.fr\/wp\/index.php?rest_route=\/wp\/v2\/posts\/1048\/revisions\/1052"}],"wp:attachment":[{"href":"https:\/\/fontenilles-vtt.fr\/wp\/index.php?rest_route=%2Fwp%2Fv2%2Fmedia&parent=1048"}],"wp:term":[{"taxonomy":"category","embeddable":true,"href":"https:\/\/fontenilles-vtt.fr\/wp\/index.php?rest_route=%2Fwp%2Fv2%2Fcategories&post=1048"},{"taxonomy":"post_tag","embeddable":true,"href":"https:\/\/fontenilles-vtt.fr\/wp\/index.php?rest_route=%2Fwp%2Fv2%2Ftags&post=1048"}],"curies":[{"name":"wp","href":"https:\/\/api.w.org\/{rel}","templated":true}]}}