{"id":1072,"date":"2011-08-22T17:21:43","date_gmt":"2011-08-22T15:21:43","guid":{"rendered":"http:\/\/fontenillesvtt.fr\/wp\/?p=1072"},"modified":"2011-09-02T21:53:35","modified_gmt":"2011-09-02T19:53:35","slug":"pic-de-bacanere-dur-tres-dur-meme-et-encore-plus-magnifique-que-dur","status":"publish","type":"post","link":"https:\/\/fontenilles-vtt.fr\/wp\/?p=1072","title":{"rendered":"Au pic de Bacan\u00e8re"},"content":{"rendered":"<div id=\"_mcePaste\">Ce dimanche, peu de monde pr\u00e9sent sur Toulouse, mais sortie en montagne quand m\u00eame pour Fontenilles VTT, avec l\u2019ascension du Pic de Bacan\u00e8re (2 193 m), un peu avant Luchon, sur la cr\u00eate fronti\u00e8re avec l\u2019Espagne, gravi par Sam et Fred. C&rsquo;\u00e9tait dur, tr\u00e8s dur m\u00eame. Et magnifique. Encore plus magnifique que dur.<\/div>\n<div><\/div>\n<div id=\"_mcePaste\"><strong>Altitude 60<\/strong><strong>0 m<\/strong> A 8<img decoding=\"async\" src=\"file:\/\/\/E:\/GPS\/sorties%20club\/P8211662comp.jpg\" alt=\"\" \/>h00, la voiture est gar\u00e9e quelques kilom\u00e8tres avant Luchon. L\u2019ascension commence, raide mais r\u00e9guli\u00e8re, d\u2019abord sur une petite route puis sur une piste foresti\u00e8re.<\/div>\n<div id=\"_mcePaste\"><strong>Altitude 1400 m<\/strong>. \u00a0Voila d\u00e9j\u00e0 une heure que le duo monte. Il en reste autant ! Sam \u00a0s\u2019arr\u00eate de temps en temps pour attendre Fred. \u00a0Une premi\u00e8re bergerie est atteinte. Fini la for\u00eat, voici les alpages. Heureusement l\u2019ascension s\u2019effectue sur le versant ouest, \u00e0 l\u2019ombre \u00e0 cette heure-l\u00e0. La temp\u00e9rature reste agr\u00e9able. \u00a0Au milieu des alpages, une piste herb\u00e9e s\u2019\u00e9l\u00e8ve jusqu\u2019\u00e0 se perdre dans la montagne. Nous l\u2019attaquons, apr\u00e8s avoir travers\u00e9 un troupeau de chevaux.<\/div>\n<div id=\"_mcePaste\"><strong>Altitude 1800 m<\/strong>. \u00a0Un refuge ! Ouf, un peu d\u2019eau ! \u00a0Les bidons sont quasi vides. \u00a0Un couple de VTTistes est \u00e9galement l\u00e0, pr\u00eat \u00e0 s\u2019\u00e9lancer dans la derni\u00e8re partie de la mont\u00e9e. A moiti\u00e9 cach\u00e9 par l\u2019herbe, un sentier quitte le refuge. La pente est de plus en plus raide, le sentier de moins en moins net.<\/div>\n<div id=\"_mcePaste\"><strong>Altitude 2000 m<\/strong>. Il faut abandonner tout espoir de remonter sur le v\u00e9lo avant le sommet. Alors on pousse dans les herbages. Un col est atteint : la fronti\u00e8re, le GR 10 \u00a0et sur la droite le pic de Bacan\u00e8re, vaste d\u00f4me herbeux.<\/div>\n<div style=\"text-align: center;\"><a href=\"https:\/\/i0.wp.com\/fontenillesvtt.fr\/wp\/wp-content\/uploads\/2011\/08\/P8211663comp.jpg\"><img data-recalc-dims=\"1\" loading=\"lazy\" decoding=\"async\" data-attachment-id=\"1088\" data-permalink=\"https:\/\/fontenilles-vtt.fr\/wp\/?attachment_id=1088\" data-orig-file=\"https:\/\/i0.wp.com\/fontenilles-vtt.fr\/wp\/wp-content\/uploads\/2011\/08\/P8211663comp.jpg?fit=1024%2C768&amp;ssl=1\" data-orig-size=\"1024,768\" data-comments-opened=\"1\" data-image-meta=\"{&quot;aperture&quot;:&quot;0&quot;,&quot;credit&quot;:&quot;&quot;,&quot;camera&quot;:&quot;&quot;,&quot;caption&quot;:&quot;&quot;,&quot;created_timestamp&quot;:&quot;0&quot;,&quot;copyright&quot;:&quot;&quot;,&quot;focal_length&quot;:&quot;0&quot;,&quot;iso&quot;:&quot;0&quot;,&quot;shutter_speed&quot;:&quot;0&quot;,&quot;title&quot;:&quot;&quot;}\" data-image-title=\"Le col, le d\u00e9but de la fin !\" data-image-description=\"\" data-image-caption=\"\" data-medium-file=\"https:\/\/i0.wp.com\/fontenilles-vtt.fr\/wp\/wp-content\/uploads\/2011\/08\/P8211663comp.jpg?fit=300%2C225&amp;ssl=1\" data-large-file=\"https:\/\/i0.wp.com\/fontenilles-vtt.fr\/wp\/wp-content\/uploads\/2011\/08\/P8211663comp.jpg?fit=590%2C443&amp;ssl=1\" class=\"alignnone size-medium wp-image-1088\" title=\"Le col, le d\u00e9but de la fin !\" src=\"https:\/\/i0.wp.com\/fontenillesvtt.fr\/wp\/wp-content\/uploads\/2011\/08\/P8211663comp-300x225.jpg?resize=300%2C225\" alt=\"\" width=\"300\" height=\"225\" srcset=\"https:\/\/i0.wp.com\/fontenilles-vtt.fr\/wp\/wp-content\/uploads\/2011\/08\/P8211663comp.jpg?resize=300%2C225&amp;ssl=1 300w, https:\/\/i0.wp.com\/fontenilles-vtt.fr\/wp\/wp-content\/uploads\/2011\/08\/P8211663comp.jpg?w=1024&amp;ssl=1 1024w\" sizes=\"(max-width: 300px) 100vw, 300px\" \/><\/a><\/div>\n<div>Sam pend son v\u00e9lo sur le dos et s\u2019envole vers le sommet. \u00a0Fred est \u00e9puis\u00e9. Tous les dix m\u00e8tres, il faut s\u2019arr\u00eater, r\u00e9cup\u00e9rer un peu et repartir. Entre Sam et Fred, \u00a0le couple de VTTistes rencontr\u00e9s au refuge gal\u00e8re aussi<\/div>\n<div style=\"text-align: center;\"><a href=\"https:\/\/i0.wp.com\/fontenillesvtt.fr\/wp\/wp-content\/uploads\/2011\/08\/P8211662comp1.jpg\"><img data-recalc-dims=\"1\" loading=\"lazy\" decoding=\"async\" data-attachment-id=\"1086\" data-permalink=\"https:\/\/fontenilles-vtt.fr\/wp\/?attachment_id=1086\" data-orig-file=\"https:\/\/i0.wp.com\/fontenilles-vtt.fr\/wp\/wp-content\/uploads\/2011\/08\/P8211662comp1.jpg?fit=1024%2C768&amp;ssl=1\" data-orig-size=\"1024,768\" data-comments-opened=\"1\" data-image-meta=\"{&quot;aperture&quot;:&quot;0&quot;,&quot;credit&quot;:&quot;&quot;,&quot;camera&quot;:&quot;&quot;,&quot;caption&quot;:&quot;&quot;,&quot;created_timestamp&quot;:&quot;0&quot;,&quot;copyright&quot;:&quot;&quot;,&quot;focal_length&quot;:&quot;0&quot;,&quot;iso&quot;:&quot;0&quot;,&quot;shutter_speed&quot;:&quot;0&quot;,&quot;title&quot;:&quot;&quot;}\" data-image-title=\"Sam au pied de la derni\u00e8re grimp\u00e9e\" data-image-description=\"\" data-image-caption=\"\" data-medium-file=\"https:\/\/i0.wp.com\/fontenilles-vtt.fr\/wp\/wp-content\/uploads\/2011\/08\/P8211662comp1.jpg?fit=300%2C225&amp;ssl=1\" data-large-file=\"https:\/\/i0.wp.com\/fontenilles-vtt.fr\/wp\/wp-content\/uploads\/2011\/08\/P8211662comp1.jpg?fit=590%2C443&amp;ssl=1\" class=\"alignnone size-medium wp-image-1086\" title=\"Sam au pied de la derni\u00e8re grimp\u00e9e\" src=\"https:\/\/i0.wp.com\/fontenillesvtt.fr\/wp\/wp-content\/uploads\/2011\/08\/P8211662comp1-300x225.jpg?resize=300%2C225\" alt=\"\" width=\"300\" height=\"225\" srcset=\"https:\/\/i0.wp.com\/fontenilles-vtt.fr\/wp\/wp-content\/uploads\/2011\/08\/P8211662comp1.jpg?resize=300%2C225&amp;ssl=1 300w, https:\/\/i0.wp.com\/fontenilles-vtt.fr\/wp\/wp-content\/uploads\/2011\/08\/P8211662comp1.jpg?w=1024&amp;ssl=1 1024w\" sizes=\"(max-width: 300px) 100vw, 300px\" \/><\/a><\/div>\n<div id=\"_mcePaste\"><strong>Altitude 2193 m<\/strong>. \u00a0Enfin c\u2019est l\u2019arriv\u00e9e pour tous. F\u00e9licitations \u00e0 Marie pour l\u2019exploit !<\/div>\n<div style=\"text-align: center;\"><a href=\"https:\/\/i0.wp.com\/fontenillesvtt.fr\/wp\/wp-content\/uploads\/2011\/08\/P8211670comp.jpg\"><img data-recalc-dims=\"1\" loading=\"lazy\" decoding=\"async\" data-attachment-id=\"1087\" data-permalink=\"https:\/\/fontenilles-vtt.fr\/wp\/?attachment_id=1087\" data-orig-file=\"https:\/\/i0.wp.com\/fontenilles-vtt.fr\/wp\/wp-content\/uploads\/2011\/08\/P8211670comp.jpg?fit=1024%2C768&amp;ssl=1\" data-orig-size=\"1024,768\" data-comments-opened=\"1\" data-image-meta=\"{&quot;aperture&quot;:&quot;0&quot;,&quot;credit&quot;:&quot;&quot;,&quot;camera&quot;:&quot;&quot;,&quot;caption&quot;:&quot;&quot;,&quot;created_timestamp&quot;:&quot;0&quot;,&quot;copyright&quot;:&quot;&quot;,&quot;focal_length&quot;:&quot;0&quot;,&quot;iso&quot;:&quot;0&quot;,&quot;shutter_speed&quot;:&quot;0&quot;,&quot;title&quot;:&quot;&quot;}\" data-image-title=\"Le sommet enfin !\" data-image-description=\"\" data-image-caption=\"\" data-medium-file=\"https:\/\/i0.wp.com\/fontenilles-vtt.fr\/wp\/wp-content\/uploads\/2011\/08\/P8211670comp.jpg?fit=300%2C225&amp;ssl=1\" data-large-file=\"https:\/\/i0.wp.com\/fontenilles-vtt.fr\/wp\/wp-content\/uploads\/2011\/08\/P8211670comp.jpg?fit=590%2C443&amp;ssl=1\" class=\"alignnone size-medium wp-image-1087\" title=\"Le sommet enfin !\" src=\"https:\/\/i0.wp.com\/fontenillesvtt.fr\/wp\/wp-content\/uploads\/2011\/08\/P8211670comp-300x225.jpg?resize=300%2C225\" alt=\"\" width=\"300\" height=\"225\" srcset=\"https:\/\/i0.wp.com\/fontenilles-vtt.fr\/wp\/wp-content\/uploads\/2011\/08\/P8211670comp.jpg?resize=300%2C225&amp;ssl=1 300w, https:\/\/i0.wp.com\/fontenilles-vtt.fr\/wp\/wp-content\/uploads\/2011\/08\/P8211670comp.jpg?w=1024&amp;ssl=1 1024w\" sizes=\"(max-width: 300px) 100vw, 300px\" \/><\/a><\/div>\n<div><\/div>\n<div>La vue se d\u00e9couvre d\u2019un seul coup, sublime. \u00a0Face \u00e0 nous le massif de la Maladetta et ses glaciers. Sur la gauche, la vall\u00e9e de la Garonne dans sa partie espagnole, avec en arri\u00e8re plan \u00a0les Pyr\u00e9n\u00e9es Catalanes. Sur la droite, le N\u00e9ouvielle, le Vignemale et le Pic du Midi. Enfin derri\u00e8re nous, la plaine. Il aura fallu pr\u00e8s \u00a0de trois heures et quinze kilom\u00e8tres pour atteindre le sommet. Les vautours se rassemblent de plus en plus nombreux, planent \u00e0 quelques m\u00e8tres du sommet et regardent Fred d\u2019un dr\u00f4le d\u2019\u0153il. Ils ont faim, c\u2019est s\u00fbr. Il est temps de repartir.<\/div>\n<div id=\"_mcePaste\">La descente peut d\u00e9buter sur les cr\u00eates, ludique pour Sam, contemplative pour Fred, puis s\u2019enchainer sur le GR 10 jusqu\u2019au village d\u2019Artigue et enfin la vall\u00e9e.<\/div>\n<div style=\"text-align: center;\"><a href=\"https:\/\/i0.wp.com\/fontenillesvtt.fr\/wp\/wp-content\/uploads\/2011\/08\/P8211700comp.jpg\"><img data-recalc-dims=\"1\" loading=\"lazy\" decoding=\"async\" data-attachment-id=\"1089\" data-permalink=\"https:\/\/fontenilles-vtt.fr\/wp\/?attachment_id=1089\" data-orig-file=\"https:\/\/i0.wp.com\/fontenilles-vtt.fr\/wp\/wp-content\/uploads\/2011\/08\/P8211700comp.jpg?fit=1024%2C768&amp;ssl=1\" data-orig-size=\"1024,768\" data-comments-opened=\"1\" data-image-meta=\"{&quot;aperture&quot;:&quot;0&quot;,&quot;credit&quot;:&quot;&quot;,&quot;camera&quot;:&quot;&quot;,&quot;caption&quot;:&quot;&quot;,&quot;created_timestamp&quot;:&quot;0&quot;,&quot;copyright&quot;:&quot;&quot;,&quot;focal_length&quot;:&quot;0&quot;,&quot;iso&quot;:&quot;0&quot;,&quot;shutter_speed&quot;:&quot;0&quot;,&quot;title&quot;:&quot;&quot;}\" data-image-title=\"Bon, \u00e7a valait la peine !\" data-image-description=\"\" data-image-caption=\"\" data-medium-file=\"https:\/\/i0.wp.com\/fontenilles-vtt.fr\/wp\/wp-content\/uploads\/2011\/08\/P8211700comp.jpg?fit=300%2C225&amp;ssl=1\" data-large-file=\"https:\/\/i0.wp.com\/fontenilles-vtt.fr\/wp\/wp-content\/uploads\/2011\/08\/P8211700comp.jpg?fit=590%2C443&amp;ssl=1\" class=\"alignnone size-medium wp-image-1089\" title=\"Bon, \u00e7a valait la peine !\" src=\"https:\/\/i0.wp.com\/fontenillesvtt.fr\/wp\/wp-content\/uploads\/2011\/08\/P8211700comp-300x225.jpg?resize=300%2C225\" alt=\"\" width=\"300\" height=\"225\" srcset=\"https:\/\/i0.wp.com\/fontenilles-vtt.fr\/wp\/wp-content\/uploads\/2011\/08\/P8211700comp.jpg?resize=300%2C225&amp;ssl=1 300w, https:\/\/i0.wp.com\/fontenilles-vtt.fr\/wp\/wp-content\/uploads\/2011\/08\/P8211700comp.jpg?w=1024&amp;ssl=1 1024w\" sizes=\"(max-width: 300px) 100vw, 300px\" \/><\/a><\/div>\n<div id=\"_mcePaste\">Une superbe rando en montagne !<\/div>\n<div>Les magnifiques photos prises par nos compagnons de randonn\u00e9e sont accessibles par ce lien\u00a0<a href=\"http:\/\/www.plani-cycles.fr\/diaporama.php?idCr=1095&amp;origDiapo=0\">http:\/\/www.plani-cycles.fr\/diaporama.php?idCr=1095&amp;origDiapo=0<\/a><\/div>\n","protected":false},"excerpt":{"rendered":"<p>Ce dimanche, peu de monde pr\u00e9sent sur Toulouse, mais sortie en montagne quand m\u00eame pour Fontenilles VTT, avec l\u2019ascension du Pic de Bacan\u00e8re (2 193 m), un peu avant Luchon,&#8230; <\/p>\n<div class=\"read-more\"><a href=\"https:\/\/fontenilles-vtt.fr\/wp\/?p=1072\">Lire la suite<\/a><\/div>\n","protected":false},"author":1,"featured_media":0,"comment_status":"open","ping_status":"closed","sticky":false,"template":"","format":"standard","meta":{"om_disable_all_campaigns":false,"_monsterinsights_skip_tracking":false,"_monsterinsights_sitenote_active":false,"_monsterinsights_sitenote_note":"","_monsterinsights_sitenote_category":0,"ngg_post_thumbnail":0,"jetpack_post_was_ever_published":false,"_jetpack_newsletter_access":"","_jetpack_dont_email_post_to_subs":false,"_jetpack_newsletter_tier_id":0,"_jetpack_memberships_contains_paywalled_content":false,"_jetpack_memberships_contains_paid_content":false,"footnotes":"","jetpack_publicize_message":"","jetpack_publicize_feature_enabled":true,"jetpack_social_post_already_shared":false,"jetpack_social_options":{"image_generator_settings":{"template":"highway","enabled":false},"version":2}},"categories":[4],"tags":[],"jetpack_publicize_connections":[],"aioseo_notices":[],"jetpack_featured_media_url":"","jetpack_sharing_enabled":true,"jetpack_shortlink":"https:\/\/wp.me\/p9SYmx-hi","jetpack-related-posts":[],"post_mailing_queue_ids":[],"_links":{"self":[{"href":"https:\/\/fontenilles-vtt.fr\/wp\/index.php?rest_route=\/wp\/v2\/posts\/1072"}],"collection":[{"href":"https:\/\/fontenilles-vtt.fr\/wp\/index.php?rest_route=\/wp\/v2\/posts"}],"about":[{"href":"https:\/\/fontenilles-vtt.fr\/wp\/index.php?rest_route=\/wp\/v2\/types\/post"}],"author":[{"embeddable":true,"href":"https:\/\/fontenilles-vtt.fr\/wp\/index.php?rest_route=\/wp\/v2\/users\/1"}],"replies":[{"embeddable":true,"href":"https:\/\/fontenilles-vtt.fr\/wp\/index.php?rest_route=%2Fwp%2Fv2%2Fcomments&post=1072"}],"version-history":[{"count":9,"href":"https:\/\/fontenilles-vtt.fr\/wp\/index.php?rest_route=\/wp\/v2\/posts\/1072\/revisions"}],"predecessor-version":[{"id":1074,"href":"https:\/\/fontenilles-vtt.fr\/wp\/index.php?rest_route=\/wp\/v2\/posts\/1072\/revisions\/1074"}],"wp:attachment":[{"href":"https:\/\/fontenilles-vtt.fr\/wp\/index.php?rest_route=%2Fwp%2Fv2%2Fmedia&parent=1072"}],"wp:term":[{"taxonomy":"category","embeddable":true,"href":"https:\/\/fontenilles-vtt.fr\/wp\/index.php?rest_route=%2Fwp%2Fv2%2Fcategories&post=1072"},{"taxonomy":"post_tag","embeddable":true,"href":"https:\/\/fontenilles-vtt.fr\/wp\/index.php?rest_route=%2Fwp%2Fv2%2Ftags&post=1072"}],"curies":[{"name":"wp","href":"https:\/\/api.w.org\/{rel}","templated":true}]}}