{"id":1081,"date":"2011-08-30T16:37:11","date_gmt":"2011-08-30T14:37:11","guid":{"rendered":"http:\/\/fontenillesvtt.fr\/wp\/?p=1081"},"modified":"2011-09-11T17:03:12","modified_gmt":"2011-09-11T15:03:12","slug":"un-peu-plus-pres-des-etoiles-le-pic-de-lestelas","status":"publish","type":"post","link":"https:\/\/fontenilles-vtt.fr\/wp\/?p=1081","title":{"rendered":"Un peu plus pr\u00e8s des \u00e9toiles : le pic de l&rsquo;Estelas"},"content":{"rendered":"<p>A une semaine de la Transpy, une sortie dans le pi\u00e9mont pyr\u00e9n\u00e9en \u00e9tait id\u00e9ale pour \u00e9valuer sa forme et entrainer son organisme aux pentes longues et soutenues.<\/p>\n<p>Le pic de l&rsquo;Estelas ( 1 247 m ) qui domine Saint Girons \u00e9tait l\u2019objectif de la sortie. D\u00e9part de Prat Bonrepaux ( alt 330 m ) pour Pascal, Manu, Christophe, Guillaume Ga et Fred.<br \/>\nNous partons sur une boucle VTT de l\u2019espace Couserans Volvestre.\u00a0Un single dans les buis, un sanglier d\u00e9busqu\u00e9 par Pascal, quelques c\u00f4tes bien raides plus loin et nous atteignons Caumont aux portes de Saint Girons, puis Montgauch. L\u00e0 nous laissons la boucle VTT et nous\u00a0entamons la piste foresti\u00e8re qui monte vers le pic, 700 m de D+ en une traite nous attendent. Le terrain est bon, la pente dans l\u2019ensemble pas trop raide. Manu et Guillaume ouvrent la marche. Fred et Christophe essaient de s\u2019accrocher derri\u00e8re. Pascal manque d\u2019entrainement et malgr\u00e9 ses nouvelles roues, est dans le rouge \u00e0 partir de la mi-pente. Apr\u00e8s une heure et demie d\u2019ascension, le sommet de la piste est atteint. Le panorama est magnifique, sur le Mont Vallier et les autres sommets du Couserans.<\/p>\n<p><a href=\"https:\/\/i0.wp.com\/fontenillesvtt.fr\/wp\/wp-content\/uploads\/2011\/08\/IMG_0300.jpg\"><img data-recalc-dims=\"1\" loading=\"lazy\" decoding=\"async\" data-attachment-id=\"1103\" data-permalink=\"https:\/\/fontenilles-vtt.fr\/wp\/?attachment_id=1103\" data-orig-file=\"https:\/\/i0.wp.com\/fontenilles-vtt.fr\/wp\/wp-content\/uploads\/2011\/08\/IMG_0300.jpg?fit=1024%2C768&amp;ssl=1\" data-orig-size=\"1024,768\" data-comments-opened=\"1\" data-image-meta=\"{&quot;aperture&quot;:&quot;0&quot;,&quot;credit&quot;:&quot;&quot;,&quot;camera&quot;:&quot;&quot;,&quot;caption&quot;:&quot;&quot;,&quot;created_timestamp&quot;:&quot;0&quot;,&quot;copyright&quot;:&quot;&quot;,&quot;focal_length&quot;:&quot;0&quot;,&quot;iso&quot;:&quot;0&quot;,&quot;shutter_speed&quot;:&quot;0&quot;,&quot;title&quot;:&quot;&quot;}\" data-image-title=\"IMG_0300\" data-image-description=\"\" data-image-caption=\"\" data-medium-file=\"https:\/\/i0.wp.com\/fontenilles-vtt.fr\/wp\/wp-content\/uploads\/2011\/08\/IMG_0300.jpg?fit=300%2C225&amp;ssl=1\" data-large-file=\"https:\/\/i0.wp.com\/fontenilles-vtt.fr\/wp\/wp-content\/uploads\/2011\/08\/IMG_0300.jpg?fit=590%2C443&amp;ssl=1\" class=\"alignnone size-medium wp-image-1103\" title=\"IMG_0300\" src=\"https:\/\/i0.wp.com\/fontenillesvtt.fr\/wp\/wp-content\/uploads\/2011\/08\/IMG_0300-300x225.jpg?resize=300%2C225\" alt=\"\" width=\"300\" height=\"225\" srcset=\"https:\/\/i0.wp.com\/fontenilles-vtt.fr\/wp\/wp-content\/uploads\/2011\/08\/IMG_0300.jpg?resize=300%2C225&amp;ssl=1 300w, https:\/\/i0.wp.com\/fontenilles-vtt.fr\/wp\/wp-content\/uploads\/2011\/08\/IMG_0300.jpg?w=1024&amp;ssl=1 1024w\" sizes=\"(max-width: 300px) 100vw, 300px\" \/><\/a> <a href=\"https:\/\/i0.wp.com\/fontenillesvtt.fr\/wp\/wp-content\/uploads\/2011\/08\/IMG_0297.jpg\"><img data-recalc-dims=\"1\" loading=\"lazy\" decoding=\"async\" data-attachment-id=\"1104\" data-permalink=\"https:\/\/fontenilles-vtt.fr\/wp\/?attachment_id=1104\" data-orig-file=\"https:\/\/i0.wp.com\/fontenilles-vtt.fr\/wp\/wp-content\/uploads\/2011\/08\/IMG_0297.jpg?fit=1024%2C768&amp;ssl=1\" data-orig-size=\"1024,768\" data-comments-opened=\"1\" data-image-meta=\"{&quot;aperture&quot;:&quot;0&quot;,&quot;credit&quot;:&quot;&quot;,&quot;camera&quot;:&quot;&quot;,&quot;caption&quot;:&quot;&quot;,&quot;created_timestamp&quot;:&quot;0&quot;,&quot;copyright&quot;:&quot;&quot;,&quot;focal_length&quot;:&quot;0&quot;,&quot;iso&quot;:&quot;0&quot;,&quot;shutter_speed&quot;:&quot;0&quot;,&quot;title&quot;:&quot;&quot;}\" data-image-title=\"IMG_0297\" data-image-description=\"\" data-image-caption=\"\" data-medium-file=\"https:\/\/i0.wp.com\/fontenilles-vtt.fr\/wp\/wp-content\/uploads\/2011\/08\/IMG_0297.jpg?fit=300%2C225&amp;ssl=1\" data-large-file=\"https:\/\/i0.wp.com\/fontenilles-vtt.fr\/wp\/wp-content\/uploads\/2011\/08\/IMG_0297.jpg?fit=590%2C443&amp;ssl=1\" class=\"alignnone size-medium wp-image-1104\" title=\"IMG_0297\" src=\"https:\/\/i0.wp.com\/fontenillesvtt.fr\/wp\/wp-content\/uploads\/2011\/08\/IMG_0297-300x225.jpg?resize=300%2C225\" alt=\"\" width=\"300\" height=\"225\" srcset=\"https:\/\/i0.wp.com\/fontenilles-vtt.fr\/wp\/wp-content\/uploads\/2011\/08\/IMG_0297.jpg?resize=300%2C225&amp;ssl=1 300w, https:\/\/i0.wp.com\/fontenilles-vtt.fr\/wp\/wp-content\/uploads\/2011\/08\/IMG_0297.jpg?w=1024&amp;ssl=1 1024w\" sizes=\"(max-width: 300px) 100vw, 300px\" \/><\/a> <a href=\"https:\/\/i0.wp.com\/fontenillesvtt.fr\/wp\/wp-content\/uploads\/2011\/08\/IMG_03001.jpg\"><img data-recalc-dims=\"1\" loading=\"lazy\" decoding=\"async\" data-attachment-id=\"1106\" data-permalink=\"https:\/\/fontenilles-vtt.fr\/wp\/?attachment_id=1106\" data-orig-file=\"https:\/\/i0.wp.com\/fontenilles-vtt.fr\/wp\/wp-content\/uploads\/2011\/08\/IMG_03001.jpg?fit=1024%2C768&amp;ssl=1\" data-orig-size=\"1024,768\" data-comments-opened=\"1\" data-image-meta=\"{&quot;aperture&quot;:&quot;0&quot;,&quot;credit&quot;:&quot;&quot;,&quot;camera&quot;:&quot;&quot;,&quot;caption&quot;:&quot;&quot;,&quot;created_timestamp&quot;:&quot;0&quot;,&quot;copyright&quot;:&quot;&quot;,&quot;focal_length&quot;:&quot;0&quot;,&quot;iso&quot;:&quot;0&quot;,&quot;shutter_speed&quot;:&quot;0&quot;,&quot;title&quot;:&quot;&quot;}\" data-image-title=\"IMG_0300\" data-image-description=\"\" data-image-caption=\"\" data-medium-file=\"https:\/\/i0.wp.com\/fontenilles-vtt.fr\/wp\/wp-content\/uploads\/2011\/08\/IMG_03001.jpg?fit=300%2C225&amp;ssl=1\" data-large-file=\"https:\/\/i0.wp.com\/fontenilles-vtt.fr\/wp\/wp-content\/uploads\/2011\/08\/IMG_03001.jpg?fit=590%2C443&amp;ssl=1\" class=\"alignnone size-medium wp-image-1106\" title=\"IMG_0300\" src=\"https:\/\/i0.wp.com\/fontenillesvtt.fr\/wp\/wp-content\/uploads\/2011\/08\/IMG_03001-300x225.jpg?resize=300%2C225\" alt=\"\" width=\"300\" height=\"225\" srcset=\"https:\/\/i0.wp.com\/fontenilles-vtt.fr\/wp\/wp-content\/uploads\/2011\/08\/IMG_03001.jpg?resize=300%2C225&amp;ssl=1 300w, https:\/\/i0.wp.com\/fontenilles-vtt.fr\/wp\/wp-content\/uploads\/2011\/08\/IMG_03001.jpg?w=1024&amp;ssl=1 1024w\" sizes=\"(max-width: 300px) 100vw, 300px\" \/><\/a><\/p>\n<p><a href=\"http:\/\/fontenillesvtt.fr\/wp\/wp-content\/uploads\/2011\/08\/IMG_0300.jpg\"><\/a>Dans la descente qui suit, les crevaisons s\u2019enchainent : Pascal, puis Christophe, puis \u00e0 nouveau Pascal (sa chambre de rechange aux rustines bien visibles \u00e9tait elle vraiment \u00e9tanche ? Les avis sont partag\u00e9s) et enfin Guillaume. Au milieu de la descente nous rejoignons une seconde boucle de VTT. Globalement la descente est facile, sur pistes, hormis un petit kilom\u00e8tre sur un single empierr\u00e9 o\u00f9 Fred mord la poussi\u00e8re. Finalement les deux boucles noires de l\u2019espace VTT que nous empruntons sont bien d\u00e9cevantes et ne pr\u00e9sentent gu\u00e8re de difficult\u00e9s. Celles du Volvestre \u00e9taient plus agr\u00e9ables. Heureusement que nous avions l\u2019ascension au pic !<br \/>\nApr\u00e8s 47 km et 1400 m de d\u00e9nivel\u00e9, c\u2019est l\u2019heure des bilans pour le club des cinq. 55 km ou 40 km \u00e0 la Transpy dimanche prochain ? \u00a0Affaire \u00e0 suivre \u2026<\/p>\n","protected":false},"excerpt":{"rendered":"<p>A une semaine de la Transpy, une sortie dans le pi\u00e9mont pyr\u00e9n\u00e9en \u00e9tait id\u00e9ale pour \u00e9valuer sa forme et entrainer son organisme aux pentes longues et soutenues. Le pic de&#8230; <\/p>\n<div class=\"read-more\"><a href=\"https:\/\/fontenilles-vtt.fr\/wp\/?p=1081\">Lire la suite<\/a><\/div>\n","protected":false},"author":1,"featured_media":0,"comment_status":"open","ping_status":"closed","sticky":false,"template":"","format":"standard","meta":{"om_disable_all_campaigns":false,"_monsterinsights_skip_tracking":false,"_monsterinsights_sitenote_active":false,"_monsterinsights_sitenote_note":"","_monsterinsights_sitenote_category":0,"ngg_post_thumbnail":0,"jetpack_post_was_ever_published":false,"_jetpack_newsletter_access":"","_jetpack_dont_email_post_to_subs":false,"_jetpack_newsletter_tier_id":0,"_jetpack_memberships_contains_paywalled_content":false,"_jetpack_memberships_contains_paid_content":false,"footnotes":"","jetpack_publicize_message":"","jetpack_publicize_feature_enabled":true,"jetpack_social_post_already_shared":false,"jetpack_social_options":{"image_generator_settings":{"template":"highway","enabled":false},"version":2}},"categories":[4],"tags":[],"jetpack_publicize_connections":[],"aioseo_notices":[],"jetpack_featured_media_url":"","jetpack_sharing_enabled":true,"jetpack_shortlink":"https:\/\/wp.me\/p9SYmx-hr","jetpack-related-posts":[],"post_mailing_queue_ids":[],"_links":{"self":[{"href":"https:\/\/fontenilles-vtt.fr\/wp\/index.php?rest_route=\/wp\/v2\/posts\/1081"}],"collection":[{"href":"https:\/\/fontenilles-vtt.fr\/wp\/index.php?rest_route=\/wp\/v2\/posts"}],"about":[{"href":"https:\/\/fontenilles-vtt.fr\/wp\/index.php?rest_route=\/wp\/v2\/types\/post"}],"author":[{"embeddable":true,"href":"https:\/\/fontenilles-vtt.fr\/wp\/index.php?rest_route=\/wp\/v2\/users\/1"}],"replies":[{"embeddable":true,"href":"https:\/\/fontenilles-vtt.fr\/wp\/index.php?rest_route=%2Fwp%2Fv2%2Fcomments&post=1081"}],"version-history":[{"count":5,"href":"https:\/\/fontenilles-vtt.fr\/wp\/index.php?rest_route=\/wp\/v2\/posts\/1081\/revisions"}],"predecessor-version":[{"id":1084,"href":"https:\/\/fontenilles-vtt.fr\/wp\/index.php?rest_route=\/wp\/v2\/posts\/1081\/revisions\/1084"}],"wp:attachment":[{"href":"https:\/\/fontenilles-vtt.fr\/wp\/index.php?rest_route=%2Fwp%2Fv2%2Fmedia&parent=1081"}],"wp:term":[{"taxonomy":"category","embeddable":true,"href":"https:\/\/fontenilles-vtt.fr\/wp\/index.php?rest_route=%2Fwp%2Fv2%2Fcategories&post=1081"},{"taxonomy":"post_tag","embeddable":true,"href":"https:\/\/fontenilles-vtt.fr\/wp\/index.php?rest_route=%2Fwp%2Fv2%2Ftags&post=1081"}],"curies":[{"name":"wp","href":"https:\/\/api.w.org\/{rel}","templated":true}]}}