{"id":1091,"date":"2011-08-29T12:12:50","date_gmt":"2011-08-29T10:12:50","guid":{"rendered":"http:\/\/fontenillesvtt.fr\/wp\/?p=1091"},"modified":"2011-09-11T16:55:25","modified_gmt":"2011-09-11T14:55:25","slug":"samedi-27-aout-en-preparation","status":"publish","type":"post","link":"https:\/\/fontenilles-vtt.fr\/wp\/?p=1091","title":{"rendered":"Samedi 27 ao\u00fbt en pr\u00e9paration"},"content":{"rendered":"<p>Ce samedi, c&rsquo;\u00e9tait la vraie rentr\u00e9e : 9 bikers se sont retrouv\u00e9s au parking de Fontenilles pour une sortie sous un ciel voil\u00e9 mais agr\u00e9able.<\/p>\n<p>Pascal nous devoile ses nouvelles Crossmax, et nous voici parti direction Pujaudran. Un petit coucou au passage \u00e0 GG rencontr\u00e9 par hasard, puis nous montons jusqu&rsquo;au joli single en entr\u00e9e de Pujaudran.<\/p>\n<p style=\"text-align: center;\"><a href=\"https:\/\/i0.wp.com\/fontenillesvtt.fr\/wp\/wp-content\/uploads\/2011\/08\/IMG_0293.jpg\"><img data-recalc-dims=\"1\" loading=\"lazy\" decoding=\"async\" data-attachment-id=\"1101\" data-permalink=\"https:\/\/fontenilles-vtt.fr\/wp\/?attachment_id=1101\" data-orig-file=\"https:\/\/i0.wp.com\/fontenilles-vtt.fr\/wp\/wp-content\/uploads\/2011\/08\/IMG_0293.jpg?fit=1024%2C768&amp;ssl=1\" data-orig-size=\"1024,768\" data-comments-opened=\"1\" data-image-meta=\"{&quot;aperture&quot;:&quot;0&quot;,&quot;credit&quot;:&quot;&quot;,&quot;camera&quot;:&quot;&quot;,&quot;caption&quot;:&quot;&quot;,&quot;created_timestamp&quot;:&quot;0&quot;,&quot;copyright&quot;:&quot;&quot;,&quot;focal_length&quot;:&quot;0&quot;,&quot;iso&quot;:&quot;0&quot;,&quot;shutter_speed&quot;:&quot;0&quot;,&quot;title&quot;:&quot;&quot;}\" data-image-title=\"IMG_0293\" data-image-description=\"\" data-image-caption=\"\" data-medium-file=\"https:\/\/i0.wp.com\/fontenilles-vtt.fr\/wp\/wp-content\/uploads\/2011\/08\/IMG_0293.jpg?fit=300%2C225&amp;ssl=1\" data-large-file=\"https:\/\/i0.wp.com\/fontenilles-vtt.fr\/wp\/wp-content\/uploads\/2011\/08\/IMG_0293.jpg?fit=590%2C443&amp;ssl=1\" class=\"alignnone size-medium wp-image-1101\" title=\"IMG_0293\" src=\"https:\/\/i0.wp.com\/fontenillesvtt.fr\/wp\/wp-content\/uploads\/2011\/08\/IMG_0293-300x225.jpg?resize=300%2C225\" alt=\"\" width=\"300\" height=\"225\" srcset=\"https:\/\/i0.wp.com\/fontenilles-vtt.fr\/wp\/wp-content\/uploads\/2011\/08\/IMG_0293.jpg?resize=300%2C225&amp;ssl=1 300w, https:\/\/i0.wp.com\/fontenilles-vtt.fr\/wp\/wp-content\/uploads\/2011\/08\/IMG_0293.jpg?w=1024&amp;ssl=1 1024w\" sizes=\"(max-width: 300px) 100vw, 300px\" \/><\/a><\/p>\n<p>Splendide descente puis quelques coteaux plus loin, le groupe se scinde en 2, laissant les courageux pyr\u00e9n\u00e9ens Fred, Guillaume, Pascal et Eric\u00a0 rentrer tranquillement pour se pr\u00e9parer \u00e0 la sortie du lendemain.<\/p>\n<p>Castor, Lionel, Philippe, DDP et J\u00e9rome se lancent sur les bords de Save, le parcours est toujours propre et beau. A l4isle Jourdain, nous nous associons \u00e0 un nouveau venu, prof \u00e0 la nouvelle \u00e9cole de cyclisme de l&rsquo;Isle, et lui faisons d\u00e9couvrir les sentiers anim\u00e9s, roulants de la Save, puis la remont\u00e9e sur les c\u00f4teaux et le long de la carri\u00e8re d&rsquo;Aurade .<\/p>\n<p>Retour ensuite en petits groupes pour Lias, Fontenilles et Fonsorbes, pour au final plus de 50km, et une tr\u00e8s belle balade.<\/p>\n","protected":false},"excerpt":{"rendered":"<p>Ce samedi, c&rsquo;\u00e9tait la vraie rentr\u00e9e : 9 bikers se sont retrouv\u00e9s au parking de Fontenilles pour une sortie sous un ciel voil\u00e9 mais agr\u00e9able. Pascal nous devoile ses nouvelles&#8230; <\/p>\n<div class=\"read-more\"><a href=\"https:\/\/fontenilles-vtt.fr\/wp\/?p=1091\">Lire la suite<\/a><\/div>\n","protected":false},"author":1,"featured_media":0,"comment_status":"open","ping_status":"closed","sticky":false,"template":"","format":"standard","meta":{"om_disable_all_campaigns":false,"_monsterinsights_skip_tracking":false,"_monsterinsights_sitenote_active":false,"_monsterinsights_sitenote_note":"","_monsterinsights_sitenote_category":0,"ngg_post_thumbnail":0,"jetpack_post_was_ever_published":false,"_jetpack_newsletter_access":"","_jetpack_dont_email_post_to_subs":false,"_jetpack_newsletter_tier_id":0,"_jetpack_memberships_contains_paywalled_content":false,"_jetpack_memberships_contains_paid_content":false,"footnotes":"","jetpack_publicize_message":"","jetpack_publicize_feature_enabled":true,"jetpack_social_post_already_shared":false,"jetpack_social_options":{"image_generator_settings":{"template":"highway","enabled":false},"version":2}},"categories":[4,3],"tags":[],"jetpack_publicize_connections":[],"aioseo_notices":[],"jetpack_featured_media_url":"","jetpack_sharing_enabled":true,"jetpack_shortlink":"https:\/\/wp.me\/p9SYmx-hB","jetpack-related-posts":[],"post_mailing_queue_ids":[],"_links":{"self":[{"href":"https:\/\/fontenilles-vtt.fr\/wp\/index.php?rest_route=\/wp\/v2\/posts\/1091"}],"collection":[{"href":"https:\/\/fontenilles-vtt.fr\/wp\/index.php?rest_route=\/wp\/v2\/posts"}],"about":[{"href":"https:\/\/fontenilles-vtt.fr\/wp\/index.php?rest_route=\/wp\/v2\/types\/post"}],"author":[{"embeddable":true,"href":"https:\/\/fontenilles-vtt.fr\/wp\/index.php?rest_route=\/wp\/v2\/users\/1"}],"replies":[{"embeddable":true,"href":"https:\/\/fontenilles-vtt.fr\/wp\/index.php?rest_route=%2Fwp%2Fv2%2Fcomments&post=1091"}],"version-history":[{"count":4,"href":"https:\/\/fontenilles-vtt.fr\/wp\/index.php?rest_route=\/wp\/v2\/posts\/1091\/revisions"}],"predecessor-version":[{"id":1093,"href":"https:\/\/fontenilles-vtt.fr\/wp\/index.php?rest_route=\/wp\/v2\/posts\/1091\/revisions\/1093"}],"wp:attachment":[{"href":"https:\/\/fontenilles-vtt.fr\/wp\/index.php?rest_route=%2Fwp%2Fv2%2Fmedia&parent=1091"}],"wp:term":[{"taxonomy":"category","embeddable":true,"href":"https:\/\/fontenilles-vtt.fr\/wp\/index.php?rest_route=%2Fwp%2Fv2%2Fcategories&post=1091"},{"taxonomy":"post_tag","embeddable":true,"href":"https:\/\/fontenilles-vtt.fr\/wp\/index.php?rest_route=%2Fwp%2Fv2%2Ftags&post=1091"}],"curies":[{"name":"wp","href":"https:\/\/api.w.org\/{rel}","templated":true}]}}