{"id":1095,"date":"2011-09-06T22:32:51","date_gmt":"2011-09-06T20:32:51","guid":{"rendered":"http:\/\/fontenillesvtt.fr\/wp\/?p=1095"},"modified":"2011-09-07T14:57:35","modified_gmt":"2011-09-07T12:57:35","slug":"la-transpy-et-grenade","status":"publish","type":"post","link":"https:\/\/fontenilles-vtt.fr\/wp\/?p=1095","title":{"rendered":"La Transpy et Grenade"},"content":{"rendered":"<p>Dimanche 4 septembre, Sam, Manu et Fred se retrouvent au d\u00e9part du 55 km de la Transpy. Trois quarts d\u2019heure plus tard, \u00a0Guillaume (Ga) et Pascal s\u2019\u00e9lanceront sur le 40 km. Manu, qui devait faire r\u00e9parer les roues de son v\u00e9lo, a finalement d\u00e9cid\u00e9 de tout changer et prend le d\u00e9part sur sa nouvelle monture flambant neuve. Aux inscriptions, on retrouve Florent qui nous avait accompagn\u00e9s en d\u00e9cembre \u00e0 Montech. Nous avons une pens\u00e9e pour Lionel et Guillaume (Go) qui se sont entrain\u00e9s tout l\u2019\u00e9t\u00e9 pour cette sortie, et qui malheureusement sont clou\u00e9s par de m\u00e9chants virus. Nous esp\u00e9rons les revoir bient\u00f4t sur les VTT.<\/p>\n<p>D\u00e8s le d\u00e9part, Sam file loin devant, tandis que Manu, Fred, Florent et un copain de Manu entament les premi\u00e8res pentes.\u00a0H\u00e9las il a plu tout le samedi puis encore toute la nuit. Le terrain est excessivement glissant, m\u00eame \u00e0 pied\u00a0!<\/p>\n<p>Apr\u00e8s le col des Ar\u00e8s, la descente s\u2019effectue dans un vrai bourbier, qui empire \u00e0 mesure que passent les VTTistes. \u00a0En bas, Fred \u00a0casse la patte de d\u00e9railleur \u00e0 cause de la boue. Quelques minutes apr\u00e8s, \u00a0Pascal\u00a0et Guillaume le rejoignent ( c&rsquo;\u00e9tait une partie commune ), Pascal\u00a0avec d\u00e9railleur et patte cass\u00e9s. Il faut pousser cinq kilom\u00e8tres avant d&rsquo;arriver au ravito et trouver la route. Guillaume\u00a0entame un morceau de bravoure sur\u00a010 km\u00a0en tirant Fred et Pascal, aid\u00e9 heureusement par d&rsquo;autres VTTistes qui abandonnaient la partie. \u00a0Sam finit bien devant tandis que Manu termine plus tard avec un copain.<\/p>\n<p>La Transpy avait un parfum d\u2019aventure extr\u00eame cette ann\u00e9e.\u00a0Mais la plupart des clubs de tout le Sud Ouest \u00e9taient venus. Ceux de la r\u00e9gion toulousaine bien sur, mais aussi des clubs d&rsquo;Arcachon, d&rsquo;Agen, du Tarn, &#8230; Sans compter les espagnols \u00a0le premier aurait r\u00e9alis\u00e9 3h30 sur le 70 km !!! dans ces conditions, un v\u00e9ritable exploit ). Alors au final, apr\u00e8s la douche, le sandwich et la bi\u00e8re, aucun regret d\u2019avoir tent\u00e9 l\u2019aventure.<\/p>\n<p><strong>Le mot du Castor\u00a0:<\/strong><\/p>\n<p>JE CONFIRME LES CHIFFRES DE FRED, MAIS JE TEMPERE SUR LA CATEGORIE. MARC TRAYTER 33 ANS ESPAGNOL MEMBRE DE L\u2019EQUIPE PROFESSIONNELLE 16IEME AU CLASSEMENT UCI DE MARATHON. ON NE COURT PAS DANS LA MEME COUR. MAIS QUAND MEME BRAVO\u00a0: 3H36 POUR 70 KM CELA FAIT DU 19,5 DE MOYENNE<\/p>\n<p><strong>Compte rendu de Grenade, par DDP\u00a0:<\/strong><\/p>\n<p>Vu les faibles distances choisies \u00e0 la Transpy par les autres membres du club, Philippe et moi avons choisi de relever le niveau en faisant le 64 kms \u00e0 Grenade. Parcours tr\u00e8s asym\u00e9trique: la boucle du 40 \u00e9tait hyper roulante, tr\u00e8s plate, principalement des chemins et des champs, alors que la boucle sp\u00e9cifique au 64 kms \u00e9tait beaucoup plus physique, technique, et foresti\u00e8re. Au total, 850 m de D+ quand m\u00eame et une belle sortie (tr\u00e8s s\u00e8che et m\u00eame poussi\u00e9reuse) sans ennui technique et par un temps id\u00e9al.<\/p>\n","protected":false},"excerpt":{"rendered":"<p>Dimanche 4 septembre, Sam, Manu et Fred se retrouvent au d\u00e9part du 55 km de la Transpy. Trois quarts d\u2019heure plus tard, \u00a0Guillaume (Ga) et Pascal s\u2019\u00e9lanceront sur le 40&#8230; <\/p>\n<div class=\"read-more\"><a href=\"https:\/\/fontenilles-vtt.fr\/wp\/?p=1095\">Lire la suite<\/a><\/div>\n","protected":false},"author":1,"featured_media":0,"comment_status":"open","ping_status":"closed","sticky":false,"template":"","format":"standard","meta":{"om_disable_all_campaigns":false,"_monsterinsights_skip_tracking":false,"_monsterinsights_sitenote_active":false,"_monsterinsights_sitenote_note":"","_monsterinsights_sitenote_category":0,"ngg_post_thumbnail":0,"jetpack_post_was_ever_published":false,"_jetpack_newsletter_access":"","_jetpack_dont_email_post_to_subs":false,"_jetpack_newsletter_tier_id":0,"_jetpack_memberships_contains_paywalled_content":false,"_jetpack_memberships_contains_paid_content":false,"footnotes":"","jetpack_publicize_message":"","jetpack_publicize_feature_enabled":true,"jetpack_social_post_already_shared":false,"jetpack_social_options":{"image_generator_settings":{"template":"highway","enabled":false},"version":2}},"categories":[4],"tags":[],"jetpack_publicize_connections":[],"aioseo_notices":[],"jetpack_featured_media_url":"","jetpack_sharing_enabled":true,"jetpack_shortlink":"https:\/\/wp.me\/p9SYmx-hF","jetpack-related-posts":[],"post_mailing_queue_ids":[],"_links":{"self":[{"href":"https:\/\/fontenilles-vtt.fr\/wp\/index.php?rest_route=\/wp\/v2\/posts\/1095"}],"collection":[{"href":"https:\/\/fontenilles-vtt.fr\/wp\/index.php?rest_route=\/wp\/v2\/posts"}],"about":[{"href":"https:\/\/fontenilles-vtt.fr\/wp\/index.php?rest_route=\/wp\/v2\/types\/post"}],"author":[{"embeddable":true,"href":"https:\/\/fontenilles-vtt.fr\/wp\/index.php?rest_route=\/wp\/v2\/users\/1"}],"replies":[{"embeddable":true,"href":"https:\/\/fontenilles-vtt.fr\/wp\/index.php?rest_route=%2Fwp%2Fv2%2Fcomments&post=1095"}],"version-history":[{"count":5,"href":"https:\/\/fontenilles-vtt.fr\/wp\/index.php?rest_route=\/wp\/v2\/posts\/1095\/revisions"}],"predecessor-version":[{"id":1097,"href":"https:\/\/fontenilles-vtt.fr\/wp\/index.php?rest_route=\/wp\/v2\/posts\/1095\/revisions\/1097"}],"wp:attachment":[{"href":"https:\/\/fontenilles-vtt.fr\/wp\/index.php?rest_route=%2Fwp%2Fv2%2Fmedia&parent=1095"}],"wp:term":[{"taxonomy":"category","embeddable":true,"href":"https:\/\/fontenilles-vtt.fr\/wp\/index.php?rest_route=%2Fwp%2Fv2%2Fcategories&post=1095"},{"taxonomy":"post_tag","embeddable":true,"href":"https:\/\/fontenilles-vtt.fr\/wp\/index.php?rest_route=%2Fwp%2Fv2%2Ftags&post=1095"}],"curies":[{"name":"wp","href":"https:\/\/api.w.org\/{rel}","templated":true}]}}