{"id":1108,"date":"2011-09-11T17:16:14","date_gmt":"2011-09-11T15:16:14","guid":{"rendered":"http:\/\/fontenillesvtt.fr\/wp\/?p=1108"},"modified":"2011-09-11T17:25:32","modified_gmt":"2011-09-11T15:25:32","slug":"la-rando-des-coteaux-a-pin-justaret","status":"publish","type":"post","link":"https:\/\/fontenilles-vtt.fr\/wp\/?p=1108","title":{"rendered":"La Rando des Coteaux \u00e0 Pin Justaret"},"content":{"rendered":"<p><strong>Le compte rendu de J\u00e9r\u00f4me<\/strong><\/p>\n<p>De retour de la rando des coteaux ! Je suis  arriv\u00e9 ce matin pour une rando  bucolique et tranquille sur le 28 kms des bords d&rsquo; Ari\u00e8ge.\u00a0\u00c9taient\u00a0pr\u00e9sents Ddp ( et son ch\u00e9quier ! ) , Philippe , Fred , Castor et Christophe, \u00a0pr\u00eats \u00e0 en d\u00e9coudre sur le 55. Premi\u00e8re nouvelle en  arrivant , les 900 m\u00e8tres de denivel\u00e9 sup sont r\u00e9duits \u00e0 600 m\u00e8tres  pour un  souci  d&rsquo; autorisations et un pont impraticable.Le parcours de 28 kms  est r\u00e9duit \u00e0 18 km pfff&#8230;&#8230;<\/p>\n<p><a href=\"https:\/\/i0.wp.com\/fontenillesvtt.fr\/wp\/wp-content\/uploads\/2011\/09\/IMG_0300.jpg\"><img data-recalc-dims=\"1\" loading=\"lazy\" decoding=\"async\" data-attachment-id=\"1111\" data-permalink=\"https:\/\/fontenilles-vtt.fr\/wp\/?attachment_id=1111\" data-orig-file=\"https:\/\/i0.wp.com\/fontenilles-vtt.fr\/wp\/wp-content\/uploads\/2011\/09\/IMG_0300.jpg?fit=1024%2C768&amp;ssl=1\" data-orig-size=\"1024,768\" data-comments-opened=\"1\" data-image-meta=\"{&quot;aperture&quot;:&quot;0&quot;,&quot;credit&quot;:&quot;&quot;,&quot;camera&quot;:&quot;&quot;,&quot;caption&quot;:&quot;&quot;,&quot;created_timestamp&quot;:&quot;0&quot;,&quot;copyright&quot;:&quot;&quot;,&quot;focal_length&quot;:&quot;0&quot;,&quot;iso&quot;:&quot;0&quot;,&quot;shutter_speed&quot;:&quot;0&quot;,&quot;title&quot;:&quot;&quot;}\" data-image-title=\"IMG_0300\" data-image-description=\"\" data-image-caption=\"\" data-medium-file=\"https:\/\/i0.wp.com\/fontenilles-vtt.fr\/wp\/wp-content\/uploads\/2011\/09\/IMG_0300.jpg?fit=300%2C225&amp;ssl=1\" data-large-file=\"https:\/\/i0.wp.com\/fontenilles-vtt.fr\/wp\/wp-content\/uploads\/2011\/09\/IMG_0300.jpg?fit=590%2C443&amp;ssl=1\" class=\"alignnone size-medium wp-image-1111\" title=\"IMG_0300\" src=\"https:\/\/i0.wp.com\/fontenillesvtt.fr\/wp\/wp-content\/uploads\/2011\/09\/IMG_0300-300x225.jpg?resize=300%2C225\" alt=\"\" width=\"300\" height=\"225\" srcset=\"https:\/\/i0.wp.com\/fontenilles-vtt.fr\/wp\/wp-content\/uploads\/2011\/09\/IMG_0300.jpg?resize=300%2C225&amp;ssl=1 300w, https:\/\/i0.wp.com\/fontenilles-vtt.fr\/wp\/wp-content\/uploads\/2011\/09\/IMG_0300.jpg?w=1024&amp;ssl=1 1024w\" sizes=\"(max-width: 300px) 100vw, 300px\" \/><\/a> <a href=\"https:\/\/i0.wp.com\/fontenillesvtt.fr\/wp\/wp-content\/uploads\/2011\/09\/IMG_03001.jpg\"><img data-recalc-dims=\"1\" loading=\"lazy\" decoding=\"async\" data-attachment-id=\"1112\" data-permalink=\"https:\/\/fontenilles-vtt.fr\/wp\/?attachment_id=1112\" data-orig-file=\"https:\/\/i0.wp.com\/fontenilles-vtt.fr\/wp\/wp-content\/uploads\/2011\/09\/IMG_03001.jpg?fit=1024%2C768&amp;ssl=1\" data-orig-size=\"1024,768\" data-comments-opened=\"1\" data-image-meta=\"{&quot;aperture&quot;:&quot;0&quot;,&quot;credit&quot;:&quot;&quot;,&quot;camera&quot;:&quot;&quot;,&quot;caption&quot;:&quot;&quot;,&quot;created_timestamp&quot;:&quot;0&quot;,&quot;copyright&quot;:&quot;&quot;,&quot;focal_length&quot;:&quot;0&quot;,&quot;iso&quot;:&quot;0&quot;,&quot;shutter_speed&quot;:&quot;0&quot;,&quot;title&quot;:&quot;&quot;}\" data-image-title=\"IMG_0300\" data-image-description=\"\" data-image-caption=\"\" data-medium-file=\"https:\/\/i0.wp.com\/fontenilles-vtt.fr\/wp\/wp-content\/uploads\/2011\/09\/IMG_03001.jpg?fit=300%2C225&amp;ssl=1\" data-large-file=\"https:\/\/i0.wp.com\/fontenilles-vtt.fr\/wp\/wp-content\/uploads\/2011\/09\/IMG_03001.jpg?fit=590%2C443&amp;ssl=1\" class=\"alignnone size-medium wp-image-1112\" title=\"IMG_0300\" src=\"https:\/\/i0.wp.com\/fontenillesvtt.fr\/wp\/wp-content\/uploads\/2011\/09\/IMG_03001-300x225.jpg?resize=300%2C225\" alt=\"\" width=\"300\" height=\"225\" srcset=\"https:\/\/i0.wp.com\/fontenilles-vtt.fr\/wp\/wp-content\/uploads\/2011\/09\/IMG_03001.jpg?resize=300%2C225&amp;ssl=1 300w, https:\/\/i0.wp.com\/fontenilles-vtt.fr\/wp\/wp-content\/uploads\/2011\/09\/IMG_03001.jpg?w=1024&amp;ssl=1 1024w\" sizes=\"(max-width: 300px) 100vw, 300px\" \/><\/a> <a href=\"https:\/\/i0.wp.com\/fontenillesvtt.fr\/wp\/wp-content\/uploads\/2011\/09\/IMG_03002.jpg\"><img data-recalc-dims=\"1\" loading=\"lazy\" decoding=\"async\" data-attachment-id=\"1114\" data-permalink=\"https:\/\/fontenilles-vtt.fr\/wp\/?attachment_id=1114\" data-orig-file=\"https:\/\/i0.wp.com\/fontenilles-vtt.fr\/wp\/wp-content\/uploads\/2011\/09\/IMG_03002.jpg?fit=1024%2C768&amp;ssl=1\" data-orig-size=\"1024,768\" data-comments-opened=\"1\" data-image-meta=\"{&quot;aperture&quot;:&quot;0&quot;,&quot;credit&quot;:&quot;&quot;,&quot;camera&quot;:&quot;&quot;,&quot;caption&quot;:&quot;&quot;,&quot;created_timestamp&quot;:&quot;0&quot;,&quot;copyright&quot;:&quot;&quot;,&quot;focal_length&quot;:&quot;0&quot;,&quot;iso&quot;:&quot;0&quot;,&quot;shutter_speed&quot;:&quot;0&quot;,&quot;title&quot;:&quot;&quot;}\" data-image-title=\"IMG_0300\" data-image-description=\"\" data-image-caption=\"\" data-medium-file=\"https:\/\/i0.wp.com\/fontenilles-vtt.fr\/wp\/wp-content\/uploads\/2011\/09\/IMG_03002.jpg?fit=300%2C225&amp;ssl=1\" data-large-file=\"https:\/\/i0.wp.com\/fontenilles-vtt.fr\/wp\/wp-content\/uploads\/2011\/09\/IMG_03002.jpg?fit=590%2C443&amp;ssl=1\" class=\"alignnone size-medium wp-image-1114\" title=\"IMG_0300\" src=\"https:\/\/i0.wp.com\/fontenillesvtt.fr\/wp\/wp-content\/uploads\/2011\/09\/IMG_03002-300x225.jpg?resize=300%2C225\" alt=\"\" width=\"300\" height=\"225\" srcset=\"https:\/\/i0.wp.com\/fontenilles-vtt.fr\/wp\/wp-content\/uploads\/2011\/09\/IMG_03002.jpg?resize=300%2C225&amp;ssl=1 300w, https:\/\/i0.wp.com\/fontenilles-vtt.fr\/wp\/wp-content\/uploads\/2011\/09\/IMG_03002.jpg?w=1024&amp;ssl=1 1024w\" sizes=\"(max-width: 300px) 100vw, 300px\" \/><\/a><\/p>\n<p>Ddp m&rsquo; engage alors de force  sur le 55, pas de tout repos. Commence alors un parcours de  singles ( pas assez  ! ) le long de l&rsquo;Ari\u00e8ge , \u00e0 travers champs et la visite de tout ce qui  ressemble \u00e0 un lotissement. Apr\u00e8s ce d\u00e9part quasiment plat sur les 22 premiers  kilom\u00e8tres , les choses s\u00e9rieuses commencent :\u00a0du single bien sympa et  surtout compl\u00e8tement sec , des cotes s\u00e9rieusement pentues mais faisables , des  ravitos plutot complets , une bonne m\u00e9t\u00e9o. D\u00e9j\u00e0 depuis le 22 \u00e8me , Castor et Sly s&rsquo; \u00e9chappent ou se perdent ! Bref on ne les reverra plus , les  deux Phil , Fred et moi avan\u00e7ons plus tranquillement vers le ravito 1. La  deuxi\u00e8me partie du parcours est tout aussi pentue et roulante. Arriv\u00e9 au 40  \u00e8me devant les coll\u00e8gues , je les attends 15 minutes puis fait demi tour. Fichtre !!!;&#8230;&#8230;&#8230;&#8230;&#8230;.  j&rsquo; ai loup\u00e9 la bifurcation ( qui a dit encore ??  ). Les singles suivants heureusement ont \u00e9t\u00e9s bien ludiques , \u00e0 fond jusqu\u2019\u00e0&rsquo;  la fin du parcours par les bords d&rsquo; Ari\u00e8ge. Je ne les ai pas  revus. Mon compteur totalise 62 kilom\u00e8tres \u00e0 l&rsquo; arriv\u00e9e , mes cuisses disent  stop et\u00a0le sandwich \/ bi\u00e8re est le bienvenu. Chaud mais&#8230;&#8230;. pas fatigu\u00e9  !!! &#8230;&#8230;&#8230;&#8230;&#8230;&#8230;&#8230;&#8230;..,<\/p>\n<p><strong>Compl\u00e9t\u00e9 par DDP<\/strong><\/p>\n<p>Philippe s&rsquo;est fait piqu\u00e9 \u00e0 2 reprises (dont une fois \u00e0 la t\u00eate) par des frelons  juste avant le second ravito (il n&rsquo;est pas le seul, mais moi je suis pass\u00e9 \u00e0  travers). Comme il est allergique, nous avons prudemment remis le cap sur Pins  Justaret par la route. Apr\u00e8s avoir patient\u00e9 autour d&rsquo;une bi\u00e8re et d&rsquo;un pain  saucisse, nous avons assist\u00e9 \u00e0 l&rsquo;arriv\u00e9e de Fred (qui avait rattrap\u00e9) Castor et  Slide.<\/p>\n","protected":false},"excerpt":{"rendered":"<p>Le compte rendu de J\u00e9r\u00f4me De retour de la rando des coteaux ! Je suis arriv\u00e9 ce matin pour une rando bucolique et tranquille sur le 28 kms des bords&#8230; <\/p>\n<div class=\"read-more\"><a href=\"https:\/\/fontenilles-vtt.fr\/wp\/?p=1108\">Lire la suite<\/a><\/div>\n","protected":false},"author":1,"featured_media":0,"comment_status":"open","ping_status":"closed","sticky":false,"template":"","format":"standard","meta":{"om_disable_all_campaigns":false,"_monsterinsights_skip_tracking":false,"_monsterinsights_sitenote_active":false,"_monsterinsights_sitenote_note":"","_monsterinsights_sitenote_category":0,"ngg_post_thumbnail":0,"jetpack_post_was_ever_published":false,"_jetpack_newsletter_access":"","_jetpack_dont_email_post_to_subs":false,"_jetpack_newsletter_tier_id":0,"_jetpack_memberships_contains_paywalled_content":false,"_jetpack_memberships_contains_paid_content":false,"footnotes":"","jetpack_publicize_message":"","jetpack_publicize_feature_enabled":true,"jetpack_social_post_already_shared":false,"jetpack_social_options":{"image_generator_settings":{"template":"highway","enabled":false},"version":2}},"categories":[4],"tags":[],"jetpack_publicize_connections":[],"aioseo_notices":[],"jetpack_featured_media_url":"","jetpack_sharing_enabled":true,"jetpack_shortlink":"https:\/\/wp.me\/p9SYmx-hS","jetpack-related-posts":[],"post_mailing_queue_ids":[],"_links":{"self":[{"href":"https:\/\/fontenilles-vtt.fr\/wp\/index.php?rest_route=\/wp\/v2\/posts\/1108"}],"collection":[{"href":"https:\/\/fontenilles-vtt.fr\/wp\/index.php?rest_route=\/wp\/v2\/posts"}],"about":[{"href":"https:\/\/fontenilles-vtt.fr\/wp\/index.php?rest_route=\/wp\/v2\/types\/post"}],"author":[{"embeddable":true,"href":"https:\/\/fontenilles-vtt.fr\/wp\/index.php?rest_route=\/wp\/v2\/users\/1"}],"replies":[{"embeddable":true,"href":"https:\/\/fontenilles-vtt.fr\/wp\/index.php?rest_route=%2Fwp%2Fv2%2Fcomments&post=1108"}],"version-history":[{"count":4,"href":"https:\/\/fontenilles-vtt.fr\/wp\/index.php?rest_route=\/wp\/v2\/posts\/1108\/revisions"}],"predecessor-version":[{"id":1110,"href":"https:\/\/fontenilles-vtt.fr\/wp\/index.php?rest_route=\/wp\/v2\/posts\/1108\/revisions\/1110"}],"wp:attachment":[{"href":"https:\/\/fontenilles-vtt.fr\/wp\/index.php?rest_route=%2Fwp%2Fv2%2Fmedia&parent=1108"}],"wp:term":[{"taxonomy":"category","embeddable":true,"href":"https:\/\/fontenilles-vtt.fr\/wp\/index.php?rest_route=%2Fwp%2Fv2%2Fcategories&post=1108"},{"taxonomy":"post_tag","embeddable":true,"href":"https:\/\/fontenilles-vtt.fr\/wp\/index.php?rest_route=%2Fwp%2Fv2%2Ftags&post=1108"}],"curies":[{"name":"wp","href":"https:\/\/api.w.org\/{rel}","templated":true}]}}