{"id":1116,"date":"2011-09-26T20:54:53","date_gmt":"2011-09-26T18:54:53","guid":{"rendered":"http:\/\/fontenillesvtt.fr\/wp\/?p=1116"},"modified":"2011-09-27T08:33:44","modified_gmt":"2011-09-27T06:33:44","slug":"autour-du-cagire","status":"publish","type":"post","link":"https:\/\/fontenilles-vtt.fr\/wp\/?p=1116","title":{"rendered":"Autour du Cagire"},"content":{"rendered":"<p>Quatre pyr\u00e9n\u00e9ens aux couleurs de Fontenilles VTT se sont \u00e9lanc\u00e9s sur les pentes du Cagire ce week end : Guillaume ( Go ), Pascal, Sam et Fred. A 10h00, les voitures sont gar\u00e9es au parking ( alt 980 m ) au dessus de Juzet d\u2019Izaut, \u00e0 quelques centaines de m\u00e8tres du lieu o\u00f9 Fred et Pascal avaient cass\u00e9 les pattes de d\u00e9railleur \u00e0 la Transpy, il y a 15 jours.<br \/>\nLe groupe s\u2019\u00e9l\u00e8ve sur une piste foresti\u00e8re, bien roulante et \u00e0 la pente r\u00e9guli\u00e8re, pour atteindre le col de Gaupe ( alt 1335 m ).<\/p>\n<p><a href=\"https:\/\/i0.wp.com\/fontenillesvtt.fr\/wp\/wp-content\/uploads\/2011\/09\/IMG_03082.jpg\"><img data-recalc-dims=\"1\" loading=\"lazy\" decoding=\"async\" data-attachment-id=\"1127\" data-permalink=\"https:\/\/fontenilles-vtt.fr\/wp\/?attachment_id=1127\" data-orig-file=\"https:\/\/i0.wp.com\/fontenilles-vtt.fr\/wp\/wp-content\/uploads\/2011\/09\/IMG_03082.jpg?fit=2816%2C2112&amp;ssl=1\" data-orig-size=\"2816,2112\" data-comments-opened=\"1\" data-image-meta=\"{&quot;aperture&quot;:&quot;2.7&quot;,&quot;credit&quot;:&quot;&quot;,&quot;camera&quot;:&quot;Canon IXUS 220 HS&quot;,&quot;caption&quot;:&quot;&quot;,&quot;created_timestamp&quot;:&quot;1316943745&quot;,&quot;copyright&quot;:&quot;&quot;,&quot;focal_length&quot;:&quot;4.3&quot;,&quot;iso&quot;:&quot;320&quot;,&quot;shutter_speed&quot;:&quot;0.0008&quot;,&quot;title&quot;:&quot;&quot;}\" data-image-title=\"Au fond la Bacan\u00e8re, une vieille connaissance!\" data-image-description=\"\" data-image-caption=\"\" data-medium-file=\"https:\/\/i0.wp.com\/fontenilles-vtt.fr\/wp\/wp-content\/uploads\/2011\/09\/IMG_03082.jpg?fit=300%2C225&amp;ssl=1\" data-large-file=\"https:\/\/i0.wp.com\/fontenilles-vtt.fr\/wp\/wp-content\/uploads\/2011\/09\/IMG_03082.jpg?fit=590%2C443&amp;ssl=1\" class=\"alignnone size-medium wp-image-1127\" title=\"Au fond la Bacan\u00e8re, une vieille connaissance!\" src=\"https:\/\/i0.wp.com\/fontenillesvtt.fr\/wp\/wp-content\/uploads\/2011\/09\/IMG_03082-300x225.jpg?resize=300%2C225\" alt=\"\" width=\"300\" height=\"225\" srcset=\"https:\/\/i0.wp.com\/fontenilles-vtt.fr\/wp\/wp-content\/uploads\/2011\/09\/IMG_03082.jpg?resize=300%2C225&amp;ssl=1 300w, https:\/\/i0.wp.com\/fontenilles-vtt.fr\/wp\/wp-content\/uploads\/2011\/09\/IMG_03082.jpg?resize=1024%2C768&amp;ssl=1 1024w, https:\/\/i0.wp.com\/fontenilles-vtt.fr\/wp\/wp-content\/uploads\/2011\/09\/IMG_03082.jpg?w=1180&amp;ssl=1 1180w, https:\/\/i0.wp.com\/fontenilles-vtt.fr\/wp\/wp-content\/uploads\/2011\/09\/IMG_03082.jpg?w=1770&amp;ssl=1 1770w\" sizes=\"(max-width: 300px) 100vw, 300px\" \/><\/a> <a href=\"https:\/\/i0.wp.com\/fontenillesvtt.fr\/wp\/wp-content\/uploads\/2011\/09\/IMG_03111.jpg\"><img data-recalc-dims=\"1\" loading=\"lazy\" decoding=\"async\" data-attachment-id=\"1128\" data-permalink=\"https:\/\/fontenilles-vtt.fr\/wp\/?attachment_id=1128\" data-orig-file=\"https:\/\/i0.wp.com\/fontenilles-vtt.fr\/wp\/wp-content\/uploads\/2011\/09\/IMG_03111.jpg?fit=2816%2C2112&amp;ssl=1\" data-orig-size=\"2816,2112\" data-comments-opened=\"1\" data-image-meta=\"{&quot;aperture&quot;:&quot;8&quot;,&quot;credit&quot;:&quot;&quot;,&quot;camera&quot;:&quot;Canon IXUS 220 HS&quot;,&quot;caption&quot;:&quot;&quot;,&quot;created_timestamp&quot;:&quot;1316948311&quot;,&quot;copyright&quot;:&quot;&quot;,&quot;focal_length&quot;:&quot;4.3&quot;,&quot;iso&quot;:&quot;320&quot;,&quot;shutter_speed&quot;:&quot;0.003125&quot;,&quot;title&quot;:&quot;&quot;}\" data-image-title=\"au col\" data-image-description=\"\" data-image-caption=\"\" data-medium-file=\"https:\/\/i0.wp.com\/fontenilles-vtt.fr\/wp\/wp-content\/uploads\/2011\/09\/IMG_03111.jpg?fit=300%2C225&amp;ssl=1\" data-large-file=\"https:\/\/i0.wp.com\/fontenilles-vtt.fr\/wp\/wp-content\/uploads\/2011\/09\/IMG_03111.jpg?fit=590%2C443&amp;ssl=1\" class=\"alignnone size-medium wp-image-1128\" title=\"au col\" src=\"https:\/\/i0.wp.com\/fontenillesvtt.fr\/wp\/wp-content\/uploads\/2011\/09\/IMG_03111-300x225.jpg?resize=300%2C225\" alt=\"\" width=\"300\" height=\"225\" srcset=\"https:\/\/i0.wp.com\/fontenilles-vtt.fr\/wp\/wp-content\/uploads\/2011\/09\/IMG_03111.jpg?resize=300%2C225&amp;ssl=1 300w, https:\/\/i0.wp.com\/fontenilles-vtt.fr\/wp\/wp-content\/uploads\/2011\/09\/IMG_03111.jpg?resize=1024%2C768&amp;ssl=1 1024w, https:\/\/i0.wp.com\/fontenilles-vtt.fr\/wp\/wp-content\/uploads\/2011\/09\/IMG_03111.jpg?w=1180&amp;ssl=1 1180w, https:\/\/i0.wp.com\/fontenilles-vtt.fr\/wp\/wp-content\/uploads\/2011\/09\/IMG_03111.jpg?w=1770&amp;ssl=1 1770w\" sizes=\"(max-width: 300px) 100vw, 300px\" \/><\/a><\/p>\n<p>Les paysages sont magnifiques sur la vall\u00e9e de la Garonne, le pic de Bacan\u00e8re de l\u2019autre c\u00f4t\u00e9 et plus loin la Maladetta. Une descente sur single, avec 400 m de D-, nous attend. Une gamelle de Sam et 3 biches plus loin et nous atteignons la route qui monte au col de Ment\u00e9. Nouvelle grimp\u00e9e, accompagn\u00e9e d\u2019un cort\u00e8ge de Porsche, jusqu\u2019\u00e0 \u00a0deux kilom\u00e8tres sous le col, pour attaquer une piste foresti\u00e8re en balcon au-dessus de la vall\u00e9e de la Garonne.. Au bout de la piste, nous suivons jusqu\u2019au col d&rsquo;Artigaux (alt 1382 m) un magnifique single en corniche au milieu d\u2019une for\u00eat de h\u00eatres qui descend en pentes vertigineuses vers le fond de la vall\u00e9e.<\/p>\n<p style=\"text-align: center;\"><a href=\"https:\/\/i0.wp.com\/fontenillesvtt.fr\/wp\/wp-content\/uploads\/2011\/09\/IMG_03131.jpg\"><img data-recalc-dims=\"1\" loading=\"lazy\" decoding=\"async\" data-attachment-id=\"1130\" data-permalink=\"https:\/\/fontenilles-vtt.fr\/wp\/?attachment_id=1130\" data-orig-file=\"https:\/\/i0.wp.com\/fontenilles-vtt.fr\/wp\/wp-content\/uploads\/2011\/09\/IMG_03131.jpg?fit=2816%2C2112&amp;ssl=1\" data-orig-size=\"2816,2112\" data-comments-opened=\"1\" data-image-meta=\"{&quot;aperture&quot;:&quot;2.7&quot;,&quot;credit&quot;:&quot;&quot;,&quot;camera&quot;:&quot;Canon IXUS 220 HS&quot;,&quot;caption&quot;:&quot;&quot;,&quot;created_timestamp&quot;:&quot;1316951663&quot;,&quot;copyright&quot;:&quot;&quot;,&quot;focal_length&quot;:&quot;4.3&quot;,&quot;iso&quot;:&quot;200&quot;,&quot;shutter_speed&quot;:&quot;0.01&quot;,&quot;title&quot;:&quot;&quot;}\" data-image-title=\"un single de folie\" data-image-description=\"\" data-image-caption=\"\" data-medium-file=\"https:\/\/i0.wp.com\/fontenilles-vtt.fr\/wp\/wp-content\/uploads\/2011\/09\/IMG_03131.jpg?fit=300%2C225&amp;ssl=1\" data-large-file=\"https:\/\/i0.wp.com\/fontenilles-vtt.fr\/wp\/wp-content\/uploads\/2011\/09\/IMG_03131.jpg?fit=590%2C443&amp;ssl=1\" class=\"alignnone size-medium wp-image-1130\" title=\"un single de folie\" src=\"https:\/\/i0.wp.com\/fontenillesvtt.fr\/wp\/wp-content\/uploads\/2011\/09\/IMG_03131-300x225.jpg?resize=300%2C225\" alt=\"\" width=\"300\" height=\"225\" srcset=\"https:\/\/i0.wp.com\/fontenilles-vtt.fr\/wp\/wp-content\/uploads\/2011\/09\/IMG_03131.jpg?resize=300%2C225&amp;ssl=1 300w, https:\/\/i0.wp.com\/fontenilles-vtt.fr\/wp\/wp-content\/uploads\/2011\/09\/IMG_03131.jpg?resize=1024%2C768&amp;ssl=1 1024w, https:\/\/i0.wp.com\/fontenilles-vtt.fr\/wp\/wp-content\/uploads\/2011\/09\/IMG_03131.jpg?w=1180&amp;ssl=1 1180w, https:\/\/i0.wp.com\/fontenilles-vtt.fr\/wp\/wp-content\/uploads\/2011\/09\/IMG_03131.jpg?w=1770&amp;ssl=1 1770w\" sizes=\"(max-width: 300px) 100vw, 300px\" \/><\/a><\/p>\n<p style=\"text-align: left;\">De ce col , nous rejoignons la station de ski du Mourtis puis le col de Ment\u00e9, apr\u00e8s un pique nique au milieu des remont\u00e9es abandonn\u00e9es jusqu\u2019\u00e0 la prochaine saison d\u2019hiver.<\/p>\n<p>A partir du col de Ment\u00e9, le groupe ne sait pas encore que deux heures \u00e9prouvantes pour le physique et le moral des VTTistes vont commencer. D\u2019abord la piste foresti\u00e8re suivie n\u2019est pas si roulante que \u00e7a. La progression y est difficile. Sam y coince la chaine et gal\u00e8re un bon moment avant d\u2019arriver \u00e0 r\u00e9parer. Et puis la piste s\u2019arr\u00eate soudain sur un \u00e9boulis. Ce n\u2019\u00e9tait pas la bonne. L\u2019autre piste est un peu en dessous dans la for\u00eat. Un peu de portage et de descente et nous voila \u00e0 nouveau sur la trace! S\u2019en suit une bonne mont\u00e9e jusqu\u2019au refuge de Larreix ( alt 1470m), avec une grosse performance de Pascal dans l\u2019ascension.<\/p>\n<p style=\"text-align: center;\"><a href=\"https:\/\/i0.wp.com\/fontenillesvtt.fr\/wp\/wp-content\/uploads\/2011\/09\/IMG_03151.jpg\"><img data-recalc-dims=\"1\" loading=\"lazy\" decoding=\"async\" data-attachment-id=\"1129\" data-permalink=\"https:\/\/fontenilles-vtt.fr\/wp\/?attachment_id=1129\" data-orig-file=\"https:\/\/i0.wp.com\/fontenilles-vtt.fr\/wp\/wp-content\/uploads\/2011\/09\/IMG_03151.jpg?fit=2816%2C2112&amp;ssl=1\" data-orig-size=\"2816,2112\" data-comments-opened=\"1\" data-image-meta=\"{&quot;aperture&quot;:&quot;3.2&quot;,&quot;credit&quot;:&quot;&quot;,&quot;camera&quot;:&quot;Canon IXUS 220 HS&quot;,&quot;caption&quot;:&quot;&quot;,&quot;created_timestamp&quot;:&quot;1316960187&quot;,&quot;copyright&quot;:&quot;&quot;,&quot;focal_length&quot;:&quot;5.443&quot;,&quot;iso&quot;:&quot;125&quot;,&quot;shutter_speed&quot;:&quot;0.001&quot;,&quot;title&quot;:&quot;&quot;}\" data-image-title=\"si seulement ils avaient des bi\u00e8res au frais !\" data-image-description=\"\" data-image-caption=\"\" data-medium-file=\"https:\/\/i0.wp.com\/fontenilles-vtt.fr\/wp\/wp-content\/uploads\/2011\/09\/IMG_03151.jpg?fit=300%2C225&amp;ssl=1\" data-large-file=\"https:\/\/i0.wp.com\/fontenilles-vtt.fr\/wp\/wp-content\/uploads\/2011\/09\/IMG_03151.jpg?fit=590%2C443&amp;ssl=1\" class=\"alignnone size-medium wp-image-1129\" title=\"si seulement ils avaient des bi\u00e8res au frais !\" src=\"https:\/\/i0.wp.com\/fontenillesvtt.fr\/wp\/wp-content\/uploads\/2011\/09\/IMG_03151-300x225.jpg?resize=300%2C225\" alt=\"\" width=\"300\" height=\"225\" srcset=\"https:\/\/i0.wp.com\/fontenilles-vtt.fr\/wp\/wp-content\/uploads\/2011\/09\/IMG_03151.jpg?resize=300%2C225&amp;ssl=1 300w, https:\/\/i0.wp.com\/fontenilles-vtt.fr\/wp\/wp-content\/uploads\/2011\/09\/IMG_03151.jpg?resize=1024%2C768&amp;ssl=1 1024w, https:\/\/i0.wp.com\/fontenilles-vtt.fr\/wp\/wp-content\/uploads\/2011\/09\/IMG_03151.jpg?w=1180&amp;ssl=1 1180w, https:\/\/i0.wp.com\/fontenilles-vtt.fr\/wp\/wp-content\/uploads\/2011\/09\/IMG_03151.jpg?w=1770&amp;ssl=1 1770w\" sizes=\"(max-width: 300px) 100vw, 300px\" \/><\/a><\/p>\n<p>H\u00e9las, le sentier qui doit nous redescendre jusqu\u2019\u00e0 la voiture n\u2019est pas praticable au moins sur sa premi\u00e8re partie, et sous l\u2019\u0153il narquois des biches, il nous faut faire demi tour. De retour au refuge, une longue descente de pr\u00e8s de 10 km, peu ludique mais reposante, nous ram\u00e8ne \u00e0 la voiture que l\u2019on atteint apr\u00e8s avoir doubl\u00e9 un troupeau en transhumance. Il est d\u00e9j\u00e0 16h et apr\u00e8s 45 km et 1700m de D+, les VTTistes ont tout donn\u00e9, sans perdre la bonne humeur !<\/p>\n","protected":false},"excerpt":{"rendered":"<p>Quatre pyr\u00e9n\u00e9ens aux couleurs de Fontenilles VTT se sont \u00e9lanc\u00e9s sur les pentes du Cagire ce week end : Guillaume ( Go ), Pascal, Sam et Fred. A 10h00, les&#8230; <\/p>\n<div class=\"read-more\"><a href=\"https:\/\/fontenilles-vtt.fr\/wp\/?p=1116\">Lire la suite<\/a><\/div>\n","protected":false},"author":1,"featured_media":0,"comment_status":"open","ping_status":"closed","sticky":false,"template":"","format":"standard","meta":{"om_disable_all_campaigns":false,"_monsterinsights_skip_tracking":false,"_monsterinsights_sitenote_active":false,"_monsterinsights_sitenote_note":"","_monsterinsights_sitenote_category":0,"ngg_post_thumbnail":0,"jetpack_post_was_ever_published":false,"_jetpack_newsletter_access":"","_jetpack_dont_email_post_to_subs":false,"_jetpack_newsletter_tier_id":0,"_jetpack_memberships_contains_paywalled_content":false,"_jetpack_memberships_contains_paid_content":false,"footnotes":"","jetpack_publicize_message":"","jetpack_publicize_feature_enabled":true,"jetpack_social_post_already_shared":false,"jetpack_social_options":{"image_generator_settings":{"template":"highway","enabled":false},"version":2}},"categories":[4],"tags":[],"jetpack_publicize_connections":[],"aioseo_notices":[],"jetpack_featured_media_url":"","jetpack_sharing_enabled":true,"jetpack_shortlink":"https:\/\/wp.me\/p9SYmx-i0","jetpack-related-posts":[],"post_mailing_queue_ids":[],"_links":{"self":[{"href":"https:\/\/fontenilles-vtt.fr\/wp\/index.php?rest_route=\/wp\/v2\/posts\/1116"}],"collection":[{"href":"https:\/\/fontenilles-vtt.fr\/wp\/index.php?rest_route=\/wp\/v2\/posts"}],"about":[{"href":"https:\/\/fontenilles-vtt.fr\/wp\/index.php?rest_route=\/wp\/v2\/types\/post"}],"author":[{"embeddable":true,"href":"https:\/\/fontenilles-vtt.fr\/wp\/index.php?rest_route=\/wp\/v2\/users\/1"}],"replies":[{"embeddable":true,"href":"https:\/\/fontenilles-vtt.fr\/wp\/index.php?rest_route=%2Fwp%2Fv2%2Fcomments&post=1116"}],"version-history":[{"count":8,"href":"https:\/\/fontenilles-vtt.fr\/wp\/index.php?rest_route=\/wp\/v2\/posts\/1116\/revisions"}],"predecessor-version":[{"id":1120,"href":"https:\/\/fontenilles-vtt.fr\/wp\/index.php?rest_route=\/wp\/v2\/posts\/1116\/revisions\/1120"}],"wp:attachment":[{"href":"https:\/\/fontenilles-vtt.fr\/wp\/index.php?rest_route=%2Fwp%2Fv2%2Fmedia&parent=1116"}],"wp:term":[{"taxonomy":"category","embeddable":true,"href":"https:\/\/fontenilles-vtt.fr\/wp\/index.php?rest_route=%2Fwp%2Fv2%2Fcategories&post=1116"},{"taxonomy":"post_tag","embeddable":true,"href":"https:\/\/fontenilles-vtt.fr\/wp\/index.php?rest_route=%2Fwp%2Fv2%2Ftags&post=1116"}],"curies":[{"name":"wp","href":"https:\/\/api.w.org\/{rel}","templated":true}]}}