{"id":1217,"date":"2011-11-07T09:54:15","date_gmt":"2011-11-07T08:54:15","guid":{"rendered":"http:\/\/fontenillesvtt.fr\/wp\/?p=1217"},"modified":"2011-11-07T09:54:15","modified_gmt":"2011-11-07T08:54:15","slug":"le-cyclocross-de-lisle-jourdain-6-nov","status":"publish","type":"post","link":"https:\/\/fontenilles-vtt.fr\/wp\/?p=1217","title":{"rendered":"Le CycloCross de l&rsquo;Isle Jourdain, 6 nov"},"content":{"rendered":"<p>Ils \u00e9taient peu nombreux ce matin \u00e0 avoir brav\u00e9 la pluie torrentielle pour venir se d\u00e9gourdir les jambes au V\u00e9loscope. Seulement une quinzaine de participants dont 3 repr\u00e9sentants des orange m\u00e9canique, Fred notre secr\u00e9taire, Nico le jeune en forme et le vieux castor. Un RDV apr\u00e8s grasse mat \u00e0 11H30 pour un parcours de 750m avec difficult\u00e9s urbaines \u00e0 faire un maximum de fois en 40 minutes. Il y a des sp\u00e9cialistes de la discipline alors il va falloir sortir le grand jeu. Pas de grande difficult\u00e9 dans le parcours, surtout des franchissements avec portage de v\u00e9lo sur plat et en mont\u00e9e, passage de devers, franchissement de petite marche et trottoir. Le parcours est tr\u00e8s ludique, le rythme soutenu avec des relances permanentes pour rester dans le rythme et le parcours tr\u00e8s gras et glissant avec une diff\u00e9rence de style entre les v\u00e9los de cyclocross et les VTT. Au final, pas de surprise les cyclos sont devant (+2 tours), mais les orange sont ensemble derri\u00e8re avec une petite avance pour Nico et un petit retard pour Fred encore limit\u00e9 par sa grippe de la semaine derni\u00e8re (12 tours). Apr\u00e8s un petit pot sympa et des distributions de lots, une bonne douche est n\u00e9cessaire. Prochain RDV au V\u00e9loscope, fin janvier pour une course en sprint sur home trainer, encore une \u00e9preuve ludique \u00e0 partager ensemble pour un moment de rigolade.<\/p>\n<p>Nico, Fred et Castor s\u2019associent pour vous proposer de faire une petite soir\u00e9e au v\u00e9loscope avec un petit contest sur la piste en bois, les v\u00e9los sont fournis, les chronos sont en place, une petite id\u00e9e \u00e0 suivre pour les week-ends pluvieux de l\u2019hiver.<\/p>\n<p>Merci \u00e0 notre JJ pour sa visite pour nous encourager, mais vu que l\u2019horaire avait \u00e9t\u00e9 d\u00e9cal\u00e9, il est arriv\u00e9 un peu \u00e0 la fin\u2026 On l\u2019excuse il avait couru toute la nuit avec les Dahus de Bouconne avec les \u00e9quipes du vert luisant.<\/p>\n<p>Bravo aussi \u00e0 Samuel qui s&rsquo;est illustr\u00e9 lui au cyclocross de Martes Tolosane.<\/p>\n<p>Castor<\/p>\n","protected":false},"excerpt":{"rendered":"<p>Ils \u00e9taient peu nombreux ce matin \u00e0 avoir brav\u00e9 la pluie torrentielle pour venir se d\u00e9gourdir les jambes au V\u00e9loscope. Seulement une quinzaine de participants dont 3 repr\u00e9sentants des orange&#8230; <\/p>\n<div class=\"read-more\"><a href=\"https:\/\/fontenilles-vtt.fr\/wp\/?p=1217\">Lire la suite<\/a><\/div>\n","protected":false},"author":1,"featured_media":0,"comment_status":"open","ping_status":"closed","sticky":false,"template":"","format":"standard","meta":{"om_disable_all_campaigns":false,"_monsterinsights_skip_tracking":false,"_monsterinsights_sitenote_active":false,"_monsterinsights_sitenote_note":"","_monsterinsights_sitenote_category":0,"ngg_post_thumbnail":0,"jetpack_post_was_ever_published":false,"_jetpack_newsletter_access":"","_jetpack_dont_email_post_to_subs":false,"_jetpack_newsletter_tier_id":0,"_jetpack_memberships_contains_paywalled_content":false,"_jetpack_memberships_contains_paid_content":false,"footnotes":"","jetpack_publicize_message":"","jetpack_publicize_feature_enabled":true,"jetpack_social_post_already_shared":false,"jetpack_social_options":{"image_generator_settings":{"template":"highway","enabled":false},"version":2}},"categories":[4],"tags":[],"jetpack_publicize_connections":[],"aioseo_notices":[],"jetpack_featured_media_url":"","jetpack_sharing_enabled":true,"jetpack_shortlink":"https:\/\/wp.me\/p9SYmx-jD","jetpack-related-posts":[],"post_mailing_queue_ids":[],"_links":{"self":[{"href":"https:\/\/fontenilles-vtt.fr\/wp\/index.php?rest_route=\/wp\/v2\/posts\/1217"}],"collection":[{"href":"https:\/\/fontenilles-vtt.fr\/wp\/index.php?rest_route=\/wp\/v2\/posts"}],"about":[{"href":"https:\/\/fontenilles-vtt.fr\/wp\/index.php?rest_route=\/wp\/v2\/types\/post"}],"author":[{"embeddable":true,"href":"https:\/\/fontenilles-vtt.fr\/wp\/index.php?rest_route=\/wp\/v2\/users\/1"}],"replies":[{"embeddable":true,"href":"https:\/\/fontenilles-vtt.fr\/wp\/index.php?rest_route=%2Fwp%2Fv2%2Fcomments&post=1217"}],"version-history":[{"count":2,"href":"https:\/\/fontenilles-vtt.fr\/wp\/index.php?rest_route=\/wp\/v2\/posts\/1217\/revisions"}],"predecessor-version":[{"id":1219,"href":"https:\/\/fontenilles-vtt.fr\/wp\/index.php?rest_route=\/wp\/v2\/posts\/1217\/revisions\/1219"}],"wp:attachment":[{"href":"https:\/\/fontenilles-vtt.fr\/wp\/index.php?rest_route=%2Fwp%2Fv2%2Fmedia&parent=1217"}],"wp:term":[{"taxonomy":"category","embeddable":true,"href":"https:\/\/fontenilles-vtt.fr\/wp\/index.php?rest_route=%2Fwp%2Fv2%2Fcategories&post=1217"},{"taxonomy":"post_tag","embeddable":true,"href":"https:\/\/fontenilles-vtt.fr\/wp\/index.php?rest_route=%2Fwp%2Fv2%2Ftags&post=1217"}],"curies":[{"name":"wp","href":"https:\/\/api.w.org\/{rel}","templated":true}]}}