{"id":1247,"date":"2011-11-28T14:15:47","date_gmt":"2011-11-28T13:15:47","guid":{"rendered":"http:\/\/fontenillesvtt.fr\/wp\/?p=1247"},"modified":"2011-11-28T14:15:47","modified_gmt":"2011-11-28T13:15:47","slug":"ccr-de-la-sortie-de-samedi-26-novembre-decouverte-des-singles-enduro-de-lisle-jourdain-bilan-une-belle-apres-midi-et-un-ami-au-tapis","status":"publish","type":"post","link":"https:\/\/fontenilles-vtt.fr\/wp\/?p=1247","title":{"rendered":"CCR de la sortie de samedi 26 novembre : D\u00e9couverte des singles enduro de L&rsquo;Isle-Jourdain, bilan une belle apr\u00e8s-midi et un ami au tapis"},"content":{"rendered":"<p>Trois membres du club (Guillaume GODARD, J\u00e9r\u00f4me et Castor) se sont gliss\u00e9s dans le groupe de VTTistes Lislois afin de d\u00e9couvrir les pistes d\u2019enduro r\u00e9alis\u00e9s sur les coteaux de L\u2019Isle-Jourdain.<\/p>\n<p>L\u2019apr\u00e8s-midi a super bien commenc\u00e9 avec des singles super sympa taill\u00e9s dans la for\u00eat avec de belles pentes, des passages techniques, sauts en tout genre, passages relev\u00e9s,\u2026\u00a0Tr\u00e8s sympa, nous avons fait sept ou huit descentes et nous avons fini par admirer les sp\u00e9cialistes sur des tremplins r\u00e9alis\u00e9s sur le bas de la piste.\u00a0Impressionnant pour des novices. Certains ont voulu s\u2019y essayer.<\/p>\n<p>Malheureusement, notre camarade Guillaume a fait une tr\u00e8s mauvaise chute suite \u00e0 une r\u00e9ception compliqu\u00e9e sur un tremplin un peu trop haut et il a fini son apr\u00e8s-midi dans l\u2019ambulance des pompiers direction l\u2019h\u00f4pital. Il a, au moins une belle fracture de la clavicule et une grosse douleur au niveau des vert\u00e8bres lombaires, des plaies et des bosses un peu partout, une grosse grosse gamelle. Evacuation de la for\u00eat sur une civi\u00e8re et tout le toutim. Il a \u00e9t\u00e9 \u00e9vacu\u00e9 sur Purpan et en a pour quelques mois de r\u00e9cup\u00e9ration.<\/p>\n<p>Sinon f\u00e9licitation \u00e0 l&rsquo;\u00e9quipe d&rsquo;enduriste de l&rsquo;Isle, batisseur de ponts, de\u00a0sauts et de virages relev\u00e9\u00a0encore plus travailleur que Castor&#8230;.. ils ont fait du sacr\u00e9 boulot ds le bois de \u00ab\u00a0montagne\u00a0\u00bb. Des que ca va mieux nous y retounerons en \u00e9tant bcp plus raisonnable&#8230; \u00a0car les descentes sont aux top pour\u00a0le coin.<\/p>\n<p>Nous pensons tous \u00e0 Guillaume et souhaitons le revoir au plus vite dans les coteaux gersois.<\/p>\n","protected":false},"excerpt":{"rendered":"<p>Trois membres du club (Guillaume GODARD, J\u00e9r\u00f4me et Castor) se sont gliss\u00e9s dans le groupe de VTTistes Lislois afin de d\u00e9couvrir les pistes d\u2019enduro r\u00e9alis\u00e9s sur les coteaux de L\u2019Isle-Jourdain&#8230;. <\/p>\n<div class=\"read-more\"><a href=\"https:\/\/fontenilles-vtt.fr\/wp\/?p=1247\">Lire la suite<\/a><\/div>\n","protected":false},"author":1,"featured_media":0,"comment_status":"open","ping_status":"closed","sticky":false,"template":"","format":"standard","meta":{"om_disable_all_campaigns":false,"_monsterinsights_skip_tracking":false,"_monsterinsights_sitenote_active":false,"_monsterinsights_sitenote_note":"","_monsterinsights_sitenote_category":0,"ngg_post_thumbnail":0,"jetpack_post_was_ever_published":false,"_jetpack_newsletter_access":"","_jetpack_dont_email_post_to_subs":false,"_jetpack_newsletter_tier_id":0,"_jetpack_memberships_contains_paywalled_content":false,"_jetpack_memberships_contains_paid_content":false,"footnotes":"","jetpack_publicize_message":"","jetpack_publicize_feature_enabled":true,"jetpack_social_post_already_shared":false,"jetpack_social_options":{"image_generator_settings":{"template":"highway","enabled":false},"version":2}},"categories":[4],"tags":[],"jetpack_publicize_connections":[],"aioseo_notices":[],"jetpack_featured_media_url":"","jetpack_sharing_enabled":true,"jetpack_shortlink":"https:\/\/wp.me\/p9SYmx-k7","jetpack-related-posts":[],"post_mailing_queue_ids":[],"_links":{"self":[{"href":"https:\/\/fontenilles-vtt.fr\/wp\/index.php?rest_route=\/wp\/v2\/posts\/1247"}],"collection":[{"href":"https:\/\/fontenilles-vtt.fr\/wp\/index.php?rest_route=\/wp\/v2\/posts"}],"about":[{"href":"https:\/\/fontenilles-vtt.fr\/wp\/index.php?rest_route=\/wp\/v2\/types\/post"}],"author":[{"embeddable":true,"href":"https:\/\/fontenilles-vtt.fr\/wp\/index.php?rest_route=\/wp\/v2\/users\/1"}],"replies":[{"embeddable":true,"href":"https:\/\/fontenilles-vtt.fr\/wp\/index.php?rest_route=%2Fwp%2Fv2%2Fcomments&post=1247"}],"version-history":[{"count":1,"href":"https:\/\/fontenilles-vtt.fr\/wp\/index.php?rest_route=\/wp\/v2\/posts\/1247\/revisions"}],"predecessor-version":[{"id":1248,"href":"https:\/\/fontenilles-vtt.fr\/wp\/index.php?rest_route=\/wp\/v2\/posts\/1247\/revisions\/1248"}],"wp:attachment":[{"href":"https:\/\/fontenilles-vtt.fr\/wp\/index.php?rest_route=%2Fwp%2Fv2%2Fmedia&parent=1247"}],"wp:term":[{"taxonomy":"category","embeddable":true,"href":"https:\/\/fontenilles-vtt.fr\/wp\/index.php?rest_route=%2Fwp%2Fv2%2Fcategories&post=1247"},{"taxonomy":"post_tag","embeddable":true,"href":"https:\/\/fontenilles-vtt.fr\/wp\/index.php?rest_route=%2Fwp%2Fv2%2Ftags&post=1247"}],"curies":[{"name":"wp","href":"https:\/\/api.w.org\/{rel}","templated":true}]}}