{"id":2223,"date":"2015-06-07T19:48:48","date_gmt":"2015-06-07T17:48:48","guid":{"rendered":"http:\/\/fontenillesvtt.fr\/wp\/?p=2223"},"modified":"2015-06-12T10:55:15","modified_gmt":"2015-06-12T08:55:15","slug":"merci-a-tous-une-11e-cg-au-top-avec-des-participants-fantastiques","status":"publish","type":"post","link":"https:\/\/fontenilles-vtt.fr\/wp\/?p=2223","title":{"rendered":"Merci \u00e0 tous, une 11e CG au top avec des participants fantastiques"},"content":{"rendered":"<p>Voici donc ,un petit CR \u00e0 chaud.<\/p>\n<p>&nbsp;<\/p>\n<p>Tout d&rsquo;abord, pour ceux qui cherchent des photos o\u00f9 ils pourraient \u00eatre, allez visiter ce lien, vous pourrez demander la version HD \u00e0 l&rsquo;adresse email au bas de l&rsquo;album:<\/p>\n<p><a href=\"https:\/\/goo.gl\/photos\/UNsccCMBhm4T9x4t9\">https:\/\/goo.gl\/photos\/UNsccCMBhm4T9x4t9<\/a><\/p>\n<p><a href=\"https:\/\/i0.wp.com\/fontenillesvtt.fr\/wp\/wp-content\/uploads\/2015\/06\/teaser_photos.jpg\"><img data-recalc-dims=\"1\" loading=\"lazy\" decoding=\"async\" data-attachment-id=\"2232\" data-permalink=\"https:\/\/fontenilles-vtt.fr\/wp\/?attachment_id=2232\" data-orig-file=\"https:\/\/i0.wp.com\/fontenilles-vtt.fr\/wp\/wp-content\/uploads\/2015\/06\/teaser_photos.jpg?fit=1393%2C742&amp;ssl=1\" data-orig-size=\"1393,742\" data-comments-opened=\"1\" data-image-meta=\"{&quot;aperture&quot;:&quot;0&quot;,&quot;credit&quot;:&quot;&quot;,&quot;camera&quot;:&quot;&quot;,&quot;caption&quot;:&quot;&quot;,&quot;created_timestamp&quot;:&quot;0&quot;,&quot;copyright&quot;:&quot;&quot;,&quot;focal_length&quot;:&quot;0&quot;,&quot;iso&quot;:&quot;0&quot;,&quot;shutter_speed&quot;:&quot;0&quot;,&quot;title&quot;:&quot;&quot;,&quot;orientation&quot;:&quot;0&quot;}\" data-image-title=\"teaser_photos\" data-image-description=\"\" data-image-caption=\"\" data-medium-file=\"https:\/\/i0.wp.com\/fontenilles-vtt.fr\/wp\/wp-content\/uploads\/2015\/06\/teaser_photos.jpg?fit=300%2C160&amp;ssl=1\" data-large-file=\"https:\/\/i0.wp.com\/fontenilles-vtt.fr\/wp\/wp-content\/uploads\/2015\/06\/teaser_photos.jpg?fit=590%2C314&amp;ssl=1\" class=\"aligncenter size-medium wp-image-2232\" src=\"https:\/\/i0.wp.com\/fontenillesvtt.fr\/wp\/wp-content\/uploads\/2015\/06\/teaser_photos-300x160.jpg?resize=300%2C160\" alt=\"teaser_photos\" width=\"300\" height=\"160\" srcset=\"https:\/\/i0.wp.com\/fontenilles-vtt.fr\/wp\/wp-content\/uploads\/2015\/06\/teaser_photos.jpg?resize=300%2C160&amp;ssl=1 300w, https:\/\/i0.wp.com\/fontenilles-vtt.fr\/wp\/wp-content\/uploads\/2015\/06\/teaser_photos.jpg?resize=1024%2C545&amp;ssl=1 1024w, https:\/\/i0.wp.com\/fontenilles-vtt.fr\/wp\/wp-content\/uploads\/2015\/06\/teaser_photos.jpg?w=1393&amp;ssl=1 1393w, https:\/\/i0.wp.com\/fontenilles-vtt.fr\/wp\/wp-content\/uploads\/2015\/06\/teaser_photos.jpg?w=1180&amp;ssl=1 1180w\" sizes=\"(max-width: 300px) 100vw, 300px\" \/><\/a><\/p>\n<p>&nbsp;<\/p>\n<p>Merci beaucoup au soleil d&rsquo;abord, tr\u00e8s pr\u00e9sent, mes \u00e9paules s&rsquo;en souviendront longtemps, aux participants, tr\u00e8s nombreux, tr\u00e8s motiv\u00e9s et tr\u00e8s sympas, j&rsquo;ai pu le tester en roulant avec eux avant de d\u00e9baliser, et aux organisateurs et b\u00e9n\u00e9voles qui ont fait de cette 11e C\u00f4tes Gasconnes une f\u00eate exceptionnelle.<\/p>\n<p>Les cr\u00eapes \u00e9taient au rendez-vous, les g\u00e2teaux maison en nombre, m\u00eame des oreillettes sur certains ravitos, le p\u00e2t\u00e9, la saucisse, la bi\u00e8re, rien n&rsquo;a manqu\u00e9, et ce fut un plaisir.<\/p>\n<p>Le travail des semaines pr\u00e9c\u00e9dentes a bien pay\u00e9 car les parcours \u00e9taient roulants, bien d\u00e9gag\u00e9s, bien secs, avec ce qu&rsquo;il faut de jolis singles descendants (Pujaudran, le Moudran, le bord de Save), un peu de t\u00f4le ondul\u00e9e pour casser les pattes et rendre la sortie un peu plus physique, un maximum d&rsquo;ombre, quelques routes in\u00e9vitables, des mont\u00e9es, mais pas trop.<\/p>\n<p>Bravo \u00e0 mes 3 pupilles, les jeunes de Gimont, qui ont boucl\u00e9, \u00e0 13 ans, le 45 km avec beaucoup de volont\u00e9, et f\u00e9licitations \u00e0 Noan pour sa premi\u00e8re participation.<\/p>\n<p>F\u00e9licitations \u00e0 Castor\u00a0pour son organisation, Philippe et sa famille pour la pr\u00e9paration,\u00a0et un grand merci \u00e0 toute l&rsquo;\u00e9quipe de courir \u00e0 Fontenilles qui nous a apport\u00e9 une aide indispensable sur tous les ravitos aux d\u00e9parts etc.<\/p>\n<p>Pas de doute, nous remettrons cela l&rsquo;an prochain. Entre temps, la semaine du v\u00e9lo de l&rsquo;Isle-Jourdain continu, alors profitez-en.<\/p>\n<p>Et si vous souhaitez vous joindre \u00e0 nous r\u00e9guli\u00e8rement pour rouler, nous acceptons les nouveaux adh\u00e9rents avec plaisir.<\/p>\n<p><a href=\"https:\/\/i0.wp.com\/fontenillesvtt.fr\/wp\/wp-content\/uploads\/2015\/06\/2015-06-07-12.41.46.jpg\"><img data-recalc-dims=\"1\" loading=\"lazy\" decoding=\"async\" data-attachment-id=\"2224\" data-permalink=\"https:\/\/fontenilles-vtt.fr\/wp\/?attachment_id=2224\" data-orig-file=\"https:\/\/i0.wp.com\/fontenilles-vtt.fr\/wp\/wp-content\/uploads\/2015\/06\/2015-06-07-12.41.46.jpg?fit=4128%2C2322&amp;ssl=1\" data-orig-size=\"4128,2322\" data-comments-opened=\"1\" data-image-meta=\"{&quot;aperture&quot;:&quot;2.2&quot;,&quot;credit&quot;:&quot;&quot;,&quot;camera&quot;:&quot;GT-I9505&quot;,&quot;caption&quot;:&quot;&quot;,&quot;created_timestamp&quot;:&quot;1433680906&quot;,&quot;copyright&quot;:&quot;&quot;,&quot;focal_length&quot;:&quot;4.2&quot;,&quot;iso&quot;:&quot;50&quot;,&quot;shutter_speed&quot;:&quot;0.00077881619937695&quot;,&quot;title&quot;:&quot;&quot;,&quot;orientation&quot;:&quot;1&quot;}\" data-image-title=\"2015-06-07 12.41.46\" data-image-description=\"\" data-image-caption=\"\" data-medium-file=\"https:\/\/i0.wp.com\/fontenilles-vtt.fr\/wp\/wp-content\/uploads\/2015\/06\/2015-06-07-12.41.46.jpg?fit=300%2C169&amp;ssl=1\" data-large-file=\"https:\/\/i0.wp.com\/fontenilles-vtt.fr\/wp\/wp-content\/uploads\/2015\/06\/2015-06-07-12.41.46.jpg?fit=590%2C332&amp;ssl=1\" class=\"aligncenter size-medium wp-image-2224\" src=\"https:\/\/i0.wp.com\/fontenillesvtt.fr\/wp\/wp-content\/uploads\/2015\/06\/2015-06-07-12.41.46-300x169.jpg?resize=300%2C169\" alt=\"2015-06-07 12.41.46\" width=\"300\" height=\"169\" srcset=\"https:\/\/i0.wp.com\/fontenilles-vtt.fr\/wp\/wp-content\/uploads\/2015\/06\/2015-06-07-12.41.46.jpg?resize=300%2C169&amp;ssl=1 300w, https:\/\/i0.wp.com\/fontenilles-vtt.fr\/wp\/wp-content\/uploads\/2015\/06\/2015-06-07-12.41.46.jpg?resize=1024%2C576&amp;ssl=1 1024w, https:\/\/i0.wp.com\/fontenilles-vtt.fr\/wp\/wp-content\/uploads\/2015\/06\/2015-06-07-12.41.46.jpg?w=1180&amp;ssl=1 1180w, https:\/\/i0.wp.com\/fontenilles-vtt.fr\/wp\/wp-content\/uploads\/2015\/06\/2015-06-07-12.41.46.jpg?w=1770&amp;ssl=1 1770w\" sizes=\"(max-width: 300px) 100vw, 300px\" \/><\/a> <a href=\"https:\/\/i0.wp.com\/fontenillesvtt.fr\/wp\/wp-content\/uploads\/2015\/06\/2015-06-07-12.41.42.jpg\"><img data-recalc-dims=\"1\" loading=\"lazy\" decoding=\"async\" data-attachment-id=\"2225\" data-permalink=\"https:\/\/fontenilles-vtt.fr\/wp\/?attachment_id=2225\" data-orig-file=\"https:\/\/i0.wp.com\/fontenilles-vtt.fr\/wp\/wp-content\/uploads\/2015\/06\/2015-06-07-12.41.42.jpg?fit=4128%2C2322&amp;ssl=1\" data-orig-size=\"4128,2322\" data-comments-opened=\"1\" data-image-meta=\"{&quot;aperture&quot;:&quot;2.2&quot;,&quot;credit&quot;:&quot;&quot;,&quot;camera&quot;:&quot;GT-I9505&quot;,&quot;caption&quot;:&quot;&quot;,&quot;created_timestamp&quot;:&quot;1433680902&quot;,&quot;copyright&quot;:&quot;&quot;,&quot;focal_length&quot;:&quot;4.2&quot;,&quot;iso&quot;:&quot;50&quot;,&quot;shutter_speed&quot;:&quot;0.0013477088948787&quot;,&quot;title&quot;:&quot;&quot;,&quot;orientation&quot;:&quot;1&quot;}\" data-image-title=\"2015-06-07 12.41.42\" data-image-description=\"\" data-image-caption=\"\" data-medium-file=\"https:\/\/i0.wp.com\/fontenilles-vtt.fr\/wp\/wp-content\/uploads\/2015\/06\/2015-06-07-12.41.42.jpg?fit=300%2C169&amp;ssl=1\" data-large-file=\"https:\/\/i0.wp.com\/fontenilles-vtt.fr\/wp\/wp-content\/uploads\/2015\/06\/2015-06-07-12.41.42.jpg?fit=590%2C332&amp;ssl=1\" class=\"aligncenter size-medium wp-image-2225\" src=\"https:\/\/i0.wp.com\/fontenillesvtt.fr\/wp\/wp-content\/uploads\/2015\/06\/2015-06-07-12.41.42-300x169.jpg?resize=300%2C169\" alt=\"2015-06-07 12.41.42\" width=\"300\" height=\"169\" srcset=\"https:\/\/i0.wp.com\/fontenilles-vtt.fr\/wp\/wp-content\/uploads\/2015\/06\/2015-06-07-12.41.42.jpg?resize=300%2C169&amp;ssl=1 300w, https:\/\/i0.wp.com\/fontenilles-vtt.fr\/wp\/wp-content\/uploads\/2015\/06\/2015-06-07-12.41.42.jpg?resize=1024%2C576&amp;ssl=1 1024w, https:\/\/i0.wp.com\/fontenilles-vtt.fr\/wp\/wp-content\/uploads\/2015\/06\/2015-06-07-12.41.42.jpg?w=1180&amp;ssl=1 1180w, https:\/\/i0.wp.com\/fontenilles-vtt.fr\/wp\/wp-content\/uploads\/2015\/06\/2015-06-07-12.41.42.jpg?w=1770&amp;ssl=1 1770w\" sizes=\"(max-width: 300px) 100vw, 300px\" \/><\/a> <a href=\"https:\/\/i0.wp.com\/fontenillesvtt.fr\/wp\/wp-content\/uploads\/2015\/06\/2015-06-07-09.49.09.jpg\"><img data-recalc-dims=\"1\" loading=\"lazy\" decoding=\"async\" data-attachment-id=\"2226\" data-permalink=\"https:\/\/fontenilles-vtt.fr\/wp\/?attachment_id=2226\" data-orig-file=\"https:\/\/i0.wp.com\/fontenilles-vtt.fr\/wp\/wp-content\/uploads\/2015\/06\/2015-06-07-09.49.09.jpg?fit=4128%2C2322&amp;ssl=1\" data-orig-size=\"4128,2322\" data-comments-opened=\"1\" data-image-meta=\"{&quot;aperture&quot;:&quot;2.2&quot;,&quot;credit&quot;:&quot;&quot;,&quot;camera&quot;:&quot;GT-I9505&quot;,&quot;caption&quot;:&quot;&quot;,&quot;created_timestamp&quot;:&quot;1433670549&quot;,&quot;copyright&quot;:&quot;&quot;,&quot;focal_length&quot;:&quot;4.2&quot;,&quot;iso&quot;:&quot;50&quot;,&quot;shutter_speed&quot;:&quot;0.0033222591362126&quot;,&quot;title&quot;:&quot;&quot;,&quot;orientation&quot;:&quot;1&quot;}\" data-image-title=\"2015-06-07 09.49.09\" data-image-description=\"\" data-image-caption=\"\" data-medium-file=\"https:\/\/i0.wp.com\/fontenilles-vtt.fr\/wp\/wp-content\/uploads\/2015\/06\/2015-06-07-09.49.09.jpg?fit=300%2C169&amp;ssl=1\" data-large-file=\"https:\/\/i0.wp.com\/fontenilles-vtt.fr\/wp\/wp-content\/uploads\/2015\/06\/2015-06-07-09.49.09.jpg?fit=590%2C332&amp;ssl=1\" class=\"aligncenter size-medium wp-image-2226\" src=\"https:\/\/i0.wp.com\/fontenillesvtt.fr\/wp\/wp-content\/uploads\/2015\/06\/2015-06-07-09.49.09-300x169.jpg?resize=300%2C169\" alt=\"2015-06-07 09.49.09\" width=\"300\" height=\"169\" srcset=\"https:\/\/i0.wp.com\/fontenilles-vtt.fr\/wp\/wp-content\/uploads\/2015\/06\/2015-06-07-09.49.09.jpg?resize=300%2C169&amp;ssl=1 300w, https:\/\/i0.wp.com\/fontenilles-vtt.fr\/wp\/wp-content\/uploads\/2015\/06\/2015-06-07-09.49.09.jpg?resize=1024%2C576&amp;ssl=1 1024w, https:\/\/i0.wp.com\/fontenilles-vtt.fr\/wp\/wp-content\/uploads\/2015\/06\/2015-06-07-09.49.09.jpg?w=1180&amp;ssl=1 1180w, https:\/\/i0.wp.com\/fontenilles-vtt.fr\/wp\/wp-content\/uploads\/2015\/06\/2015-06-07-09.49.09.jpg?w=1770&amp;ssl=1 1770w\" sizes=\"(max-width: 300px) 100vw, 300px\" \/><\/a> <a href=\"https:\/\/i0.wp.com\/fontenillesvtt.fr\/wp\/wp-content\/uploads\/2015\/06\/2015-06-07-08.32.14.jpg\"><img data-recalc-dims=\"1\" loading=\"lazy\" decoding=\"async\" data-attachment-id=\"2227\" data-permalink=\"https:\/\/fontenilles-vtt.fr\/wp\/?attachment_id=2227\" data-orig-file=\"https:\/\/i0.wp.com\/fontenilles-vtt.fr\/wp\/wp-content\/uploads\/2015\/06\/2015-06-07-08.32.14.jpg?fit=4128%2C2322&amp;ssl=1\" data-orig-size=\"4128,2322\" data-comments-opened=\"1\" data-image-meta=\"{&quot;aperture&quot;:&quot;2.2&quot;,&quot;credit&quot;:&quot;&quot;,&quot;camera&quot;:&quot;GT-I9505&quot;,&quot;caption&quot;:&quot;&quot;,&quot;created_timestamp&quot;:&quot;1433665934&quot;,&quot;copyright&quot;:&quot;&quot;,&quot;focal_length&quot;:&quot;4.2&quot;,&quot;iso&quot;:&quot;50&quot;,&quot;shutter_speed&quot;:&quot;0.00070621468926554&quot;,&quot;title&quot;:&quot;&quot;,&quot;orientation&quot;:&quot;1&quot;}\" data-image-title=\"2015-06-07 08.32.14\" data-image-description=\"\" data-image-caption=\"\" data-medium-file=\"https:\/\/i0.wp.com\/fontenilles-vtt.fr\/wp\/wp-content\/uploads\/2015\/06\/2015-06-07-08.32.14.jpg?fit=300%2C169&amp;ssl=1\" data-large-file=\"https:\/\/i0.wp.com\/fontenilles-vtt.fr\/wp\/wp-content\/uploads\/2015\/06\/2015-06-07-08.32.14.jpg?fit=590%2C332&amp;ssl=1\" class=\"aligncenter size-medium wp-image-2227\" src=\"https:\/\/i0.wp.com\/fontenillesvtt.fr\/wp\/wp-content\/uploads\/2015\/06\/2015-06-07-08.32.14-300x169.jpg?resize=300%2C169\" alt=\"2015-06-07 08.32.14\" width=\"300\" height=\"169\" srcset=\"https:\/\/i0.wp.com\/fontenilles-vtt.fr\/wp\/wp-content\/uploads\/2015\/06\/2015-06-07-08.32.14.jpg?resize=300%2C169&amp;ssl=1 300w, https:\/\/i0.wp.com\/fontenilles-vtt.fr\/wp\/wp-content\/uploads\/2015\/06\/2015-06-07-08.32.14.jpg?resize=1024%2C576&amp;ssl=1 1024w, https:\/\/i0.wp.com\/fontenilles-vtt.fr\/wp\/wp-content\/uploads\/2015\/06\/2015-06-07-08.32.14.jpg?w=1180&amp;ssl=1 1180w, https:\/\/i0.wp.com\/fontenilles-vtt.fr\/wp\/wp-content\/uploads\/2015\/06\/2015-06-07-08.32.14.jpg?w=1770&amp;ssl=1 1770w\" sizes=\"(max-width: 300px) 100vw, 300px\" \/><\/a> <a href=\"https:\/\/i0.wp.com\/fontenillesvtt.fr\/wp\/wp-content\/uploads\/2015\/06\/2015-06-07-13.54.26.jpg\"><img data-recalc-dims=\"1\" loading=\"lazy\" decoding=\"async\" data-attachment-id=\"2228\" data-permalink=\"https:\/\/fontenilles-vtt.fr\/wp\/?attachment_id=2228\" data-orig-file=\"https:\/\/i0.wp.com\/fontenilles-vtt.fr\/wp\/wp-content\/uploads\/2015\/06\/2015-06-07-13.54.26.jpg?fit=4128%2C2322&amp;ssl=1\" data-orig-size=\"4128,2322\" data-comments-opened=\"1\" data-image-meta=\"{&quot;aperture&quot;:&quot;2.2&quot;,&quot;credit&quot;:&quot;&quot;,&quot;camera&quot;:&quot;GT-I9505&quot;,&quot;caption&quot;:&quot;&quot;,&quot;created_timestamp&quot;:&quot;1433685266&quot;,&quot;copyright&quot;:&quot;&quot;,&quot;focal_length&quot;:&quot;4.2&quot;,&quot;iso&quot;:&quot;100&quot;,&quot;shutter_speed&quot;:&quot;0.058823529411765&quot;,&quot;title&quot;:&quot;&quot;,&quot;orientation&quot;:&quot;1&quot;}\" data-image-title=\"2015-06-07 13.54.26\" data-image-description=\"\" data-image-caption=\"\" data-medium-file=\"https:\/\/i0.wp.com\/fontenilles-vtt.fr\/wp\/wp-content\/uploads\/2015\/06\/2015-06-07-13.54.26.jpg?fit=300%2C169&amp;ssl=1\" data-large-file=\"https:\/\/i0.wp.com\/fontenilles-vtt.fr\/wp\/wp-content\/uploads\/2015\/06\/2015-06-07-13.54.26.jpg?fit=590%2C332&amp;ssl=1\" class=\"aligncenter size-medium wp-image-2228\" src=\"https:\/\/i0.wp.com\/fontenillesvtt.fr\/wp\/wp-content\/uploads\/2015\/06\/2015-06-07-13.54.26-300x169.jpg?resize=300%2C169\" alt=\"2015-06-07 13.54.26\" width=\"300\" height=\"169\" srcset=\"https:\/\/i0.wp.com\/fontenilles-vtt.fr\/wp\/wp-content\/uploads\/2015\/06\/2015-06-07-13.54.26.jpg?resize=300%2C169&amp;ssl=1 300w, https:\/\/i0.wp.com\/fontenilles-vtt.fr\/wp\/wp-content\/uploads\/2015\/06\/2015-06-07-13.54.26.jpg?resize=1024%2C576&amp;ssl=1 1024w, https:\/\/i0.wp.com\/fontenilles-vtt.fr\/wp\/wp-content\/uploads\/2015\/06\/2015-06-07-13.54.26.jpg?w=1180&amp;ssl=1 1180w, https:\/\/i0.wp.com\/fontenilles-vtt.fr\/wp\/wp-content\/uploads\/2015\/06\/2015-06-07-13.54.26.jpg?w=1770&amp;ssl=1 1770w\" sizes=\"(max-width: 300px) 100vw, 300px\" \/><\/a> <a href=\"https:\/\/i0.wp.com\/fontenillesvtt.fr\/wp\/wp-content\/uploads\/2015\/06\/2015-06-07-12.41.57.jpg\"><img data-recalc-dims=\"1\" loading=\"lazy\" decoding=\"async\" data-attachment-id=\"2229\" data-permalink=\"https:\/\/fontenilles-vtt.fr\/wp\/?attachment_id=2229\" data-orig-file=\"https:\/\/i0.wp.com\/fontenilles-vtt.fr\/wp\/wp-content\/uploads\/2015\/06\/2015-06-07-12.41.57.jpg?fit=4128%2C2322&amp;ssl=1\" data-orig-size=\"4128,2322\" data-comments-opened=\"1\" data-image-meta=\"{&quot;aperture&quot;:&quot;2.2&quot;,&quot;credit&quot;:&quot;&quot;,&quot;camera&quot;:&quot;GT-I9505&quot;,&quot;caption&quot;:&quot;&quot;,&quot;created_timestamp&quot;:&quot;1433680917&quot;,&quot;copyright&quot;:&quot;&quot;,&quot;focal_length&quot;:&quot;4.2&quot;,&quot;iso&quot;:&quot;50&quot;,&quot;shutter_speed&quot;:&quot;0.00076452599388379&quot;,&quot;title&quot;:&quot;&quot;,&quot;orientation&quot;:&quot;1&quot;}\" data-image-title=\"2015-06-07 12.41.57\" data-image-description=\"\" data-image-caption=\"\" data-medium-file=\"https:\/\/i0.wp.com\/fontenilles-vtt.fr\/wp\/wp-content\/uploads\/2015\/06\/2015-06-07-12.41.57.jpg?fit=300%2C169&amp;ssl=1\" data-large-file=\"https:\/\/i0.wp.com\/fontenilles-vtt.fr\/wp\/wp-content\/uploads\/2015\/06\/2015-06-07-12.41.57.jpg?fit=590%2C332&amp;ssl=1\" class=\"aligncenter size-medium wp-image-2229\" src=\"https:\/\/i0.wp.com\/fontenillesvtt.fr\/wp\/wp-content\/uploads\/2015\/06\/2015-06-07-12.41.57-300x169.jpg?resize=300%2C169\" alt=\"2015-06-07 12.41.57\" width=\"300\" height=\"169\" srcset=\"https:\/\/i0.wp.com\/fontenilles-vtt.fr\/wp\/wp-content\/uploads\/2015\/06\/2015-06-07-12.41.57.jpg?resize=300%2C169&amp;ssl=1 300w, https:\/\/i0.wp.com\/fontenilles-vtt.fr\/wp\/wp-content\/uploads\/2015\/06\/2015-06-07-12.41.57.jpg?resize=1024%2C576&amp;ssl=1 1024w, https:\/\/i0.wp.com\/fontenilles-vtt.fr\/wp\/wp-content\/uploads\/2015\/06\/2015-06-07-12.41.57.jpg?w=1180&amp;ssl=1 1180w, https:\/\/i0.wp.com\/fontenilles-vtt.fr\/wp\/wp-content\/uploads\/2015\/06\/2015-06-07-12.41.57.jpg?w=1770&amp;ssl=1 1770w\" sizes=\"(max-width: 300px) 100vw, 300px\" \/><\/a><\/p>\n<p>&nbsp;<\/p>\n<p>J&rsquo;ajoute un\u00a0lien vers un autre\u00a0compte-rendu sympa:<\/p>\n<p><a href=\"http:\/\/www.absaventure.fr\/2015\/06\/rando-vtt-les-cotes-gasconnes-31.html\" target=\"_blank\" data-reactid=\".h.0.1.0.$1.$1.0.1.0.0.0.0.1:$mid=11433966963586=2360e773376f1f32361.0.$1.0.$right.0.0.1.0.$range0:0\">http:\/\/www.absaventure.fr\/2015\/06\/rando-vtt-les-cotes-gasconnes-31.html<\/a><\/p>\n","protected":false},"excerpt":{"rendered":"<p>Voici donc ,un petit CR \u00e0 chaud. &nbsp; Tout d&rsquo;abord, pour ceux qui cherchent des photos o\u00f9 ils pourraient \u00eatre, allez visiter ce lien, vous pourrez demander la version HD&#8230; <\/p>\n<div class=\"read-more\"><a href=\"https:\/\/fontenilles-vtt.fr\/wp\/?p=2223\">Lire la suite<\/a><\/div>\n","protected":false},"author":1,"featured_media":0,"comment_status":"open","ping_status":"closed","sticky":false,"template":"","format":"standard","meta":{"om_disable_all_campaigns":false,"_monsterinsights_skip_tracking":false,"_monsterinsights_sitenote_active":false,"_monsterinsights_sitenote_note":"","_monsterinsights_sitenote_category":0,"ngg_post_thumbnail":0,"jetpack_post_was_ever_published":false,"_jetpack_newsletter_access":"","_jetpack_dont_email_post_to_subs":false,"_jetpack_newsletter_tier_id":0,"_jetpack_memberships_contains_paywalled_content":false,"_jetpack_memberships_contains_paid_content":false,"footnotes":"","jetpack_publicize_message":"","jetpack_publicize_feature_enabled":true,"jetpack_social_post_already_shared":false,"jetpack_social_options":{"image_generator_settings":{"template":"highway","enabled":false},"version":2}},"categories":[4],"tags":[],"jetpack_publicize_connections":[],"aioseo_notices":[],"jetpack_featured_media_url":"","jetpack_sharing_enabled":true,"jetpack_shortlink":"https:\/\/wp.me\/p9SYmx-zR","jetpack-related-posts":[],"post_mailing_queue_ids":[],"_links":{"self":[{"href":"https:\/\/fontenilles-vtt.fr\/wp\/index.php?rest_route=\/wp\/v2\/posts\/2223"}],"collection":[{"href":"https:\/\/fontenilles-vtt.fr\/wp\/index.php?rest_route=\/wp\/v2\/posts"}],"about":[{"href":"https:\/\/fontenilles-vtt.fr\/wp\/index.php?rest_route=\/wp\/v2\/types\/post"}],"author":[{"embeddable":true,"href":"https:\/\/fontenilles-vtt.fr\/wp\/index.php?rest_route=\/wp\/v2\/users\/1"}],"replies":[{"embeddable":true,"href":"https:\/\/fontenilles-vtt.fr\/wp\/index.php?rest_route=%2Fwp%2Fv2%2Fcomments&post=2223"}],"version-history":[{"count":4,"href":"https:\/\/fontenilles-vtt.fr\/wp\/index.php?rest_route=\/wp\/v2\/posts\/2223\/revisions"}],"predecessor-version":[{"id":2235,"href":"https:\/\/fontenilles-vtt.fr\/wp\/index.php?rest_route=\/wp\/v2\/posts\/2223\/revisions\/2235"}],"wp:attachment":[{"href":"https:\/\/fontenilles-vtt.fr\/wp\/index.php?rest_route=%2Fwp%2Fv2%2Fmedia&parent=2223"}],"wp:term":[{"taxonomy":"category","embeddable":true,"href":"https:\/\/fontenilles-vtt.fr\/wp\/index.php?rest_route=%2Fwp%2Fv2%2Fcategories&post=2223"},{"taxonomy":"post_tag","embeddable":true,"href":"https:\/\/fontenilles-vtt.fr\/wp\/index.php?rest_route=%2Fwp%2Fv2%2Ftags&post=2223"}],"curies":[{"name":"wp","href":"https:\/\/api.w.org\/{rel}","templated":true}]}}