{"id":2236,"date":"2015-06-15T09:44:22","date_gmt":"2015-06-15T07:44:22","guid":{"rendered":"http:\/\/fontenillesvtt.fr\/wp\/?p=2236"},"modified":"2015-06-15T09:44:22","modified_gmt":"2015-06-15T07:44:22","slug":"annulee-ou-pas-les-guerriers-de-la-rando-vers-louest-ont-frappe","status":"publish","type":"post","link":"https:\/\/fontenilles-vtt.fr\/wp\/?p=2236","title":{"rendered":"Annul\u00e9e ou pas, les guerriers de la Rando vers l&rsquo;Ouest ont frapp\u00e9"},"content":{"rendered":"<p>La randonn\u00e9e vers l&rsquo;Ouest de la Salvetat a \u00e9t\u00e9 annul\u00e9e le matin m\u00eame pour cause de mauvais temps mais c\u2019\u00e9tait sans compter sur notre motivation.<\/p>\n<p>Nous \u00e9tions 3 au d\u00e9part Guillaume, Patrice et moi-m\u00eame, il est vrai que le temps \u00e9tait pluvieux et les organisateurs nous disent que le terrain risque d\u2019\u00eatre impraticable vu toutes l\u2019eau qui est tomb\u00e9e.<\/p>\n<p>Cela n\u2019a pas du tout alt\u00e9r\u00e9 notre motivation donc d\u00e9part vers 9h00 apr\u00e8s un caf\u00e9 offert par les organisateurs.<\/p>\n<p>La pluie a cess\u00e9 rapidement vers 9h30 le temps de longer la RN124 puis nous attaquons les premi\u00e8res mont\u00e9es vers Pujaudran, le terrain est d\u00e9tremp\u00e9 mais mis \u00e0 part quelque glissades pas toujours contr\u00f4l\u00e9es nous arrivons quand m\u00eame \u00e0 \u00e9voluer sans trop de difficult\u00e9.<\/p>\n<p>Nous avons continu\u00e9 vers Lias ou la mont\u00e9e a \u00e9t\u00e9 plus dure que d\u2019habitude (les ravitos ont cruellement manqu\u00e9) ce qui ne nous a pas emp\u00each\u00e9 de faire des poses surtout pour m\u2019attendre.<\/p>\n<p>La suite est bien connue car on a emprunt\u00e9 une partie de la trace des cotes Gascognes ( le 45km) pour passer par Bonrepos sur aussonnelle puis Fontenilles par les Magnolias o\u00f9 le soleil a fait son apparition, ce qui a confirm\u00e9 que nous avions bien fait de prendre le d\u00e9part.<\/p>\n<p>De retour \u00e0 la Salvetat \u00a0en traversant l\u2019Aussonnelle par un petit pont en fer, c\u2019est fait en vitesse de tourisme.<\/p>\n<p>Un peu fatigu\u00e9 nous avons remball\u00e9 nos velos mais bien satisfait de notre rando de 37 km pour 450 de D+ environ.<a href=\"https:\/\/i0.wp.com\/fontenillesvtt.fr\/wp\/wp-content\/uploads\/2015\/06\/IMG_1111.jpg\"><img data-recalc-dims=\"1\" loading=\"lazy\" decoding=\"async\" data-attachment-id=\"2237\" data-permalink=\"https:\/\/fontenilles-vtt.fr\/wp\/?attachment_id=2237\" data-orig-file=\"https:\/\/i0.wp.com\/fontenilles-vtt.fr\/wp\/wp-content\/uploads\/2015\/06\/IMG_1111.jpg?fit=3264%2C2448&amp;ssl=1\" data-orig-size=\"3264,2448\" data-comments-opened=\"1\" data-image-meta=\"{&quot;aperture&quot;:&quot;2.4&quot;,&quot;credit&quot;:&quot;&quot;,&quot;camera&quot;:&quot;iPhone 5&quot;,&quot;caption&quot;:&quot;&quot;,&quot;created_timestamp&quot;:&quot;1434270126&quot;,&quot;copyright&quot;:&quot;&quot;,&quot;focal_length&quot;:&quot;4.12&quot;,&quot;iso&quot;:&quot;50&quot;,&quot;shutter_speed&quot;:&quot;0.05&quot;,&quot;title&quot;:&quot;&quot;,&quot;orientation&quot;:&quot;1&quot;}\" data-image-title=\"IMG_1111\" data-image-description=\"\" data-image-caption=\"\" data-medium-file=\"https:\/\/i0.wp.com\/fontenilles-vtt.fr\/wp\/wp-content\/uploads\/2015\/06\/IMG_1111.jpg?fit=300%2C225&amp;ssl=1\" data-large-file=\"https:\/\/i0.wp.com\/fontenilles-vtt.fr\/wp\/wp-content\/uploads\/2015\/06\/IMG_1111.jpg?fit=590%2C443&amp;ssl=1\" class=\"aligncenter size-medium wp-image-2237\" src=\"https:\/\/i0.wp.com\/fontenillesvtt.fr\/wp\/wp-content\/uploads\/2015\/06\/IMG_1111-300x225.jpg?resize=300%2C225\" alt=\"IMG_1111\" width=\"300\" height=\"225\" srcset=\"https:\/\/i0.wp.com\/fontenilles-vtt.fr\/wp\/wp-content\/uploads\/2015\/06\/IMG_1111.jpg?resize=300%2C225&amp;ssl=1 300w, https:\/\/i0.wp.com\/fontenilles-vtt.fr\/wp\/wp-content\/uploads\/2015\/06\/IMG_1111.jpg?resize=1024%2C768&amp;ssl=1 1024w, https:\/\/i0.wp.com\/fontenilles-vtt.fr\/wp\/wp-content\/uploads\/2015\/06\/IMG_1111.jpg?w=1180&amp;ssl=1 1180w, https:\/\/i0.wp.com\/fontenilles-vtt.fr\/wp\/wp-content\/uploads\/2015\/06\/IMG_1111.jpg?w=1770&amp;ssl=1 1770w\" sizes=\"(max-width: 300px) 100vw, 300px\" \/><\/a><\/p>\n<p>&nbsp;<\/p>\n<p>Pendant ce temps, \u00a0Lolo, Thomas et Flo avalaient en toute discr\u00e9tion 172km de route gersoise, pendant que Yoyo se contentait de 80 bornes plus tranquilles, en route toujours.<\/p>\n","protected":false},"excerpt":{"rendered":"<p>La randonn\u00e9e vers l&rsquo;Ouest de la Salvetat a \u00e9t\u00e9 annul\u00e9e le matin m\u00eame pour cause de mauvais temps mais c\u2019\u00e9tait sans compter sur notre motivation. Nous \u00e9tions 3 au d\u00e9part&#8230; <\/p>\n<div class=\"read-more\"><a href=\"https:\/\/fontenilles-vtt.fr\/wp\/?p=2236\">Lire la suite<\/a><\/div>\n","protected":false},"author":1,"featured_media":0,"comment_status":"open","ping_status":"closed","sticky":false,"template":"","format":"standard","meta":{"om_disable_all_campaigns":false,"_monsterinsights_skip_tracking":false,"_monsterinsights_sitenote_active":false,"_monsterinsights_sitenote_note":"","_monsterinsights_sitenote_category":0,"ngg_post_thumbnail":0,"jetpack_post_was_ever_published":false,"_jetpack_newsletter_access":"","_jetpack_dont_email_post_to_subs":false,"_jetpack_newsletter_tier_id":0,"_jetpack_memberships_contains_paywalled_content":false,"_jetpack_memberships_contains_paid_content":false,"footnotes":"","jetpack_publicize_message":"","jetpack_publicize_feature_enabled":true,"jetpack_social_post_already_shared":false,"jetpack_social_options":{"image_generator_settings":{"template":"highway","enabled":false},"version":2}},"categories":[4],"tags":[],"jetpack_publicize_connections":[],"aioseo_notices":[],"jetpack_featured_media_url":"","jetpack_sharing_enabled":true,"jetpack_shortlink":"https:\/\/wp.me\/p9SYmx-A4","jetpack-related-posts":[],"post_mailing_queue_ids":[],"_links":{"self":[{"href":"https:\/\/fontenilles-vtt.fr\/wp\/index.php?rest_route=\/wp\/v2\/posts\/2236"}],"collection":[{"href":"https:\/\/fontenilles-vtt.fr\/wp\/index.php?rest_route=\/wp\/v2\/posts"}],"about":[{"href":"https:\/\/fontenilles-vtt.fr\/wp\/index.php?rest_route=\/wp\/v2\/types\/post"}],"author":[{"embeddable":true,"href":"https:\/\/fontenilles-vtt.fr\/wp\/index.php?rest_route=\/wp\/v2\/users\/1"}],"replies":[{"embeddable":true,"href":"https:\/\/fontenilles-vtt.fr\/wp\/index.php?rest_route=%2Fwp%2Fv2%2Fcomments&post=2236"}],"version-history":[{"count":1,"href":"https:\/\/fontenilles-vtt.fr\/wp\/index.php?rest_route=\/wp\/v2\/posts\/2236\/revisions"}],"predecessor-version":[{"id":2238,"href":"https:\/\/fontenilles-vtt.fr\/wp\/index.php?rest_route=\/wp\/v2\/posts\/2236\/revisions\/2238"}],"wp:attachment":[{"href":"https:\/\/fontenilles-vtt.fr\/wp\/index.php?rest_route=%2Fwp%2Fv2%2Fmedia&parent=2236"}],"wp:term":[{"taxonomy":"category","embeddable":true,"href":"https:\/\/fontenilles-vtt.fr\/wp\/index.php?rest_route=%2Fwp%2Fv2%2Fcategories&post=2236"},{"taxonomy":"post_tag","embeddable":true,"href":"https:\/\/fontenilles-vtt.fr\/wp\/index.php?rest_route=%2Fwp%2Fv2%2Ftags&post=2236"}],"curies":[{"name":"wp","href":"https:\/\/api.w.org\/{rel}","templated":true}]}}