{"id":2239,"date":"2015-06-27T12:08:02","date_gmt":"2015-06-27T10:08:02","guid":{"rendered":"http:\/\/fontenillesvtt.fr\/wp\/?p=2239"},"modified":"2015-06-27T12:08:31","modified_gmt":"2015-06-27T10:08:31","slug":"la-cap-nore-points-de-vue-varies","status":"publish","type":"post","link":"https:\/\/fontenilles-vtt.fr\/wp\/?p=2239","title":{"rendered":"La Cap Nore : points de vue vari\u00e9s"},"content":{"rendered":"<p><strong>Le Week End dernier, nous sommes 6 \u00e0 avoir fait le d\u00e9placement vers Villegly pour la Cap Nore, 5 sur le 40 (43 en fait), et 1 sur le 80.<\/strong><\/p>\n<p><strong>Voici donc les comptes-rendus de chacun avec des impressions tr\u00e8s vari\u00e9es comme vous allez le d\u00e9couvrir.<\/strong><\/p>\n<p><strong>Commen\u00e7ons par notre Star \u00a0du 80, Florent:<\/strong><\/p>\n<p>Cela fait bien un an que j&rsquo;avais cette id\u00e9e en t\u00eate, le projet de faire en\u00a02015 un \u00ab gros truc \u00bb avec des caract\u00e9ristiques que je n&rsquo;ai jamais connues<br \/>\nauparavant. Ce sera donc la Cap Nore et son 80km, dans le temps les\u00a0organisateurs, l&rsquo;ATAC, appelait \u00e7a un peu nonchalamment, le parcours \u00ab<br \/>\nconfirm\u00e9 \u00bb.<br \/>\n<a href=\"https:\/\/i0.wp.com\/fontenillesvtt.fr\/wp\/wp-content\/uploads\/2015\/06\/image005.jpg\"><img data-recalc-dims=\"1\" loading=\"lazy\" decoding=\"async\" data-attachment-id=\"2240\" data-permalink=\"https:\/\/fontenilles-vtt.fr\/wp\/?attachment_id=2240\" data-orig-file=\"https:\/\/i0.wp.com\/fontenilles-vtt.fr\/wp\/wp-content\/uploads\/2015\/06\/image005.jpg?fit=577%2C295&amp;ssl=1\" data-orig-size=\"577,295\" data-comments-opened=\"1\" data-image-meta=\"{&quot;aperture&quot;:&quot;0&quot;,&quot;credit&quot;:&quot;&quot;,&quot;camera&quot;:&quot;&quot;,&quot;caption&quot;:&quot;&quot;,&quot;created_timestamp&quot;:&quot;0&quot;,&quot;copyright&quot;:&quot;&quot;,&quot;focal_length&quot;:&quot;0&quot;,&quot;iso&quot;:&quot;0&quot;,&quot;shutter_speed&quot;:&quot;0&quot;,&quot;title&quot;:&quot;&quot;,&quot;orientation&quot;:&quot;0&quot;}\" data-image-title=\"image005\" data-image-description=\"\" data-image-caption=\"\" data-medium-file=\"https:\/\/i0.wp.com\/fontenilles-vtt.fr\/wp\/wp-content\/uploads\/2015\/06\/image005.jpg?fit=300%2C153&amp;ssl=1\" data-large-file=\"https:\/\/i0.wp.com\/fontenilles-vtt.fr\/wp\/wp-content\/uploads\/2015\/06\/image005.jpg?fit=577%2C295&amp;ssl=1\" class=\"aligncenter size-medium wp-image-2240\" src=\"https:\/\/i0.wp.com\/fontenillesvtt.fr\/wp\/wp-content\/uploads\/2015\/06\/image005-300x153.jpg?resize=300%2C153\" alt=\"image005\" width=\"300\" height=\"153\" srcset=\"https:\/\/i0.wp.com\/fontenilles-vtt.fr\/wp\/wp-content\/uploads\/2015\/06\/image005.jpg?resize=300%2C153&amp;ssl=1 300w, https:\/\/i0.wp.com\/fontenilles-vtt.fr\/wp\/wp-content\/uploads\/2015\/06\/image005.jpg?w=577&amp;ssl=1 577w\" sizes=\"(max-width: 300px) 100vw, 300px\" \/><\/a><br \/>\nJe me pr\u00e9sente la semaine fatidique avec un pr\u00e9paration correcte pour mon\u00a0emploi du temps, 18 sorties en 6 mois et rien \u00e0 plus de 50km en vtt<br \/>\n(humm&#8230;). Heureusement, le dimanche d&rsquo;avant, Lolo et Thomas m&rsquo;ont train\u00e9\u00a0sur une bonne sortie route de 170km et j&rsquo;\u00e9tais en cong\u00e9 la semaine avant\u00a0pour me reposer.<br \/>\nComme tout bon vttiste, je m&rsquo;assure la veille (mouais peut \u00eatre un peu\u00a0tard&#8230;), que mon fid\u00e8le destrier sera lui aussi d&rsquo;attaque. Et l\u00e0, patatras,<br \/>\nla fourche (lefty) est sur le point de rendre l&rsquo;\u00e2me. En panique, je contacte\u00a0Lolo pour avoir un plan location de v\u00e9lo chez un bouclard. Trop tard pour la\u00a0loc mais Lolo me sauve la mise en me pr\u00eatant son Specialized Camber Comp\u00a0Carbon en 29&Prime; (on reviendra sur le v\u00e9lo). Je lui en suis extr\u00eamement\u00a0reconnaissant !<\/p>\n<p>Me voil\u00e0 donc au d\u00e9part \u00e0 Villegly vers 7h30 apr\u00e8s une mauvaise nuit&#8230; trop\u00a0de pression.<br \/>\nLa r\u00e9putation de la Cap Nore n&rsquo;est plus \u00e0 faire, \u00e7a se voit aux parking\u00a0pleins et \u00e0 la queue au d\u00e9part, pourtant libre (on reviendra aussi sur le<br \/>\nnombre de participants).<br \/>\n<a href=\"https:\/\/i0.wp.com\/fontenillesvtt.fr\/wp\/wp-content\/uploads\/2015\/06\/image003.jpg\"><img data-recalc-dims=\"1\" loading=\"lazy\" decoding=\"async\" data-attachment-id=\"2241\" data-permalink=\"https:\/\/fontenilles-vtt.fr\/wp\/?attachment_id=2241\" data-orig-file=\"https:\/\/i0.wp.com\/fontenilles-vtt.fr\/wp\/wp-content\/uploads\/2015\/06\/image003.jpg?fit=455%2C341&amp;ssl=1\" data-orig-size=\"455,341\" data-comments-opened=\"1\" data-image-meta=\"{&quot;aperture&quot;:&quot;0&quot;,&quot;credit&quot;:&quot;&quot;,&quot;camera&quot;:&quot;&quot;,&quot;caption&quot;:&quot;&quot;,&quot;created_timestamp&quot;:&quot;0&quot;,&quot;copyright&quot;:&quot;&quot;,&quot;focal_length&quot;:&quot;0&quot;,&quot;iso&quot;:&quot;0&quot;,&quot;shutter_speed&quot;:&quot;0&quot;,&quot;title&quot;:&quot;&quot;,&quot;orientation&quot;:&quot;0&quot;}\" data-image-title=\"image003\" data-image-description=\"\" data-image-caption=\"\" data-medium-file=\"https:\/\/i0.wp.com\/fontenilles-vtt.fr\/wp\/wp-content\/uploads\/2015\/06\/image003.jpg?fit=300%2C225&amp;ssl=1\" data-large-file=\"https:\/\/i0.wp.com\/fontenilles-vtt.fr\/wp\/wp-content\/uploads\/2015\/06\/image003.jpg?fit=455%2C341&amp;ssl=1\" class=\"aligncenter size-medium wp-image-2241\" src=\"https:\/\/i0.wp.com\/fontenillesvtt.fr\/wp\/wp-content\/uploads\/2015\/06\/image003-300x225.jpg?resize=300%2C225\" alt=\"image003\" width=\"300\" height=\"225\" srcset=\"https:\/\/i0.wp.com\/fontenilles-vtt.fr\/wp\/wp-content\/uploads\/2015\/06\/image003.jpg?resize=300%2C225&amp;ssl=1 300w, https:\/\/i0.wp.com\/fontenilles-vtt.fr\/wp\/wp-content\/uploads\/2015\/06\/image003.jpg?w=455&amp;ssl=1 455w\" sizes=\"(max-width: 300px) 100vw, 300px\" \/><\/a><br \/>\nLe parcours peut se d\u00e9couper en trois parties :<br \/>\nLa premi\u00e8re de 25km environ qui empreinte la trace du 40km (mais sans les\u00a0randonneurs qui partent plus tard), la mont\u00e9e vers le pic de Nore et enfin\u00a0le retour \u00e0 80% descendant (parcours de la Deval Nore de la veille).<br \/>\nLa premi\u00e8re partie est compos\u00e9 de single tracks en sous-bois, de pistes plus\u00a0classiques de la r\u00e9gion sur de la \u00ab caillasse \u00bb mais surtout un passage\u00a0fameux dans le lit d&rsquo;une rivi\u00e8re ass\u00e9ch\u00e9e. Passage tr\u00e8s technique qui me\u00a0fait me dire que j&rsquo;ai encore \u00e0 apprendre quand je vois certains passer avec\u00a0des techniques de trial impressionnantes (\u00ab sur place \u00bb&#8230;). Faut dire qu&rsquo;en\u00a0ce d\u00e9but de parcours je me retrouve qu&rsquo;avec les 80 et 100km, donc forc\u00e9ment\u00a0y a du lourd ! Je pense bien avoir g\u00e9r\u00e9 cette premi\u00e8re partie de rando, sans\u00a0jamais me mettre dans le rouge et avec une moyenne correcte de 13,5km\/h (ce\u00a0n&rsquo;est pas la course mais bon faut tout de m\u00eame g\u00e9rer le temps sur le v\u00e9lo\u00a0sur une telle distance). M\u00eame si je suis frais \u00e0 l&rsquo;abord des 30km de mont\u00e9e,\u00a0je ne suis pas du tout rassur\u00e9.<br \/>\nNous nous retrouvons alors avec le gros des troupes puisque l&rsquo;on a rejoint\u00a0le 60km. Pas de probl\u00e8me pour l&rsquo;instant, la mont\u00e9e est large et heureusement\u00a0roulante. 3ieme ravito en court de mont\u00e9e, il commence \u00e0 faire tr\u00e8s chaud.<br \/>\nLes gentils b\u00e9n\u00e9voles sont en plus assaillis par les mouches \u00e0 cause du\u00a0barbecue (et oui saucisse !)<br \/>\n<a href=\"https:\/\/i0.wp.com\/fontenillesvtt.fr\/wp\/wp-content\/uploads\/2015\/06\/image011.jpg\"><img data-recalc-dims=\"1\" loading=\"lazy\" decoding=\"async\" data-attachment-id=\"2242\" data-permalink=\"https:\/\/fontenilles-vtt.fr\/wp\/?attachment_id=2242\" data-orig-file=\"https:\/\/i0.wp.com\/fontenilles-vtt.fr\/wp\/wp-content\/uploads\/2015\/06\/image011.jpg?fit=592%2C444&amp;ssl=1\" data-orig-size=\"592,444\" data-comments-opened=\"1\" data-image-meta=\"{&quot;aperture&quot;:&quot;0&quot;,&quot;credit&quot;:&quot;&quot;,&quot;camera&quot;:&quot;&quot;,&quot;caption&quot;:&quot;&quot;,&quot;created_timestamp&quot;:&quot;0&quot;,&quot;copyright&quot;:&quot;&quot;,&quot;focal_length&quot;:&quot;0&quot;,&quot;iso&quot;:&quot;0&quot;,&quot;shutter_speed&quot;:&quot;0&quot;,&quot;title&quot;:&quot;&quot;,&quot;orientation&quot;:&quot;0&quot;}\" data-image-title=\"image011\" data-image-description=\"\" data-image-caption=\"\" data-medium-file=\"https:\/\/i0.wp.com\/fontenilles-vtt.fr\/wp\/wp-content\/uploads\/2015\/06\/image011.jpg?fit=300%2C225&amp;ssl=1\" data-large-file=\"https:\/\/i0.wp.com\/fontenilles-vtt.fr\/wp\/wp-content\/uploads\/2015\/06\/image011.jpg?fit=590%2C443&amp;ssl=1\" class=\"aligncenter size-medium wp-image-2242\" src=\"https:\/\/i0.wp.com\/fontenillesvtt.fr\/wp\/wp-content\/uploads\/2015\/06\/image011-300x225.jpg?resize=300%2C225\" alt=\"image011\" width=\"300\" height=\"225\" srcset=\"https:\/\/i0.wp.com\/fontenilles-vtt.fr\/wp\/wp-content\/uploads\/2015\/06\/image011.jpg?resize=300%2C225&amp;ssl=1 300w, https:\/\/i0.wp.com\/fontenilles-vtt.fr\/wp\/wp-content\/uploads\/2015\/06\/image011.jpg?w=592&amp;ssl=1 592w\" sizes=\"(max-width: 300px) 100vw, 300px\" \/><\/a><br \/>\nPas le temps de s&rsquo;endormir, le pic n&rsquo;est toujours pas en vue. Les secteurs\u00a0suivants sont certainement les plus durs car il s&rsquo;agit de mont\u00e9es via de<br \/>\nsingles g\u00e9n\u00e9ralement sur les cr\u00eates donc expos\u00e9s au vent et avec un\u00a0pourcentage bien costaud. L\u00e0 pas le choix il faut l\u00e2cher les chevaux<br \/>\ns\u00e9rieusement, tout en apercevant, bien au loin, le Pic de Nore \ud83d\ude41<\/p>\n<p>20km plus tard nouveau ravito (et oui il y en a 5 en tout&#8230; et il les faut\u00a0bien !). Les organisateurs nous annoncent l&rsquo;arriv\u00e9e au Pic dans 5 km. Ceci<br \/>\nm&rsquo;interpelle car je ne vois pas comment les 2800m de D+ seront atteints. Mon\u00a0GPS m&rsquo;indique \u00e0 ce moment moins de 2000 de m\u00e9moire. Bon, on verra bien&#8230;<br \/>\nLes 5 derniers km se font \u00e0 l&rsquo;abris de la chaleur (altitude + foret) sur des\u00a0pistes un peu boueuses. Le rendement n&rsquo;est pas terrible, plus grand monde ne\u00a0parle jusque l&rsquo;on sorte de cette foret et que l&rsquo;on se retrouve sur la partie\u00a0pel\u00e9e du Pic (bon c&rsquo;est pas le Ventoux non plus&#8230;). Le sommet est en vue,\u00a0un dernier effort et on y est, j&rsquo;en profite d&rsquo;ailleurs pour motiver certains\u00a0\u00e0 remonter sur leur v\u00e9lo.<br \/>\nArriv\u00e9 l\u00e0-haut, la photo s&rsquo;impose (3ieme passage pour moi)<br \/>\n<a href=\"https:\/\/i0.wp.com\/fontenillesvtt.fr\/wp\/wp-content\/uploads\/2015\/06\/image012.jpg\"><img data-recalc-dims=\"1\" loading=\"lazy\" decoding=\"async\" data-attachment-id=\"2243\" data-permalink=\"https:\/\/fontenilles-vtt.fr\/wp\/?attachment_id=2243\" data-orig-file=\"https:\/\/i0.wp.com\/fontenilles-vtt.fr\/wp\/wp-content\/uploads\/2015\/06\/image012.jpg?fit=350%2C467&amp;ssl=1\" data-orig-size=\"350,467\" data-comments-opened=\"1\" data-image-meta=\"{&quot;aperture&quot;:&quot;0&quot;,&quot;credit&quot;:&quot;&quot;,&quot;camera&quot;:&quot;&quot;,&quot;caption&quot;:&quot;&quot;,&quot;created_timestamp&quot;:&quot;0&quot;,&quot;copyright&quot;:&quot;&quot;,&quot;focal_length&quot;:&quot;0&quot;,&quot;iso&quot;:&quot;0&quot;,&quot;shutter_speed&quot;:&quot;0&quot;,&quot;title&quot;:&quot;&quot;,&quot;orientation&quot;:&quot;0&quot;}\" data-image-title=\"image012\" data-image-description=\"\" data-image-caption=\"\" data-medium-file=\"https:\/\/i0.wp.com\/fontenilles-vtt.fr\/wp\/wp-content\/uploads\/2015\/06\/image012.jpg?fit=180%2C240&amp;ssl=1\" data-large-file=\"https:\/\/i0.wp.com\/fontenilles-vtt.fr\/wp\/wp-content\/uploads\/2015\/06\/image012.jpg?fit=350%2C467&amp;ssl=1\" class=\"aligncenter size-medium wp-image-2243\" src=\"https:\/\/i0.wp.com\/fontenillesvtt.fr\/wp\/wp-content\/uploads\/2015\/06\/image012-180x240.jpg?resize=180%2C240\" alt=\"image012\" width=\"180\" height=\"240\" srcset=\"https:\/\/i0.wp.com\/fontenilles-vtt.fr\/wp\/wp-content\/uploads\/2015\/06\/image012.jpg?resize=180%2C240&amp;ssl=1 180w, https:\/\/i0.wp.com\/fontenilles-vtt.fr\/wp\/wp-content\/uploads\/2015\/06\/image012.jpg?w=350&amp;ssl=1 350w\" sizes=\"(max-width: 180px) 100vw, 180px\" \/><\/a><br \/>\nDernier partie, et pas la moins agr\u00e9able, la descente ! (enfin \u00e0 80% du\u00a0temps). Le premier secteur est tr\u00e8s rapide jusque Pradel, malheureusement,\u00a0trop de monde sur le parcours, il est souvent difficile de l\u00e2cher les\u00a0freins.<\/p>\n<p>Re-ravito au lac, re-saucisse au barbecue et &#8230; remont\u00e9e. Ce sera la\u00a0derni\u00e8re significative, les esprits s&rsquo;\u00e9chauffent d&rsquo;ailleurs entre certains<br \/>\nparticipants car la mont\u00e9e est en single track et comme son nom l&rsquo;indique\u00a0pas moyen de doubler si l&rsquo;autre ne s&rsquo;arr\u00eate pas. A ce moment, Il a trop de\u00a0monde sur le parcours c&rsquo;est une \u00e9vidence.<br \/>\nCe passage aval\u00e9 sans peine, je poursuis notre Deval Nore \u00e0 nous. Que du\u00a0bonheur et une facilit\u00e9 d\u00e9concertante avec ce v\u00e9lo. Les roues de 29&Prime; et les\u00a0pneu de 2,5&Prime; \u00e0 l&rsquo;avant y contribuent largement. Le bonheur semble partag\u00e9\u00a0aussi par d&rsquo;autres; dans un virage tr\u00e8s \u00e9troit je croise Christophe planqu\u00e9\u00a0\u00e0 l&rsquo;ext\u00e9rieur pour laisser passer la meute. Il a la banane \u00e7a fait plaisir.<br \/>\nBon j&rsquo;apprendrais plus tard que la descente n&rsquo;a pas \u00e9t\u00e9 si simple que \u00e7a\u00a0pour lui et il y a eu quelques gamelles.<\/p>\n<p>Mon GPS indique 80km quand je reconnais les alentour de Villegly. Le compte\u00a0n&rsquo;y est pas pour le d\u00e9nivel\u00e9 (2565m de D+), curieux&#8230; Encore plus curieux,\u00a0c&rsquo;est mes jambes&#8230; la gestion de mon effort a \u00e9t\u00e9 bonne et j&rsquo;en ai encore\u00a0sous la semelle, c&rsquo;est limite frustrant&#8230; surement un signe pour me dire\u00a0qu&rsquo;il faudra tenter plus gros la prochaine fois (ou pas&#8230;).<\/p>\n<p>Un p&rsquo;tit selfie sur le podium d&rsquo;arriv\u00e9e apr\u00e8s 6h30 de roulage et un peu\u00a0moins d&rsquo;heure de ravito (et oui il y en avait 5 et hors de question de ne<br \/>\npas faire honneur !)<br \/>\n<a href=\"https:\/\/i0.wp.com\/fontenillesvtt.fr\/wp\/wp-content\/uploads\/2015\/06\/image015.jpg\"><img data-recalc-dims=\"1\" loading=\"lazy\" decoding=\"async\" data-attachment-id=\"2244\" data-permalink=\"https:\/\/fontenilles-vtt.fr\/wp\/?attachment_id=2244\" data-orig-file=\"https:\/\/i0.wp.com\/fontenilles-vtt.fr\/wp\/wp-content\/uploads\/2015\/06\/image015.jpg?fit=361%2C480&amp;ssl=1\" data-orig-size=\"361,480\" data-comments-opened=\"1\" data-image-meta=\"{&quot;aperture&quot;:&quot;0&quot;,&quot;credit&quot;:&quot;&quot;,&quot;camera&quot;:&quot;&quot;,&quot;caption&quot;:&quot;&quot;,&quot;created_timestamp&quot;:&quot;0&quot;,&quot;copyright&quot;:&quot;&quot;,&quot;focal_length&quot;:&quot;0&quot;,&quot;iso&quot;:&quot;0&quot;,&quot;shutter_speed&quot;:&quot;0&quot;,&quot;title&quot;:&quot;&quot;,&quot;orientation&quot;:&quot;0&quot;}\" data-image-title=\"image015\" data-image-description=\"\" data-image-caption=\"\" data-medium-file=\"https:\/\/i0.wp.com\/fontenilles-vtt.fr\/wp\/wp-content\/uploads\/2015\/06\/image015.jpg?fit=181%2C240&amp;ssl=1\" data-large-file=\"https:\/\/i0.wp.com\/fontenilles-vtt.fr\/wp\/wp-content\/uploads\/2015\/06\/image015.jpg?fit=361%2C480&amp;ssl=1\" class=\"aligncenter size-medium wp-image-2244\" src=\"https:\/\/i0.wp.com\/fontenillesvtt.fr\/wp\/wp-content\/uploads\/2015\/06\/image015-181x240.jpg?resize=181%2C240\" alt=\"image015\" width=\"181\" height=\"240\" srcset=\"https:\/\/i0.wp.com\/fontenilles-vtt.fr\/wp\/wp-content\/uploads\/2015\/06\/image015.jpg?resize=181%2C240&amp;ssl=1 181w, https:\/\/i0.wp.com\/fontenilles-vtt.fr\/wp\/wp-content\/uploads\/2015\/06\/image015.jpg?w=361&amp;ssl=1 361w\" sizes=\"(max-width: 181px) 100vw, 181px\" \/><\/a><br \/>\nJe retrouve sur l&rsquo;aire d&rsquo;arriv\u00e9e mes camardes Orange ; Lionel, Tony,\u00a0Philippe et Steph. Ils viennent de finir le 40km &#8230; et apparemment c&rsquo;\u00e9tait<br \/>\npas de la tarte !<\/p>\n<p>Je sens bien que Lionel est frustr\u00e9 de ne pas avoir pu se pr\u00e9parer \u00e0 faire\u00a0au moins le 60km. Ce n&rsquo;est que partie remise !<\/p>\n<p>Voil\u00e0 pour le compte rendu, au final une super exp\u00e9rience qui m&rsquo;a permis de\u00a0mieux connaitre mes capacit\u00e9s, je voulais faire ce 80km, et je l&rsquo;ai fait.<br \/>\nComme disent le Anglais, \u00ab Job done \u00bb !<\/p>\n<p><strong>Voici maintenant la version de Philippe:<\/strong><\/p>\n<p>Quelle rando !<br \/>\nCe matin avant le d\u00e9part , certains regrettaient l&rsquo;heure trop tardive pour s&rsquo;\u00e9lancer sur le 60 et ne faire que le 40.<br \/>\nMais quel 40! C&rsquo;est un 40 +++! Jamais je n&rsquo;ai fait un 40 aussi difficile! 1200 de d+ on a d\u00e9j\u00e0 vu, mais autant de secteurs proches du trial, autant de descentes vertigineuses, autant de singles, c&rsquo;est unique. La moyenne horaire est ridicule. Les parties roulantes sont rares. On ne peut jamais r\u00e9cup\u00e9rer pourtant avec la chaleur, on n&rsquo;en a besoin. Seules les chutes de certains v\u00e9t\u00e9tistes refroidissent. Pas meilleur pour la confiance.<br \/>\nLes ravitos, m\u00eames s&rsquo;ils manquent de vari\u00e9t\u00e9, sont r\u00e9confortants et appr\u00e9ci\u00e9s.<br \/>\nJe suis partant pour faire le\u00a0 60 avec une temp\u00e9rature plus cl\u00e9mente.<br \/>\nBravo \u00e0 Florent pour son 80, qui est lorsqu&rsquo;on a v\u00e9cu un tel 40, semble inaccessible.<br \/>\nBravo \u00e1 tous d&rsquo;avoir rejoint l&rsquo;arriv\u00e9e indemnes mis \u00e0 part quelques \u00e9raflures.<br \/>\nGrosse d\u00e9ception par contre pour le manque de sandwichs-saucisses \u00e0 l&rsquo;arriv\u00e9e surtout qu&rsquo;on en trouve au premier ravito et que la rando co\u00fbte quand m\u00eame 20\u20ac.<\/p>\n<p><strong>Puis celle de Tony<\/strong><\/p>\n<div>On \u00e9tait six du club \u00e0 aller d\u00e9fier le Pic de Nore, une mention sp\u00e9ciale pour Flo qui s&rsquo;est lanc\u00e9 sur le 80km dantesque.<\/div>\n<div>Dans la voiture, nous nous motivons pour se lancer sur le 60km pour ne pas faire 3h de bagnole pour un 40 !<\/div>\n<div>Nous nous retrouvons vers 8h30 aux inscriptions, Lionel, Philippe, St\u00e9phane, Christophe et moi mais trop tard pour partir sur le 60&#8230;ouf !<\/div>\n<div>Nous commen\u00e7ons direct par des \u00e9pingles tr\u00e8s serr\u00e9es avec des relances en mont\u00e9e d\u00e9j\u00e0 le ton est donn\u00e9 !! Le cardio s&rsquo;affole !<\/div>\n<div>On reste ensemble quelques kilom\u00e8tre ensuite on se s\u00e9pare, Lionel et St\u00e9phane devant ensuite le reste du groupe.<\/div>\n<div>Je prends un peu le large sur Philippe et Christophe mais je me trompe 3 fois donc je les retrouve un peu plus tard devant moi avec environ deux bornes en plus !<\/div>\n<div>On continue ensemble et l\u00e0 \u00e7a commence \u00e0 monter dur ( mont\u00e9e des vignes), on a le vent dans le dos et l&rsquo;air est tr\u00e8s chaud, les organismes souffrent.<\/div>\n<div>On arr\u00eate pas de faire les montagnes russes avec de superbe single, des descentes fantastiques et un d\u00e9cor \u00e0 couper le souffle !<\/div>\n<div>Premier ravito enfin, j&rsquo;attends Philippe qui me rejoint et apr\u00e8s Christophe grosse pause de 20 minutes.<\/div>\n<div>Je les laisse au ravito et je me lance sur la suite qui est tr\u00e8s chaotique, parcours trialisant le long d&rsquo;un ruisseau qui me vaut une bonne gamelle dans un buis.<\/div>\n<div>Je termine la rando seul et je retrouve Lionel et St\u00e9phane \u00e0 l&rsquo;arriv\u00e9e.<\/div>\n<div>On retrouve Philippe un peu plus tard fatigu\u00e9 mais avec la banane.<\/div>\n<div>Florent nous rejoint ensuite tout frais, on a l&rsquo;impression qu&rsquo;il aurait pu faire encore plus !<\/div>\n<div>On attend Christophe une bonne heure mais nos obligations familiales font que nous devons laisse St\u00e9phane, d\u00e9sol\u00e9 les gars !<\/div>\n<div>Christophe arrivera une bonne heure plus tard tr\u00e8s fatigu\u00e9 mais avec le sourire, un mental d&rsquo;acier, bravo :o)<\/div>\n<div><\/div>\n<div>Au final : 44km et un peu plus de 1300D+<\/div>\n<div><\/div>\n<div>Point positif: tr\u00e8s belle rando, ludique et sportive.<\/div>\n<div><\/div>\n<div>Point n\u00e9gatif: trop ch\u00e8re et pas de ravitaillement sal\u00e9e \u00e0 l&rsquo;arriv\u00e9e !!<\/div>\n<div>Si, il fallait payer un surplus de 12\u20ac pour le repas !!<\/div>\n<div>Ils abusent de leur notori\u00e9t\u00e9 !<\/div>\n<div class=\"yj6qo ajU\"><\/div>\n<div class=\"yj6qo ajU\"><\/div>\n","protected":false},"excerpt":{"rendered":"<p>Le Week End dernier, nous sommes 6 \u00e0 avoir fait le d\u00e9placement vers Villegly pour la Cap Nore, 5 sur le 40 (43 en fait), et 1 sur le 80&#8230;. <\/p>\n<div class=\"read-more\"><a href=\"https:\/\/fontenilles-vtt.fr\/wp\/?p=2239\">Lire la suite<\/a><\/div>\n","protected":false},"author":1,"featured_media":0,"comment_status":"open","ping_status":"closed","sticky":false,"template":"","format":"standard","meta":{"om_disable_all_campaigns":false,"_monsterinsights_skip_tracking":false,"_monsterinsights_sitenote_active":false,"_monsterinsights_sitenote_note":"","_monsterinsights_sitenote_category":0,"ngg_post_thumbnail":0,"jetpack_post_was_ever_published":false,"_jetpack_newsletter_access":"","_jetpack_dont_email_post_to_subs":false,"_jetpack_newsletter_tier_id":0,"_jetpack_memberships_contains_paywalled_content":false,"_jetpack_memberships_contains_paid_content":false,"footnotes":"","jetpack_publicize_message":"","jetpack_publicize_feature_enabled":true,"jetpack_social_post_already_shared":false,"jetpack_social_options":{"image_generator_settings":{"template":"highway","enabled":false},"version":2}},"categories":[4],"tags":[],"jetpack_publicize_connections":[],"aioseo_notices":[],"jetpack_featured_media_url":"","jetpack_sharing_enabled":true,"jetpack_shortlink":"https:\/\/wp.me\/p9SYmx-A7","jetpack-related-posts":[],"post_mailing_queue_ids":[],"_links":{"self":[{"href":"https:\/\/fontenilles-vtt.fr\/wp\/index.php?rest_route=\/wp\/v2\/posts\/2239"}],"collection":[{"href":"https:\/\/fontenilles-vtt.fr\/wp\/index.php?rest_route=\/wp\/v2\/posts"}],"about":[{"href":"https:\/\/fontenilles-vtt.fr\/wp\/index.php?rest_route=\/wp\/v2\/types\/post"}],"author":[{"embeddable":true,"href":"https:\/\/fontenilles-vtt.fr\/wp\/index.php?rest_route=\/wp\/v2\/users\/1"}],"replies":[{"embeddable":true,"href":"https:\/\/fontenilles-vtt.fr\/wp\/index.php?rest_route=%2Fwp%2Fv2%2Fcomments&post=2239"}],"version-history":[{"count":3,"href":"https:\/\/fontenilles-vtt.fr\/wp\/index.php?rest_route=\/wp\/v2\/posts\/2239\/revisions"}],"predecessor-version":[{"id":2247,"href":"https:\/\/fontenilles-vtt.fr\/wp\/index.php?rest_route=\/wp\/v2\/posts\/2239\/revisions\/2247"}],"wp:attachment":[{"href":"https:\/\/fontenilles-vtt.fr\/wp\/index.php?rest_route=%2Fwp%2Fv2%2Fmedia&parent=2239"}],"wp:term":[{"taxonomy":"category","embeddable":true,"href":"https:\/\/fontenilles-vtt.fr\/wp\/index.php?rest_route=%2Fwp%2Fv2%2Fcategories&post=2239"},{"taxonomy":"post_tag","embeddable":true,"href":"https:\/\/fontenilles-vtt.fr\/wp\/index.php?rest_route=%2Fwp%2Fv2%2Ftags&post=2239"}],"curies":[{"name":"wp","href":"https:\/\/api.w.org\/{rel}","templated":true}]}}