{"id":2248,"date":"2015-06-30T19:17:32","date_gmt":"2015-06-30T17:17:32","guid":{"rendered":"http:\/\/fontenillesvtt.fr\/wp\/?p=2248"},"modified":"2015-06-30T19:17:32","modified_gmt":"2015-06-30T17:17:32","slug":"la-mezensolite","status":"publish","type":"post","link":"https:\/\/fontenilles-vtt.fr\/wp\/?p=2248","title":{"rendered":"La Mezens&rsquo;olite"},"content":{"rendered":"<p>Guillaume (pas Guigo) et moi,Christophe,\u00a0sommes partis de Fontenilles vers 7h00, arriv\u00e9s sur place 45 min plus tard, nous allons nous inscrire et profiter des quelques g\u00e2teaux, boissons et caf\u00e9s mis \u00e0 notre disposition.<\/p>\n<p>Florent arrive \u00e0 son tour pr\u00eat \u00e0 en d\u00e9coudre avec le 50Km, le temps est magnifique on redoute en peu la chaleur.<\/p>\n<p>Le temps d\u2019ajuster les plaques sur les v\u00e9los et nous apercevons sans doute le VTTiste le plus \u00e2g\u00e9 de la rando mais avec le v\u00e9lo le plus fun, un Fatbike avec garde-boues surdimensionn\u00e9s l\u2019aspect d\u2019une moto mais sans moteur.<\/p>\n<p>Nous sommes tous dans l\u2019attente du d\u00e9part pr\u00e9vu \u00e0 8h30 mais c\u2019\u00e9tait sans compter sur l\u2019impatience des athl\u00e8tes qui cherchent \u00e0 partir rapidement, ils ont d\u00e9cid\u00e9 de l\u00e2cher la meute sans attendre l\u2019heure pr\u00e9vue.<\/p>\n<p>Nous voil\u00e0 partis pour 35km et Flo sur 50km, nous contournons la foret par l\u2019ouest \u00a0le temps de se chauffer les jambes et on attaque la premi\u00e8re mont\u00e9e assez courte pour\u00a0redescendre vers un champ de bl\u00e9.<\/p>\n<p>La grosse mont\u00e9e montre son nez et \u00e7a grimpe\u00a0!!! arriv\u00e9s \u00e0 ce que nous pensions \u00eatre le sommet un dizaine de VTTiste gar\u00e9s \u00e0 l\u2019ombre nous disent que c\u2019est la plus dure et effectivement ce n\u2019\u00e9tait pas le sommet mais seulement un palier, dur dur\u00a0!!!<\/p>\n<p>Arriv\u00e9s au vrai sommet nous attaquons du single track tr\u00e8s vallonn\u00e9 avec rebord dans les virages, des parties tr\u00e8s roulantes o\u00f9 on peut l\u00e2cher les freins, d\u2019autres plus technique mais tout autant ludique.<\/p>\n<p>Puis arrive le premier ravito environ 9km du d\u00e9part, nous croisons des Raveurs et leur sound syst\u00e8me perch\u00e9 sur la montagne, on peut facilement apercevoir des sourires sur l\u2019ensemble des sportifs pr\u00e9sents car pour le moment le terrain de jeux est vraiment superbe. Nous repartons apr\u00e8s quelque p\u00e2tes de fruit et boissons.<\/p>\n<p>Les mont\u00e9es ne sont pas trop longue pour ne pas trop nous fatiguer mais les descentes sont tr\u00e8s jouissives.<\/p>\n<p>Au d\u00e9tour d\u2019un single un nouveau ravito D\u00e9j\u00e0\u00a0!!! \u00e0 peine 18km environ 500 de D+ mais les organisateurs nous disent qu\u2019il n\u2019y en a plus jusqu\u2019\u00e0 la fin.<\/p>\n<p>Il commence \u00e0 faire chaud, tant que nous restons dans la foret c\u2019est pas trop mal mais en revanche d\u00e8s que nous sortons la diff\u00e9rence est franche.<\/p>\n<p>Mes jambes commencent \u00e0 me dire que 800 de D+ c\u2019est d\u00e9j\u00e0 pas mal, c\u2019est \u00e0 ce moment que les pauses sont devenues syst\u00e9matiques apr\u00e8s les mont\u00e9es.<\/p>\n<p>Arriv\u00e9s \u00e0 30Km une \u00e9norme descente avec des pics a plus de 50Km\/h\u2026. trop bon\u00a0!!!! pour atterrir au village, une petite boucle pour finir histoire d\u2019arrondir les donn\u00e9es.<\/p>\n<p>Et nous voil\u00e0 \u00e0 la fin pour le sandwich saucisse et la bi\u00e8re \u00e0 1\u20ac.Le parking est d\u00e9sert nous \u00e9tions dans les derniers.<\/p>\n<p>Tr\u00e8s bonne rando un terrain de jeu vraiment ludique sans \u00eatre trop dur.<\/p>\n<p>Au final 33 Km pour 1100 de D+<\/p>\n<p>A refaire sans h\u00e9siter.<\/p>\n","protected":false},"excerpt":{"rendered":"<p>Guillaume (pas Guigo) et moi,Christophe,\u00a0sommes partis de Fontenilles vers 7h00, arriv\u00e9s sur place 45 min plus tard, nous allons nous inscrire et profiter des quelques g\u00e2teaux, boissons et caf\u00e9s mis&#8230; <\/p>\n<div class=\"read-more\"><a href=\"https:\/\/fontenilles-vtt.fr\/wp\/?p=2248\">Lire la suite<\/a><\/div>\n","protected":false},"author":1,"featured_media":0,"comment_status":"open","ping_status":"closed","sticky":false,"template":"","format":"standard","meta":{"om_disable_all_campaigns":false,"_monsterinsights_skip_tracking":false,"_monsterinsights_sitenote_active":false,"_monsterinsights_sitenote_note":"","_monsterinsights_sitenote_category":0,"ngg_post_thumbnail":0,"jetpack_post_was_ever_published":false,"_jetpack_newsletter_access":"","_jetpack_dont_email_post_to_subs":false,"_jetpack_newsletter_tier_id":0,"_jetpack_memberships_contains_paywalled_content":false,"_jetpack_memberships_contains_paid_content":false,"footnotes":"","jetpack_publicize_message":"","jetpack_publicize_feature_enabled":true,"jetpack_social_post_already_shared":false,"jetpack_social_options":{"image_generator_settings":{"template":"highway","enabled":false},"version":2}},"categories":[4],"tags":[],"jetpack_publicize_connections":[],"aioseo_notices":[],"jetpack_featured_media_url":"","jetpack_sharing_enabled":true,"jetpack_shortlink":"https:\/\/wp.me\/p9SYmx-Ag","jetpack-related-posts":[],"post_mailing_queue_ids":[],"_links":{"self":[{"href":"https:\/\/fontenilles-vtt.fr\/wp\/index.php?rest_route=\/wp\/v2\/posts\/2248"}],"collection":[{"href":"https:\/\/fontenilles-vtt.fr\/wp\/index.php?rest_route=\/wp\/v2\/posts"}],"about":[{"href":"https:\/\/fontenilles-vtt.fr\/wp\/index.php?rest_route=\/wp\/v2\/types\/post"}],"author":[{"embeddable":true,"href":"https:\/\/fontenilles-vtt.fr\/wp\/index.php?rest_route=\/wp\/v2\/users\/1"}],"replies":[{"embeddable":true,"href":"https:\/\/fontenilles-vtt.fr\/wp\/index.php?rest_route=%2Fwp%2Fv2%2Fcomments&post=2248"}],"version-history":[{"count":1,"href":"https:\/\/fontenilles-vtt.fr\/wp\/index.php?rest_route=\/wp\/v2\/posts\/2248\/revisions"}],"predecessor-version":[{"id":2249,"href":"https:\/\/fontenilles-vtt.fr\/wp\/index.php?rest_route=\/wp\/v2\/posts\/2248\/revisions\/2249"}],"wp:attachment":[{"href":"https:\/\/fontenilles-vtt.fr\/wp\/index.php?rest_route=%2Fwp%2Fv2%2Fmedia&parent=2248"}],"wp:term":[{"taxonomy":"category","embeddable":true,"href":"https:\/\/fontenilles-vtt.fr\/wp\/index.php?rest_route=%2Fwp%2Fv2%2Fcategories&post=2248"},{"taxonomy":"post_tag","embeddable":true,"href":"https:\/\/fontenilles-vtt.fr\/wp\/index.php?rest_route=%2Fwp%2Fv2%2Ftags&post=2248"}],"curies":[{"name":"wp","href":"https:\/\/api.w.org\/{rel}","templated":true}]}}