{"id":2250,"date":"2015-07-06T11:41:36","date_gmt":"2015-07-06T09:41:36","guid":{"rendered":"http:\/\/fontenillesvtt.fr\/wp\/?p=2250"},"modified":"2015-07-06T15:19:16","modified_gmt":"2015-07-06T13:19:16","slug":"loursalher-fetee-par-les-oranges","status":"publish","type":"post","link":"https:\/\/fontenilles-vtt.fr\/wp\/?p=2250","title":{"rendered":"L&rsquo;Orsalher f\u00eat\u00e9e par les Oranges"},"content":{"rendered":"<p>Nous \u00e9tions 5+1 pour la superbe rando de Oust.<\/p>\n<p><img data-recalc-dims=\"1\" loading=\"lazy\" decoding=\"async\" data-attachment-id=\"2254\" data-permalink=\"https:\/\/fontenilles-vtt.fr\/wp\/?attachment_id=2254\" data-orig-file=\"https:\/\/i0.wp.com\/fontenilles-vtt.fr\/wp\/wp-content\/uploads\/2015\/07\/2015-07-05-08.44.37.jpg?fit=4128%2C2322&amp;ssl=1\" data-orig-size=\"4128,2322\" data-comments-opened=\"1\" data-image-meta=\"{&quot;aperture&quot;:&quot;2.2&quot;,&quot;credit&quot;:&quot;&quot;,&quot;camera&quot;:&quot;GT-I9505&quot;,&quot;caption&quot;:&quot;&quot;,&quot;created_timestamp&quot;:&quot;1436085877&quot;,&quot;copyright&quot;:&quot;&quot;,&quot;focal_length&quot;:&quot;4.2&quot;,&quot;iso&quot;:&quot;50&quot;,&quot;shutter_speed&quot;:&quot;0.0054945054945055&quot;,&quot;title&quot;:&quot;&quot;,&quot;orientation&quot;:&quot;1&quot;}\" data-image-title=\"2015-07-05 08.44.37\" data-image-description=\"\" data-image-caption=\"\" data-medium-file=\"https:\/\/i0.wp.com\/fontenilles-vtt.fr\/wp\/wp-content\/uploads\/2015\/07\/2015-07-05-08.44.37.jpg?fit=300%2C169&amp;ssl=1\" data-large-file=\"https:\/\/i0.wp.com\/fontenilles-vtt.fr\/wp\/wp-content\/uploads\/2015\/07\/2015-07-05-08.44.37.jpg?fit=590%2C332&amp;ssl=1\" class=\"aligncenter size-medium wp-image-2254\" src=\"https:\/\/i0.wp.com\/fontenillesvtt.fr\/wp\/wp-content\/uploads\/2015\/07\/2015-07-05-08.44.37-300x169.jpg?resize=300%2C169\" alt=\"2015-07-05 08.44.37\" width=\"300\" height=\"169\" srcset=\"https:\/\/i0.wp.com\/fontenilles-vtt.fr\/wp\/wp-content\/uploads\/2015\/07\/2015-07-05-08.44.37.jpg?resize=300%2C169&amp;ssl=1 300w, https:\/\/i0.wp.com\/fontenilles-vtt.fr\/wp\/wp-content\/uploads\/2015\/07\/2015-07-05-08.44.37.jpg?resize=1024%2C576&amp;ssl=1 1024w, https:\/\/i0.wp.com\/fontenilles-vtt.fr\/wp\/wp-content\/uploads\/2015\/07\/2015-07-05-08.44.37.jpg?w=1180&amp;ssl=1 1180w, https:\/\/i0.wp.com\/fontenilles-vtt.fr\/wp\/wp-content\/uploads\/2015\/07\/2015-07-05-08.44.37.jpg?w=1770&amp;ssl=1 1770w\" sizes=\"(max-width: 300px) 100vw, 300px\" \/><\/p>\n<p>Les cadors \u00e9tant occup\u00e9s ailleurs, nous sommes partis sur le 45, sans aller jusqu&rsquo;au sommet desservi par le 60.<\/p>\n<p>Un parcours tr\u00e8s int\u00e9ressant: 3 mont\u00e9es plut\u00f4t roulantes (en dehors de quelques murs bien sentis surtout apr\u00e8s le deuxi\u00e8me ravito et en sortie de village) d&rsquo;environ 400m de D+, et 3 descentes roulantes elles aussi mais tr\u00e8s ludiques. 3 ravitos, un tout les 10km, corrects et \u00a0appr\u00e9ci\u00e9s par cette chaleur torride (mais non \u00e9touffante l&rsquo;altitude et quelques nuages aidant).<\/p>\n<p>La premi\u00e8re mont\u00e9e filtre d\u00e9j\u00e0, et les groupes se forment: Stef et Yoyo en t\u00eate, suivis de pr\u00e8s par Fred en mode diesel, puis Philippe avec son nouveau Stump Carbone 29&prime; , et enfin Chris toujours vaillant accompagn\u00e9 de son chevalier servant Guillaume.<\/p>\n<p>La 1ere descente est joueuse, les paysages fabuleux avec une belle vue sur le massif du Vallier.<\/p>\n<p>La deuxi\u00e8me mont\u00e9e fait bien mal aux pattes. D&rsquo;abord bien r\u00e9guli\u00e8re, et r\u00e9compens\u00e9e par un ravito, \u00a0elle continue apr\u00e8s le ravito sur un pourcentage effrayant que je passe \u00e0 pieds alors que Fred et Steph le montent \u00e0 velo (avec quelques pauses indispensables). De vrais guerriers. <img data-recalc-dims=\"1\" loading=\"lazy\" decoding=\"async\" data-attachment-id=\"2253\" data-permalink=\"https:\/\/fontenilles-vtt.fr\/wp\/?attachment_id=2253\" data-orig-file=\"https:\/\/i0.wp.com\/fontenilles-vtt.fr\/wp\/wp-content\/uploads\/2015\/07\/2015-07-05-11.07.54-e1436175364963.jpg?fit=2322%2C4128&amp;ssl=1\" data-orig-size=\"2322,4128\" data-comments-opened=\"1\" data-image-meta=\"{&quot;aperture&quot;:&quot;2.2&quot;,&quot;credit&quot;:&quot;&quot;,&quot;camera&quot;:&quot;GT-I9505&quot;,&quot;caption&quot;:&quot;&quot;,&quot;created_timestamp&quot;:&quot;1436094474&quot;,&quot;copyright&quot;:&quot;&quot;,&quot;focal_length&quot;:&quot;4.2&quot;,&quot;iso&quot;:&quot;64&quot;,&quot;shutter_speed&quot;:&quot;0.01&quot;,&quot;title&quot;:&quot;&quot;,&quot;orientation&quot;:&quot;6&quot;}\" data-image-title=\"2015-07-05 11.07.54\" data-image-description=\"\" data-image-caption=\"\" data-medium-file=\"https:\/\/i0.wp.com\/fontenilles-vtt.fr\/wp\/wp-content\/uploads\/2015\/07\/2015-07-05-11.07.54-e1436175364963.jpg?fit=135%2C240&amp;ssl=1\" data-large-file=\"https:\/\/i0.wp.com\/fontenilles-vtt.fr\/wp\/wp-content\/uploads\/2015\/07\/2015-07-05-11.07.54-e1436175364963.jpg?fit=432%2C768&amp;ssl=1\" class=\"aligncenter size-medium wp-image-2253\" src=\"https:\/\/i0.wp.com\/fontenillesvtt.fr\/wp\/wp-content\/uploads\/2015\/07\/2015-07-05-11.07.54-e1436175364963-135x240.jpg?resize=135%2C240\" alt=\"2015-07-05 11.07.54\" width=\"135\" height=\"240\" srcset=\"https:\/\/i0.wp.com\/fontenilles-vtt.fr\/wp\/wp-content\/uploads\/2015\/07\/2015-07-05-11.07.54-e1436175364963.jpg?resize=135%2C240&amp;ssl=1 135w, https:\/\/i0.wp.com\/fontenilles-vtt.fr\/wp\/wp-content\/uploads\/2015\/07\/2015-07-05-11.07.54-e1436175364963.jpg?resize=432%2C768&amp;ssl=1 432w, https:\/\/i0.wp.com\/fontenilles-vtt.fr\/wp\/wp-content\/uploads\/2015\/07\/2015-07-05-11.07.54-e1436175364963.jpg?w=1180&amp;ssl=1 1180w, https:\/\/i0.wp.com\/fontenilles-vtt.fr\/wp\/wp-content\/uploads\/2015\/07\/2015-07-05-11.07.54-e1436175364963.jpg?w=1770&amp;ssl=1 1770w\" sizes=\"(max-width: 135px) 100vw, 135px\" \/><a href=\"https:\/\/i0.wp.com\/fontenillesvtt.fr\/wp\/wp-content\/uploads\/2015\/07\/2015-07-05-11.07.08.jpg\"><img data-recalc-dims=\"1\" loading=\"lazy\" decoding=\"async\" data-attachment-id=\"2263\" data-permalink=\"https:\/\/fontenilles-vtt.fr\/wp\/?attachment_id=2263\" data-orig-file=\"https:\/\/i0.wp.com\/fontenilles-vtt.fr\/wp\/wp-content\/uploads\/2015\/07\/2015-07-05-11.07.08.jpg?fit=2322%2C4128&amp;ssl=1\" data-orig-size=\"2322,4128\" data-comments-opened=\"1\" data-image-meta=\"{&quot;aperture&quot;:&quot;2.2&quot;,&quot;credit&quot;:&quot;&quot;,&quot;camera&quot;:&quot;GT-I9505&quot;,&quot;caption&quot;:&quot;&quot;,&quot;created_timestamp&quot;:&quot;1436094428&quot;,&quot;copyright&quot;:&quot;&quot;,&quot;focal_length&quot;:&quot;4.2&quot;,&quot;iso&quot;:&quot;50&quot;,&quot;shutter_speed&quot;:&quot;0.01&quot;,&quot;title&quot;:&quot;&quot;,&quot;orientation&quot;:&quot;1&quot;}\" data-image-title=\"2015-07-05 11.07.08\" data-image-description=\"\" data-image-caption=\"\" data-medium-file=\"https:\/\/i0.wp.com\/fontenilles-vtt.fr\/wp\/wp-content\/uploads\/2015\/07\/2015-07-05-11.07.08.jpg?fit=135%2C240&amp;ssl=1\" data-large-file=\"https:\/\/i0.wp.com\/fontenilles-vtt.fr\/wp\/wp-content\/uploads\/2015\/07\/2015-07-05-11.07.08.jpg?fit=432%2C768&amp;ssl=1\" class=\"aligncenter size-medium wp-image-2263\" src=\"https:\/\/i0.wp.com\/fontenillesvtt.fr\/wp\/wp-content\/uploads\/2015\/07\/2015-07-05-11.07.08-135x240.jpg?resize=135%2C240\" alt=\"2015-07-05 11.07.08\" width=\"135\" height=\"240\" srcset=\"https:\/\/i0.wp.com\/fontenilles-vtt.fr\/wp\/wp-content\/uploads\/2015\/07\/2015-07-05-11.07.08.jpg?resize=135%2C240&amp;ssl=1 135w, https:\/\/i0.wp.com\/fontenilles-vtt.fr\/wp\/wp-content\/uploads\/2015\/07\/2015-07-05-11.07.08.jpg?resize=432%2C768&amp;ssl=1 432w, https:\/\/i0.wp.com\/fontenilles-vtt.fr\/wp\/wp-content\/uploads\/2015\/07\/2015-07-05-11.07.08.jpg?w=1180&amp;ssl=1 1180w, https:\/\/i0.wp.com\/fontenilles-vtt.fr\/wp\/wp-content\/uploads\/2015\/07\/2015-07-05-11.07.08.jpg?w=1770&amp;ssl=1 1770w\" sizes=\"(max-width: 135px) 100vw, 135px\" \/><\/a><br \/>\nLa r\u00e9compense est \u00e0 suivre avec une descente foresti\u00e8re sur de tr\u00e8s jolis singles en terre et feuilles, et surtout des \u00e9pingles \u00e0 cheveux tr\u00e8s serr\u00e9es&#8230; tellement serr\u00e9es qu&rsquo;\u00e0 vouloir les passer toutessur le v\u00e9lo, je me gamelle sur une pierre en sortie de virage: petit oeuf de pigeon sur la cheville, et \u00e7a repart, \u00e0 fond les ballons. Je me suis renseign\u00e9 apr\u00e8s, personne du club ne les a pass\u00e9es sans poser le pied.<\/p>\n<div style=\"width: 590px;\" class=\"wp-video\"><!--[if lt IE 9]><script>document.createElement('video');<\/script><![endif]-->\n<video class=\"wp-video-shortcode\" id=\"video-2250-1\" width=\"590\" height=\"332\" preload=\"metadata\" controls=\"controls\"><source type=\"video\/mp4\" src=\"http:\/\/fontenillesvtt.fr\/wp\/wp-content\/uploads\/2015\/07\/oursalher.mp4?_=1\" \/><a href=\"http:\/\/fontenillesvtt.fr\/wp\/wp-content\/uploads\/2015\/07\/oursalher.mp4\">http:\/\/fontenillesvtt.fr\/wp\/wp-content\/uploads\/2015\/07\/oursalher.mp4<\/a><\/video><\/div>\n<p>&nbsp;<\/p>\n<p>&nbsp;<\/p>\n<p>A ce moment, Christophe coupe pour finir\u00a0sur le 30, c&rsquo;est plus raisonnable, et apr\u00e8s un peu d&rsquo;asphalte, nous nous lan\u00e7ons sur la 3e mont\u00e9e qui d\u00e9marre en trombe dans un village sur de l&rsquo;asphalte raide, mais raide, et continue longtemps, longtemps. Les crampes ne sont pas loin, et arriv\u00e9 au 3e ravito, personne ne se le sent de rajouter 1h de mont\u00e9e pour faire le 60km. En revanche, nousnous y retrouvons tous, Guillaume inclus, avant de repartir en d\u00e9sordre pour 2 nouveaux raidillons que je passe \u00e0 pied (pas de crampe, pas de crampe). Enfin arrive la 3 descente, vive, foresti\u00e8re, single track relev\u00e9 dans les virages, un bonheur \u00e0 l&rsquo;\u00e9tat pur.<\/p>\n<p>Enfin, nous arrivons, heureux et combl\u00e9s, avec 43km et 1400m de D+, et surtout un plateau repas tr\u00e8s appr\u00e9ci\u00e9 (saucisses, frites, fromage, fruits, et pinard) et une belle photo offerte.<\/p>\n<p>&nbsp;<\/p>\n<p>Le balisage \u00e9tait parfait, les parcours durs mais joueurs, les paysages somptueux, l&rsquo;organisation irr\u00e9prochable. A refaire avec la GoPro.<\/p>\n<p><a href=\"https:\/\/i0.wp.com\/fontenillesvtt.fr\/wp\/wp-content\/uploads\/2015\/07\/2015-07-05-12.22.34.jpg\"><img data-recalc-dims=\"1\" loading=\"lazy\" decoding=\"async\" data-attachment-id=\"2256\" data-permalink=\"https:\/\/fontenilles-vtt.fr\/wp\/?attachment_id=2256\" data-orig-file=\"https:\/\/i0.wp.com\/fontenilles-vtt.fr\/wp\/wp-content\/uploads\/2015\/07\/2015-07-05-12.22.34.jpg?fit=4128%2C2322&amp;ssl=1\" data-orig-size=\"4128,2322\" data-comments-opened=\"1\" data-image-meta=\"{&quot;aperture&quot;:&quot;2.2&quot;,&quot;credit&quot;:&quot;&quot;,&quot;camera&quot;:&quot;GT-I9505&quot;,&quot;caption&quot;:&quot;&quot;,&quot;created_timestamp&quot;:&quot;1436098954&quot;,&quot;copyright&quot;:&quot;&quot;,&quot;focal_length&quot;:&quot;4.2&quot;,&quot;iso&quot;:&quot;50&quot;,&quot;shutter_speed&quot;:&quot;0.0013586956521739&quot;,&quot;title&quot;:&quot;&quot;,&quot;orientation&quot;:&quot;1&quot;}\" data-image-title=\"2015-07-05 12.22.34\" data-image-description=\"\" data-image-caption=\"\" data-medium-file=\"https:\/\/i0.wp.com\/fontenilles-vtt.fr\/wp\/wp-content\/uploads\/2015\/07\/2015-07-05-12.22.34.jpg?fit=300%2C169&amp;ssl=1\" data-large-file=\"https:\/\/i0.wp.com\/fontenilles-vtt.fr\/wp\/wp-content\/uploads\/2015\/07\/2015-07-05-12.22.34.jpg?fit=590%2C332&amp;ssl=1\" class=\"aligncenter size-medium wp-image-2256\" src=\"https:\/\/i0.wp.com\/fontenillesvtt.fr\/wp\/wp-content\/uploads\/2015\/07\/2015-07-05-12.22.34-300x169.jpg?resize=300%2C169\" alt=\"2015-07-05 12.22.34\" width=\"300\" height=\"169\" srcset=\"https:\/\/i0.wp.com\/fontenilles-vtt.fr\/wp\/wp-content\/uploads\/2015\/07\/2015-07-05-12.22.34.jpg?resize=300%2C169&amp;ssl=1 300w, https:\/\/i0.wp.com\/fontenilles-vtt.fr\/wp\/wp-content\/uploads\/2015\/07\/2015-07-05-12.22.34.jpg?resize=1024%2C576&amp;ssl=1 1024w, https:\/\/i0.wp.com\/fontenilles-vtt.fr\/wp\/wp-content\/uploads\/2015\/07\/2015-07-05-12.22.34.jpg?w=1180&amp;ssl=1 1180w, https:\/\/i0.wp.com\/fontenilles-vtt.fr\/wp\/wp-content\/uploads\/2015\/07\/2015-07-05-12.22.34.jpg?w=1770&amp;ssl=1 1770w\" sizes=\"(max-width: 300px) 100vw, 300px\" \/><\/a><\/p>\n<p>&nbsp;<\/p>\n<p>&nbsp;<\/p>\n<p><strong>Et voici en bonus le CR de Chris:<\/strong><\/p>\n<p>Comment commencer pour cette superbe rando\u00a0? il y a tellement de chose \u00e0 dire.<\/p>\n<p>Apr\u00e8s une heure et demi de voiture avec Guillaume, nous arrivons \u00e0 un charmant petit village nomm\u00e9 Oust, en bord du Salat. Il ne fait pas trop chaud et le ciel est un peu couvert, de tr\u00e8s bonne augure pour \u00e9viter les surchauffes. Place au inscription et caf\u00e9 avant de se mettre en tenue de combat. Alors que nous rejoignons le point de d\u00e9part, une arm\u00e9e de Oranges fait son apparition (Fred, Lionel, Philippe et St\u00e9phane).Le temps d\u2019accrocher les plaques, de ranger les tickets (on y reviendra plus tard), le d\u00e9part group\u00e9 sera pour le 45km \u00e0 8h45.Un petit appel micro et c\u2019est parti.<\/p>\n<p>Nous commen\u00e7ons par une belle mont\u00e9e, L\u2019orga nous avait dit de ne pas nous pr\u00e9cipiter. En effet 3 km de mont\u00e9e \u00e0 travers champs au d\u00e9but et dans les bois pour finir et 300 de D+ plus tard un organisateur nous indique le chemin.<\/p>\n<p>C\u2019est parti\u00a0!!! plus de cinq km de descente en single sur terre et \u00a0cailloux avec de grande ligne droite avec prise de vitesse, des parties un peu plus technique mais vraiment sans soucis pour le\u00a0novice que je suis, le tout en for\u00eat. La fin de la descente est ponctu\u00e9e par un gars de l\u2019orga qui nous indique le chemin \u00e0 suivre (j\u2019y reviendrai plus tard car pour moi c\u2019est \u00e9norme). Apr\u00e8s le premier ravito environ 10km nous longeons le Salat vers le sud pour aller chercher la deuxi\u00e8me difficult\u00e9 \u00e0 environ 7km.Une mont\u00e9 de deux km et demi pour 400 de D+ dur dur, mais le deuxi\u00e8me ravito qui est \u00e0 \u00a0700 ou 800 m\u00e8tres \u00a0du sommet permet de bien reposer les organismes. J\u2019y retrouve un vtt \u00e9lectrique qui m\u2019avait doubl\u00e9 sur la mont\u00e9 avec une fraicheur impressionnante. Il \u00e9tait dans le m\u00eame \u00e9tat que moi car un v\u00e9lo \u00e9lectrique qui a la batterie \u00e0 plat c\u2019est plus dur pour monter hihihih\u00a0!!!<\/p>\n<p>Ces dernier m\u00e8tres avant le sommet sont pour ma part fait \u00e0 pieds (trop raide).<\/p>\n<p>Au sommet j\u2019ai envie de dire (comme d\u2019hab) un gars de l\u2019orga indique le chemin.<\/p>\n<p>Et c\u2019est reparti\u00a0!!! \u00e9norme descente super roulante des petites \u00e9pingles pour des petits d\u00e9rapages contr\u00f4l\u00e9s, sans doute une des plus belle que je n\u2019ai jamais faites, que du bonheur bref un truc de fou.<\/p>\n<p>Arriv\u00e9 en bas encore une personne de l\u2019orga qui me dit de prendre \u00e0 gauche vu que ma plaque indique que je suis inscrit sur le 45 mais mes deux heures de sommeil due \u00e0 l\u2019anniversaire de madame ont raison de ma petite forme et je d\u00e9cide donc d\u2019en finir et je rejoins l\u2019arriv\u00e9e .A l\u2019arriv\u00e9e on m\u2019indique o\u00f9 prendre mon repas en \u00e9change de mon ticket(plateau saucisse frite pain fromage fruit) mais je pr\u00e9f\u00e8re attendre la team en revanche on m\u2019indique qu\u2019avec l\u2019autre ticket j\u2019ai droit \u00e0 une photo et l\u00e0\u00a0! quelle surprise un photographe pro pour le plus grands plaisir des participants.<\/p>\n<p>&nbsp;<\/p>\n<p>En r\u00e9sum\u00e9 une rando splendide tr\u00e8s jouissive une organisation impressionnante car apr\u00e8s chaque mont\u00e9e chaque descente et chaque bifurcation entre deux distances il y avait une personne pour indiquer le chemin.<\/p>\n<p>Que du positif pour un seul b\u00e9mol beaucoup de grillage ouvert de passage priv\u00e9 donc tr\u00e8s difficile de refaire exactement la m\u00eame en off d\u00e9sol\u00e9.<\/p>\n<p><a href=\"https:\/\/i0.wp.com\/fontenillesvtt.fr\/wp\/wp-content\/uploads\/2015\/07\/image003-1.jpg\"><img data-recalc-dims=\"1\" loading=\"lazy\" decoding=\"async\" data-attachment-id=\"2260\" data-permalink=\"https:\/\/fontenilles-vtt.fr\/wp\/?attachment_id=2260\" data-orig-file=\"https:\/\/i0.wp.com\/fontenilles-vtt.fr\/wp\/wp-content\/uploads\/2015\/07\/image003-1.jpg?fit=605%2C916&amp;ssl=1\" data-orig-size=\"605,916\" data-comments-opened=\"1\" data-image-meta=\"{&quot;aperture&quot;:&quot;0&quot;,&quot;credit&quot;:&quot;&quot;,&quot;camera&quot;:&quot;&quot;,&quot;caption&quot;:&quot;&quot;,&quot;created_timestamp&quot;:&quot;0&quot;,&quot;copyright&quot;:&quot;&quot;,&quot;focal_length&quot;:&quot;0&quot;,&quot;iso&quot;:&quot;0&quot;,&quot;shutter_speed&quot;:&quot;0&quot;,&quot;title&quot;:&quot;&quot;,&quot;orientation&quot;:&quot;0&quot;}\" data-image-title=\"image003 (1)\" data-image-description=\"\" data-image-caption=\"\" data-medium-file=\"https:\/\/i0.wp.com\/fontenilles-vtt.fr\/wp\/wp-content\/uploads\/2015\/07\/image003-1.jpg?fit=159%2C240&amp;ssl=1\" data-large-file=\"https:\/\/i0.wp.com\/fontenilles-vtt.fr\/wp\/wp-content\/uploads\/2015\/07\/image003-1.jpg?fit=507%2C768&amp;ssl=1\" class=\"aligncenter size-medium wp-image-2260\" src=\"https:\/\/i0.wp.com\/fontenillesvtt.fr\/wp\/wp-content\/uploads\/2015\/07\/image003-1-159x240.jpg?resize=159%2C240\" alt=\"image003 (1)\" width=\"159\" height=\"240\" srcset=\"https:\/\/i0.wp.com\/fontenilles-vtt.fr\/wp\/wp-content\/uploads\/2015\/07\/image003-1.jpg?resize=159%2C240&amp;ssl=1 159w, https:\/\/i0.wp.com\/fontenilles-vtt.fr\/wp\/wp-content\/uploads\/2015\/07\/image003-1.jpg?resize=507%2C768&amp;ssl=1 507w, https:\/\/i0.wp.com\/fontenilles-vtt.fr\/wp\/wp-content\/uploads\/2015\/07\/image003-1.jpg?w=605&amp;ssl=1 605w\" sizes=\"(max-width: 159px) 100vw, 159px\" \/><\/a><\/p>\n<p>Chris<\/p>\n<p>Environ 30km pour 1000de D+<\/p>\n","protected":false},"excerpt":{"rendered":"<p>Nous \u00e9tions 5+1 pour la superbe rando de Oust. Les cadors \u00e9tant occup\u00e9s ailleurs, nous sommes partis sur le 45, sans aller jusqu&rsquo;au sommet desservi par le 60. Un parcours&#8230; <\/p>\n<div class=\"read-more\"><a href=\"https:\/\/fontenilles-vtt.fr\/wp\/?p=2250\">Lire la suite<\/a><\/div>\n","protected":false},"author":1,"featured_media":0,"comment_status":"open","ping_status":"closed","sticky":false,"template":"","format":"standard","meta":{"om_disable_all_campaigns":false,"_monsterinsights_skip_tracking":false,"_monsterinsights_sitenote_active":false,"_monsterinsights_sitenote_note":"","_monsterinsights_sitenote_category":0,"ngg_post_thumbnail":0,"jetpack_post_was_ever_published":false,"_jetpack_newsletter_access":"","_jetpack_dont_email_post_to_subs":false,"_jetpack_newsletter_tier_id":0,"_jetpack_memberships_contains_paywalled_content":false,"_jetpack_memberships_contains_paid_content":false,"footnotes":"","jetpack_publicize_message":"","jetpack_publicize_feature_enabled":true,"jetpack_social_post_already_shared":false,"jetpack_social_options":{"image_generator_settings":{"template":"highway","enabled":false},"version":2}},"categories":[4],"tags":[],"jetpack_publicize_connections":[],"aioseo_notices":[],"jetpack_featured_media_url":"","jetpack_sharing_enabled":true,"jetpack_shortlink":"https:\/\/wp.me\/p9SYmx-Ai","jetpack-related-posts":[],"post_mailing_queue_ids":[],"_links":{"self":[{"href":"https:\/\/fontenilles-vtt.fr\/wp\/index.php?rest_route=\/wp\/v2\/posts\/2250"}],"collection":[{"href":"https:\/\/fontenilles-vtt.fr\/wp\/index.php?rest_route=\/wp\/v2\/posts"}],"about":[{"href":"https:\/\/fontenilles-vtt.fr\/wp\/index.php?rest_route=\/wp\/v2\/types\/post"}],"author":[{"embeddable":true,"href":"https:\/\/fontenilles-vtt.fr\/wp\/index.php?rest_route=\/wp\/v2\/users\/1"}],"replies":[{"embeddable":true,"href":"https:\/\/fontenilles-vtt.fr\/wp\/index.php?rest_route=%2Fwp%2Fv2%2Fcomments&post=2250"}],"version-history":[{"count":7,"href":"https:\/\/fontenilles-vtt.fr\/wp\/index.php?rest_route=\/wp\/v2\/posts\/2250\/revisions"}],"predecessor-version":[{"id":2264,"href":"https:\/\/fontenilles-vtt.fr\/wp\/index.php?rest_route=\/wp\/v2\/posts\/2250\/revisions\/2264"}],"wp:attachment":[{"href":"https:\/\/fontenilles-vtt.fr\/wp\/index.php?rest_route=%2Fwp%2Fv2%2Fmedia&parent=2250"}],"wp:term":[{"taxonomy":"category","embeddable":true,"href":"https:\/\/fontenilles-vtt.fr\/wp\/index.php?rest_route=%2Fwp%2Fv2%2Fcategories&post=2250"},{"taxonomy":"post_tag","embeddable":true,"href":"https:\/\/fontenilles-vtt.fr\/wp\/index.php?rest_route=%2Fwp%2Fv2%2Ftags&post=2250"}],"curies":[{"name":"wp","href":"https:\/\/api.w.org\/{rel}","templated":true}]}}