{"id":2265,"date":"2015-07-26T16:30:52","date_gmt":"2015-07-26T14:30:52","guid":{"rendered":"http:\/\/fontenillesvtt.fr\/wp\/?p=2265"},"modified":"2015-07-26T16:30:52","modified_gmt":"2015-07-26T14:30:52","slug":"un-orange-a-campagne-sur-arize","status":"publish","type":"post","link":"https:\/\/fontenilles-vtt.fr\/wp\/?p=2265","title":{"rendered":"un orange \u00e0 Campagne-sur-Arize"},"content":{"rendered":"<div dir=\"ltr\">Dimanche 12 Juillet, c&rsquo;est le d\u00e9but des vacances donc\u00a0je pars seul dans l&rsquo;Ari\u00e8ge faire cette randonn\u00e9e pas loin du Mas d&rsquo;Azil.<\/div>\n<div dir=\"ltr\">J&rsquo;oublie ma feuille de route et je n&rsquo;ai pas de gps donc je gal\u00e8re un peu pour trouver ce village ce qui me vaut un retard sur mon timing de 30 minutes.<\/div>\n<div dir=\"ltr\"><\/div>\n<div dir=\"ltr\">Arriv\u00e9e sur place, il y a du monde car il y a une course cyclo et vtt, passage aux inscriptions sur le 40km, un p&rsquo;tit caf\u00e9 et je commence.<\/div>\n<div dir=\"ltr\"><\/div>\n<div dir=\"ltr\">Le d\u00e9part\u00a0est tranquille, bords de champs, sous-bois, route, rien de tr\u00e8s ludique mais le paysage vaut le coup. J&rsquo;arrive au premier ravito \u00e0 15km avec 300D+, l&rsquo;accueil est sympa, la nourriture abondante \u00a0(grillade, fruits secs&#8230;); je repars apr\u00e8s une petite pause et l\u00e0\u00a0c&rsquo;est dur une mont\u00e9e de 5km avec 500D+, on arrive sur un col \u00e0 plus de 750 m\u00e8tres d&rsquo;altitude, vue magnifique sur les Pyr\u00e9n\u00e9es\u00a0et au compteur je commence \u00e0 me poser des questions\u00a0: on a fait 20km et on est d\u00e9j\u00e0 \u00e0 plus de 800D+ !!<\/div>\n<div dir=\"ltr\"><\/div>\n<div dir=\"ltr\">La descente du col est tr\u00e8s droite pas trop de single, on traverse m\u00eame une rave party \u00e0 plus de 30km\/h \u00e7a fait dr\u00f4le !! Je rencontre un gars du club de la salvetat qui connait Christophe (le seul fou qui a pris le d\u00e9part sur leur rando), j&rsquo;ai les jambes donc je le lache aux deuxi\u00e8me ravito (toujours aussi copieux).<\/div>\n<div dir=\"ltr\"><\/div>\n<div dir=\"ltr\">La fin de la rando, il n&rsquo;y a plus de single pour rejoindre la vall\u00e9e, on termine sur des bords de champs et des chemins caillouteux ce qui me vaut une belle gamelle en sortie de virage, coude abim\u00e9 et souffle coup\u00e9 apr\u00e8s un bon choc sur la poitrine.<\/div>\n<div dir=\"ltr\"><\/div>\n<div dir=\"ltr\">Je termine les derniers kilom\u00e8tres\u00a0sans probl\u00e8me, je retrouve un client avec qui nous\u00a0buvons une bonne bi\u00e8re bien m\u00e9rit\u00e9 !<\/div>\n<div dir=\"ltr\"><\/div>\n<div dir=\"ltr\">Au final, 43km et 1100D+ \u00e0 plus de 14km\/h de moyenne (un record pour moi)<\/div>\n<div dir=\"ltr\"><\/div>\n<div dir=\"ltr\">Le soir,\u00a0j&rsquo;ai mal aux c\u00f4tes. Je n&rsquo;ai toujours pas vu de m\u00e9decin mais je pense que j&rsquo;ai eu une c\u00f4te f\u00eal\u00e9e sur le choc car cela fait deux semaines et j&rsquo;ai toujours une douleur abdominale.<\/div>\n<div dir=\"ltr\"><\/div>\n<div dir=\"ltr\">Tony<\/div>\n<div dir=\"ltr\"><\/div>\n<div dir=\"ltr\"><a href=\"http:\/\/fontenillesvtt.fr\/wp\/wp-content\/uploads\/2015\/07\/Campagne-sur-Arize-2015.gpx\">Campagne-sur-Arize-2015<\/a> <a href=\"https:\/\/i0.wp.com\/fontenillesvtt.fr\/wp\/wp-content\/uploads\/2015\/07\/IMG_0324.jpg\"><img data-recalc-dims=\"1\" loading=\"lazy\" decoding=\"async\" data-attachment-id=\"2267\" data-permalink=\"https:\/\/fontenilles-vtt.fr\/wp\/?attachment_id=2267\" data-orig-file=\"https:\/\/i0.wp.com\/fontenilles-vtt.fr\/wp\/wp-content\/uploads\/2015\/07\/IMG_0324.jpg?fit=1324%2C883&amp;ssl=1\" data-orig-size=\"1324,883\" data-comments-opened=\"1\" data-image-meta=\"{&quot;aperture&quot;:&quot;0&quot;,&quot;credit&quot;:&quot;Picasa&quot;,&quot;camera&quot;:&quot;&quot;,&quot;caption&quot;:&quot;&quot;,&quot;created_timestamp&quot;:&quot;0&quot;,&quot;copyright&quot;:&quot;&quot;,&quot;focal_length&quot;:&quot;0&quot;,&quot;iso&quot;:&quot;0&quot;,&quot;shutter_speed&quot;:&quot;0&quot;,&quot;title&quot;:&quot;&quot;,&quot;orientation&quot;:&quot;0&quot;}\" data-image-title=\"IMG_0324\" data-image-description=\"\" data-image-caption=\"\" data-medium-file=\"https:\/\/i0.wp.com\/fontenilles-vtt.fr\/wp\/wp-content\/uploads\/2015\/07\/IMG_0324.jpg?fit=300%2C200&amp;ssl=1\" data-large-file=\"https:\/\/i0.wp.com\/fontenilles-vtt.fr\/wp\/wp-content\/uploads\/2015\/07\/IMG_0324.jpg?fit=590%2C394&amp;ssl=1\" class=\"aligncenter size-medium wp-image-2267\" src=\"https:\/\/i0.wp.com\/fontenillesvtt.fr\/wp\/wp-content\/uploads\/2015\/07\/IMG_0324-300x200.jpg?resize=300%2C200\" alt=\"IMG_0324\" width=\"300\" height=\"200\" srcset=\"https:\/\/i0.wp.com\/fontenilles-vtt.fr\/wp\/wp-content\/uploads\/2015\/07\/IMG_0324.jpg?resize=300%2C200&amp;ssl=1 300w, https:\/\/i0.wp.com\/fontenilles-vtt.fr\/wp\/wp-content\/uploads\/2015\/07\/IMG_0324.jpg?resize=1024%2C683&amp;ssl=1 1024w, https:\/\/i0.wp.com\/fontenilles-vtt.fr\/wp\/wp-content\/uploads\/2015\/07\/IMG_0324.jpg?w=1324&amp;ssl=1 1324w, https:\/\/i0.wp.com\/fontenilles-vtt.fr\/wp\/wp-content\/uploads\/2015\/07\/IMG_0324.jpg?w=1180&amp;ssl=1 1180w\" sizes=\"(max-width: 300px) 100vw, 300px\" \/><\/a> <a href=\"https:\/\/i0.wp.com\/fontenillesvtt.fr\/wp\/wp-content\/uploads\/2015\/07\/IMG_0362.jpg\"><img data-recalc-dims=\"1\" loading=\"lazy\" decoding=\"async\" data-attachment-id=\"2268\" data-permalink=\"https:\/\/fontenilles-vtt.fr\/wp\/?attachment_id=2268\" data-orig-file=\"https:\/\/i0.wp.com\/fontenilles-vtt.fr\/wp\/wp-content\/uploads\/2015\/07\/IMG_0362.jpg?fit=1324%2C883&amp;ssl=1\" data-orig-size=\"1324,883\" data-comments-opened=\"1\" data-image-meta=\"{&quot;aperture&quot;:&quot;0&quot;,&quot;credit&quot;:&quot;Picasa&quot;,&quot;camera&quot;:&quot;&quot;,&quot;caption&quot;:&quot;&quot;,&quot;created_timestamp&quot;:&quot;0&quot;,&quot;copyright&quot;:&quot;&quot;,&quot;focal_length&quot;:&quot;0&quot;,&quot;iso&quot;:&quot;0&quot;,&quot;shutter_speed&quot;:&quot;0&quot;,&quot;title&quot;:&quot;&quot;,&quot;orientation&quot;:&quot;0&quot;}\" data-image-title=\"IMG_0362\" data-image-description=\"\" data-image-caption=\"\" data-medium-file=\"https:\/\/i0.wp.com\/fontenilles-vtt.fr\/wp\/wp-content\/uploads\/2015\/07\/IMG_0362.jpg?fit=300%2C200&amp;ssl=1\" data-large-file=\"https:\/\/i0.wp.com\/fontenilles-vtt.fr\/wp\/wp-content\/uploads\/2015\/07\/IMG_0362.jpg?fit=590%2C394&amp;ssl=1\" class=\"aligncenter size-medium wp-image-2268\" src=\"https:\/\/i0.wp.com\/fontenillesvtt.fr\/wp\/wp-content\/uploads\/2015\/07\/IMG_0362-300x200.jpg?resize=300%2C200\" alt=\"IMG_0362\" width=\"300\" height=\"200\" srcset=\"https:\/\/i0.wp.com\/fontenilles-vtt.fr\/wp\/wp-content\/uploads\/2015\/07\/IMG_0362.jpg?resize=300%2C200&amp;ssl=1 300w, https:\/\/i0.wp.com\/fontenilles-vtt.fr\/wp\/wp-content\/uploads\/2015\/07\/IMG_0362.jpg?resize=1024%2C683&amp;ssl=1 1024w, https:\/\/i0.wp.com\/fontenilles-vtt.fr\/wp\/wp-content\/uploads\/2015\/07\/IMG_0362.jpg?w=1324&amp;ssl=1 1324w, https:\/\/i0.wp.com\/fontenilles-vtt.fr\/wp\/wp-content\/uploads\/2015\/07\/IMG_0362.jpg?w=1180&amp;ssl=1 1180w\" sizes=\"(max-width: 300px) 100vw, 300px\" \/><\/a> <a href=\"https:\/\/i0.wp.com\/fontenillesvtt.fr\/wp\/wp-content\/uploads\/2015\/07\/IMG_0365.jpg\"><img data-recalc-dims=\"1\" loading=\"lazy\" decoding=\"async\" data-attachment-id=\"2269\" data-permalink=\"https:\/\/fontenilles-vtt.fr\/wp\/?attachment_id=2269\" data-orig-file=\"https:\/\/i0.wp.com\/fontenilles-vtt.fr\/wp\/wp-content\/uploads\/2015\/07\/IMG_0365.jpg?fit=334%2C222&amp;ssl=1\" data-orig-size=\"334,222\" data-comments-opened=\"1\" data-image-meta=\"{&quot;aperture&quot;:&quot;0&quot;,&quot;credit&quot;:&quot;Picasa&quot;,&quot;camera&quot;:&quot;&quot;,&quot;caption&quot;:&quot;&quot;,&quot;created_timestamp&quot;:&quot;0&quot;,&quot;copyright&quot;:&quot;&quot;,&quot;focal_length&quot;:&quot;0&quot;,&quot;iso&quot;:&quot;0&quot;,&quot;shutter_speed&quot;:&quot;0&quot;,&quot;title&quot;:&quot;&quot;,&quot;orientation&quot;:&quot;0&quot;}\" data-image-title=\"IMG_0365\" data-image-description=\"\" data-image-caption=\"\" data-medium-file=\"https:\/\/i0.wp.com\/fontenilles-vtt.fr\/wp\/wp-content\/uploads\/2015\/07\/IMG_0365.jpg?fit=300%2C199&amp;ssl=1\" data-large-file=\"https:\/\/i0.wp.com\/fontenilles-vtt.fr\/wp\/wp-content\/uploads\/2015\/07\/IMG_0365.jpg?fit=334%2C222&amp;ssl=1\" class=\"aligncenter size-medium wp-image-2269\" src=\"https:\/\/i0.wp.com\/fontenillesvtt.fr\/wp\/wp-content\/uploads\/2015\/07\/IMG_0365-300x199.jpg?resize=300%2C199\" alt=\"IMG_0365\" width=\"300\" height=\"199\" srcset=\"https:\/\/i0.wp.com\/fontenilles-vtt.fr\/wp\/wp-content\/uploads\/2015\/07\/IMG_0365.jpg?resize=300%2C199&amp;ssl=1 300w, https:\/\/i0.wp.com\/fontenilles-vtt.fr\/wp\/wp-content\/uploads\/2015\/07\/IMG_0365.jpg?w=334&amp;ssl=1 334w\" sizes=\"(max-width: 300px) 100vw, 300px\" \/><\/a> <a href=\"https:\/\/i0.wp.com\/fontenillesvtt.fr\/wp\/wp-content\/uploads\/2015\/07\/IMG_0438.jpg\"><img data-recalc-dims=\"1\" loading=\"lazy\" decoding=\"async\" data-attachment-id=\"2270\" data-permalink=\"https:\/\/fontenilles-vtt.fr\/wp\/?attachment_id=2270\" data-orig-file=\"https:\/\/i0.wp.com\/fontenilles-vtt.fr\/wp\/wp-content\/uploads\/2015\/07\/IMG_0438.jpg?fit=1324%2C883&amp;ssl=1\" data-orig-size=\"1324,883\" data-comments-opened=\"1\" data-image-meta=\"{&quot;aperture&quot;:&quot;0&quot;,&quot;credit&quot;:&quot;Picasa&quot;,&quot;camera&quot;:&quot;&quot;,&quot;caption&quot;:&quot;&quot;,&quot;created_timestamp&quot;:&quot;0&quot;,&quot;copyright&quot;:&quot;&quot;,&quot;focal_length&quot;:&quot;0&quot;,&quot;iso&quot;:&quot;0&quot;,&quot;shutter_speed&quot;:&quot;0&quot;,&quot;title&quot;:&quot;&quot;,&quot;orientation&quot;:&quot;0&quot;}\" data-image-title=\"IMG_0438\" data-image-description=\"\" data-image-caption=\"\" data-medium-file=\"https:\/\/i0.wp.com\/fontenilles-vtt.fr\/wp\/wp-content\/uploads\/2015\/07\/IMG_0438.jpg?fit=300%2C200&amp;ssl=1\" data-large-file=\"https:\/\/i0.wp.com\/fontenilles-vtt.fr\/wp\/wp-content\/uploads\/2015\/07\/IMG_0438.jpg?fit=590%2C394&amp;ssl=1\" class=\"aligncenter size-medium wp-image-2270\" src=\"https:\/\/i0.wp.com\/fontenillesvtt.fr\/wp\/wp-content\/uploads\/2015\/07\/IMG_0438-300x200.jpg?resize=300%2C200\" alt=\"IMG_0438\" width=\"300\" height=\"200\" srcset=\"https:\/\/i0.wp.com\/fontenilles-vtt.fr\/wp\/wp-content\/uploads\/2015\/07\/IMG_0438.jpg?resize=300%2C200&amp;ssl=1 300w, https:\/\/i0.wp.com\/fontenilles-vtt.fr\/wp\/wp-content\/uploads\/2015\/07\/IMG_0438.jpg?resize=1024%2C683&amp;ssl=1 1024w, https:\/\/i0.wp.com\/fontenilles-vtt.fr\/wp\/wp-content\/uploads\/2015\/07\/IMG_0438.jpg?w=1324&amp;ssl=1 1324w, https:\/\/i0.wp.com\/fontenilles-vtt.fr\/wp\/wp-content\/uploads\/2015\/07\/IMG_0438.jpg?w=1180&amp;ssl=1 1180w\" sizes=\"(max-width: 300px) 100vw, 300px\" \/><\/a><\/div>\n","protected":false},"excerpt":{"rendered":"<p>Dimanche 12 Juillet, c&rsquo;est le d\u00e9but des vacances donc\u00a0je pars seul dans l&rsquo;Ari\u00e8ge faire cette randonn\u00e9e pas loin du Mas d&rsquo;Azil. J&rsquo;oublie ma feuille de route et je n&rsquo;ai pas&#8230; <\/p>\n<div class=\"read-more\"><a href=\"https:\/\/fontenilles-vtt.fr\/wp\/?p=2265\">Lire la suite<\/a><\/div>\n","protected":false},"author":1,"featured_media":0,"comment_status":"open","ping_status":"closed","sticky":false,"template":"","format":"standard","meta":{"om_disable_all_campaigns":false,"_monsterinsights_skip_tracking":false,"_monsterinsights_sitenote_active":false,"_monsterinsights_sitenote_note":"","_monsterinsights_sitenote_category":0,"ngg_post_thumbnail":0,"jetpack_post_was_ever_published":false,"_jetpack_newsletter_access":"","_jetpack_dont_email_post_to_subs":false,"_jetpack_newsletter_tier_id":0,"_jetpack_memberships_contains_paywalled_content":false,"_jetpack_memberships_contains_paid_content":false,"footnotes":"","jetpack_publicize_message":"","jetpack_publicize_feature_enabled":true,"jetpack_social_post_already_shared":false,"jetpack_social_options":{"image_generator_settings":{"template":"highway","enabled":false},"version":2}},"categories":[4],"tags":[],"jetpack_publicize_connections":[],"aioseo_notices":[],"jetpack_featured_media_url":"","jetpack_sharing_enabled":true,"jetpack_shortlink":"https:\/\/wp.me\/p9SYmx-Ax","jetpack-related-posts":[],"post_mailing_queue_ids":[],"_links":{"self":[{"href":"https:\/\/fontenilles-vtt.fr\/wp\/index.php?rest_route=\/wp\/v2\/posts\/2265"}],"collection":[{"href":"https:\/\/fontenilles-vtt.fr\/wp\/index.php?rest_route=\/wp\/v2\/posts"}],"about":[{"href":"https:\/\/fontenilles-vtt.fr\/wp\/index.php?rest_route=\/wp\/v2\/types\/post"}],"author":[{"embeddable":true,"href":"https:\/\/fontenilles-vtt.fr\/wp\/index.php?rest_route=\/wp\/v2\/users\/1"}],"replies":[{"embeddable":true,"href":"https:\/\/fontenilles-vtt.fr\/wp\/index.php?rest_route=%2Fwp%2Fv2%2Fcomments&post=2265"}],"version-history":[{"count":1,"href":"https:\/\/fontenilles-vtt.fr\/wp\/index.php?rest_route=\/wp\/v2\/posts\/2265\/revisions"}],"predecessor-version":[{"id":2271,"href":"https:\/\/fontenilles-vtt.fr\/wp\/index.php?rest_route=\/wp\/v2\/posts\/2265\/revisions\/2271"}],"wp:attachment":[{"href":"https:\/\/fontenilles-vtt.fr\/wp\/index.php?rest_route=%2Fwp%2Fv2%2Fmedia&parent=2265"}],"wp:term":[{"taxonomy":"category","embeddable":true,"href":"https:\/\/fontenilles-vtt.fr\/wp\/index.php?rest_route=%2Fwp%2Fv2%2Fcategories&post=2265"},{"taxonomy":"post_tag","embeddable":true,"href":"https:\/\/fontenilles-vtt.fr\/wp\/index.php?rest_route=%2Fwp%2Fv2%2Ftags&post=2265"}],"curies":[{"name":"wp","href":"https:\/\/api.w.org\/{rel}","templated":true}]}}