{"id":2289,"date":"2015-08-25T09:43:54","date_gmt":"2015-08-25T07:43:54","guid":{"rendered":"http:\/\/fontenillesvtt.fr\/wp\/?p=2289"},"modified":"2015-08-25T09:43:54","modified_gmt":"2015-08-25T07:43:54","slug":"steph-dans-le-finistere","status":"publish","type":"post","link":"https:\/\/fontenilles-vtt.fr\/wp\/?p=2289","title":{"rendered":"Steph dans le Finist\u00e8re"},"content":{"rendered":"<p>Cette ann\u00e9e, le temps libre et la m\u00e9t\u00e9o ont \u00e9t\u00e9 propices pour randonner<br \/>\nconvenablement pendant mes vacances en Bretagne.<br \/>\nJ&rsquo;ai pu effectuer pas moins de 5 randonn\u00e9es, de 42 \u00e0 84 km, \u00e0 travers les<br \/>\npetits chemins, les sentiers c\u00f4tiers ou encore les cr\u00eates des monts d&rsquo;Arr\u00eat.<br \/>\nVoici donc une petite synth\u00e8se de mon p\u00e9riple de cet \u00e9t\u00e9 en Finist\u00e8re.<\/p>\n<p>J&rsquo;ai ainsi commenc\u00e9 mon aventure sur la presqu&rsquo;ile de Crozon.<br \/>\nLa 1\u00e8re rando est orient\u00e9e sur le Cap de la Ch\u00e8vre, petite branche de la<br \/>\npresqu&rsquo;ile.<br \/>\nLe circuit est un mix entre du sentier c\u00f4tier, et du sentier de bordure.<br \/>\nJ&rsquo;entends par l\u00e0, du sentier de terre et de cailloux, mais pas directement<br \/>\nen vue de la mer.<br \/>\nLe d\u00e9nivel\u00e9 est assez faible. Les mont\u00e9es ne durent pas longtemps, mais les<br \/>\nsuccessions de \u00ab\u00a0coups de cul \u00a0\u00bb cassent les jambes.<br \/>\nLe terrain est bien humide car la pluie est g\u00e9n\u00e9reusement tomb\u00e9e la veille.<br \/>\nUn circuit bien sympa de 52 km.<\/p>\n<p>La 2nde et 3\u00e8me rando sont assez similaire et effectu\u00e9es sur du terrain<br \/>\nassez plat. Un bon m\u00e9lange de terre et de bitume aval\u00e9 \u00e0 une moyenne de 18 \u00e0<br \/>\n19 km\/h.<br \/>\nDu circuit roulant pour travailler l&rsquo;endurance (82 et 43 km).<\/p>\n<p>La 4\u00e8me rando vaut le d\u00e9tour car elle reprend une trace mythique en<br \/>\nBretagne: le Roc&rsquo;h des Monts d&rsquo;Arr\u00eat.<br \/>\nCette rando est malheureusement organis\u00e9 en septembre et n&rsquo;est pas<br \/>\nenvisageable depuis Toulouse (850 km de distance).<br \/>\nMais si vous pouvez \u00eates dans le coin, je vous conseille vivement de la<br \/>\nfaire.<br \/>\nPour info, ce site accueille la 1\u00e8re centrale nucl\u00e9aire de la France, qui a<br \/>\n\u00e9t\u00e9 retir\u00e9 du service dans les ann\u00e9es 80. Elle est actuellement en cours de<br \/>\nd\u00e9mentellement.<br \/>\nCette rando fait le tour du lac de Brennilis, situ\u00e9 au pied des Monts<br \/>\nd&rsquo;Arr\u00eat, et passant par la ville d&rsquo;Huelgoat, qui organise d&rsquo;ailleurs cette<br \/>\nrando le jour J.<br \/>\nLe cadre est magnifique ; une alternance de singles sur la cr\u00eate et de<br \/>\nchemins plus ou moins bois\u00e9s.<br \/>\nJe traverse ainsi de grands espaces recouvert de lande et de bruy\u00e8re, sur<br \/>\ndes singles si \u00e9troits que le p\u00e9dalage en est compliqu\u00e9 pour ne pas faire<br \/>\ntoucher les p\u00e9dales.<br \/>\nCet ensuite une descente sur Huelgoat \u00e0 travers des chemins plus large,<br \/>\ntraversant de multiples bois de r\u00e9sineux, et de zones humides.<br \/>\nLa liaison qui me permet de revenir sur la cr\u00eate est longue et interminable<br \/>\n; du terrain altern\u00e9 de plat et de petit d\u00e9nivel\u00e9 mais caillouteux. Le<br \/>\nrythme est soutenu, et je commence \u00e0 fatiguer. J&rsquo;arrive enfin au pied du<br \/>\npic, ou comme on dit dans notre pays, du coteau d&rsquo;o\u00f9 l&rsquo;on distingue cette<br \/>\njolie chapelle.<br \/>\nLe final s&rsquo;effectue sur la cr\u00eate, avec une alternance de mont\u00e9e descente. Un<br \/>\npetit tour au pied de la chapelle St Michel de Brasparts, et je continue sur<br \/>\nle M\u00e9nez Kador culminant \u00e0 ~370 m.<br \/>\nJe redescends ensuite sur Commana d&rsquo;o\u00f9 je suis parti.<br \/>\nAu final 66 km et 1400 m de D+. Le temps \u00e9tait super et j&rsquo;en ai pris plein<br \/>\nles yeux.<\/p>\n<p>La 5\u00e8me et derni\u00e8re rando a \u00e9t\u00e9 tous aussi superbe mais sur autre registre,<br \/>\npuisque j&rsquo;ai remont\u00e9 la rade de Brest par le sentier c\u00f4tier.<br \/>\n15 km de sentier et 38 km de liaison pour une sortie alternant les chemins<br \/>\nde terre noire Breton, et du sentier cassant.<br \/>\nLe portage est indispensable sur ces sentiers qui sont g\u00e9n\u00e9ralement r\u00e9serv\u00e9s<br \/>\naux rando p\u00e9destres, mais le spectacle et la vue permanente sur le goulet de<br \/>\nBrest sont trop beaux.<\/p>\n<p><a href=\"http:\/\/www.lesroch.org\/pg\/index.php\" target=\"_blank\" rel=\"noreferrer\">http:\/\/www.lesroch.org\/pg\/<wbr \/>index.php<\/a><\/p>\n<p><a href=\"http:\/\/www.lesroch.org\/pg\/page.php?id=monts_arree\" target=\"_blank\" rel=\"noreferrer\">http:\/\/www.lesroch.org\/pg\/<wbr \/>page.php?id=monts_arree<\/a><\/p>\n","protected":false},"excerpt":{"rendered":"<p>Cette ann\u00e9e, le temps libre et la m\u00e9t\u00e9o ont \u00e9t\u00e9 propices pour randonner convenablement pendant mes vacances en Bretagne. J&rsquo;ai pu effectuer pas moins de 5 randonn\u00e9es, de 42 \u00e0&#8230; <\/p>\n<div class=\"read-more\"><a href=\"https:\/\/fontenilles-vtt.fr\/wp\/?p=2289\">Lire la suite<\/a><\/div>\n","protected":false},"author":1,"featured_media":0,"comment_status":"open","ping_status":"closed","sticky":false,"template":"","format":"standard","meta":{"om_disable_all_campaigns":false,"_monsterinsights_skip_tracking":false,"_monsterinsights_sitenote_active":false,"_monsterinsights_sitenote_note":"","_monsterinsights_sitenote_category":0,"ngg_post_thumbnail":0,"jetpack_post_was_ever_published":false,"_jetpack_newsletter_access":"","_jetpack_dont_email_post_to_subs":false,"_jetpack_newsletter_tier_id":0,"_jetpack_memberships_contains_paywalled_content":false,"_jetpack_memberships_contains_paid_content":false,"footnotes":"","jetpack_publicize_message":"","jetpack_publicize_feature_enabled":true,"jetpack_social_post_already_shared":false,"jetpack_social_options":{"image_generator_settings":{"template":"highway","enabled":false},"version":2}},"categories":[4],"tags":[],"jetpack_publicize_connections":[],"aioseo_notices":[],"jetpack_featured_media_url":"","jetpack_sharing_enabled":true,"jetpack_shortlink":"https:\/\/wp.me\/p9SYmx-AV","jetpack-related-posts":[],"post_mailing_queue_ids":[],"_links":{"self":[{"href":"https:\/\/fontenilles-vtt.fr\/wp\/index.php?rest_route=\/wp\/v2\/posts\/2289"}],"collection":[{"href":"https:\/\/fontenilles-vtt.fr\/wp\/index.php?rest_route=\/wp\/v2\/posts"}],"about":[{"href":"https:\/\/fontenilles-vtt.fr\/wp\/index.php?rest_route=\/wp\/v2\/types\/post"}],"author":[{"embeddable":true,"href":"https:\/\/fontenilles-vtt.fr\/wp\/index.php?rest_route=\/wp\/v2\/users\/1"}],"replies":[{"embeddable":true,"href":"https:\/\/fontenilles-vtt.fr\/wp\/index.php?rest_route=%2Fwp%2Fv2%2Fcomments&post=2289"}],"version-history":[{"count":1,"href":"https:\/\/fontenilles-vtt.fr\/wp\/index.php?rest_route=\/wp\/v2\/posts\/2289\/revisions"}],"predecessor-version":[{"id":2290,"href":"https:\/\/fontenilles-vtt.fr\/wp\/index.php?rest_route=\/wp\/v2\/posts\/2289\/revisions\/2290"}],"wp:attachment":[{"href":"https:\/\/fontenilles-vtt.fr\/wp\/index.php?rest_route=%2Fwp%2Fv2%2Fmedia&parent=2289"}],"wp:term":[{"taxonomy":"category","embeddable":true,"href":"https:\/\/fontenilles-vtt.fr\/wp\/index.php?rest_route=%2Fwp%2Fv2%2Fcategories&post=2289"},{"taxonomy":"post_tag","embeddable":true,"href":"https:\/\/fontenilles-vtt.fr\/wp\/index.php?rest_route=%2Fwp%2Fv2%2Ftags&post=2289"}],"curies":[{"name":"wp","href":"https:\/\/api.w.org\/{rel}","templated":true}]}}