{"id":2291,"date":"2015-09-01T13:48:08","date_gmt":"2015-09-01T11:48:08","guid":{"rendered":"http:\/\/fontenillesvtt.fr\/wp\/?p=2291"},"modified":"2015-09-03T15:39:03","modified_gmt":"2015-09-03T13:39:03","slug":"2-boucles-au-mas-dazil","status":"publish","type":"post","link":"https:\/\/fontenilles-vtt.fr\/wp\/?p=2291","title":{"rendered":"2 boucles au Mas d&rsquo;Azil"},"content":{"rendered":"<p>Dimanche dernier, Florent a entrain\u00e9 Steph et Yoyo vers l&rsquo;Ari\u00e8ge pour une balade autour du Mas d&rsquo;Azil.<\/p>\n<p><a href=\"https:\/\/i0.wp.com\/fontenillesvtt.fr\/wp\/wp-content\/uploads\/2015\/09\/IMG_1362.jpg\"><img data-recalc-dims=\"1\" loading=\"lazy\" decoding=\"async\" data-attachment-id=\"2299\" data-permalink=\"https:\/\/fontenilles-vtt.fr\/wp\/?attachment_id=2299\" data-orig-file=\"https:\/\/i0.wp.com\/fontenilles-vtt.fr\/wp\/wp-content\/uploads\/2015\/09\/IMG_1362.jpg?fit=2448%2C3264&amp;ssl=1\" data-orig-size=\"2448,3264\" data-comments-opened=\"1\" data-image-meta=\"{&quot;aperture&quot;:&quot;2.4&quot;,&quot;credit&quot;:&quot;&quot;,&quot;camera&quot;:&quot;iPhone 5c&quot;,&quot;caption&quot;:&quot;&quot;,&quot;created_timestamp&quot;:&quot;1440932717&quot;,&quot;copyright&quot;:&quot;&quot;,&quot;focal_length&quot;:&quot;4.12&quot;,&quot;iso&quot;:&quot;50&quot;,&quot;shutter_speed&quot;:&quot;0.0015873015873016&quot;,&quot;title&quot;:&quot;&quot;,&quot;orientation&quot;:&quot;1&quot;}\" data-image-title=\"IMG_1362\" data-image-description=\"\" data-image-caption=\"\" data-medium-file=\"https:\/\/i0.wp.com\/fontenilles-vtt.fr\/wp\/wp-content\/uploads\/2015\/09\/IMG_1362.jpg?fit=180%2C240&amp;ssl=1\" data-large-file=\"https:\/\/i0.wp.com\/fontenilles-vtt.fr\/wp\/wp-content\/uploads\/2015\/09\/IMG_1362.jpg?fit=576%2C768&amp;ssl=1\" class=\"aligncenter size-medium wp-image-2299\" src=\"https:\/\/i0.wp.com\/fontenillesvtt.fr\/wp\/wp-content\/uploads\/2015\/09\/IMG_1362-180x240.jpg?resize=180%2C240\" alt=\"IMG_1362\" width=\"180\" height=\"240\" srcset=\"https:\/\/i0.wp.com\/fontenilles-vtt.fr\/wp\/wp-content\/uploads\/2015\/09\/IMG_1362.jpg?resize=180%2C240&amp;ssl=1 180w, https:\/\/i0.wp.com\/fontenilles-vtt.fr\/wp\/wp-content\/uploads\/2015\/09\/IMG_1362.jpg?resize=576%2C768&amp;ssl=1 576w, https:\/\/i0.wp.com\/fontenilles-vtt.fr\/wp\/wp-content\/uploads\/2015\/09\/IMG_1362.jpg?w=1180&amp;ssl=1 1180w, https:\/\/i0.wp.com\/fontenilles-vtt.fr\/wp\/wp-content\/uploads\/2015\/09\/IMG_1362.jpg?w=1770&amp;ssl=1 1770w\" sizes=\"(max-width: 180px) 100vw, 180px\" \/><\/a><\/p>\n<p>D\u00e9part vers 9h30-10h du parking central, pour monter direct c\u00f4t\u00e9 ouest. Pas d&rsquo;\u00e9chauffement, \u00e7a tape direct dans le dur, fort pourcentage, fort d\u00e9nivel\u00e9, parfait pour que Florent d\u00e9couvre les capacit\u00e9s de sa nouvelle monture, copie presque conforme de celle de Candelolo.<\/p>\n<p><a href=\"https:\/\/i0.wp.com\/fontenillesvtt.fr\/wp\/wp-content\/uploads\/2015\/09\/IMG_1356.jpg\"><img data-recalc-dims=\"1\" loading=\"lazy\" decoding=\"async\" data-attachment-id=\"2294\" data-permalink=\"https:\/\/fontenilles-vtt.fr\/wp\/?attachment_id=2294\" data-orig-file=\"https:\/\/i0.wp.com\/fontenilles-vtt.fr\/wp\/wp-content\/uploads\/2015\/09\/IMG_1356.jpg?fit=3264%2C2448&amp;ssl=1\" data-orig-size=\"3264,2448\" data-comments-opened=\"1\" data-image-meta=\"{&quot;aperture&quot;:&quot;2.4&quot;,&quot;credit&quot;:&quot;&quot;,&quot;camera&quot;:&quot;iPhone 5c&quot;,&quot;caption&quot;:&quot;&quot;,&quot;created_timestamp&quot;:&quot;1440932637&quot;,&quot;copyright&quot;:&quot;&quot;,&quot;focal_length&quot;:&quot;4.12&quot;,&quot;iso&quot;:&quot;64&quot;,&quot;shutter_speed&quot;:&quot;0.016666666666667&quot;,&quot;title&quot;:&quot;&quot;,&quot;orientation&quot;:&quot;1&quot;}\" data-image-title=\"IMG_1356\" data-image-description=\"\" data-image-caption=\"\" data-medium-file=\"https:\/\/i0.wp.com\/fontenilles-vtt.fr\/wp\/wp-content\/uploads\/2015\/09\/IMG_1356.jpg?fit=300%2C225&amp;ssl=1\" data-large-file=\"https:\/\/i0.wp.com\/fontenilles-vtt.fr\/wp\/wp-content\/uploads\/2015\/09\/IMG_1356.jpg?fit=590%2C443&amp;ssl=1\" class=\"aligncenter size-medium wp-image-2294\" src=\"https:\/\/i0.wp.com\/fontenillesvtt.fr\/wp\/wp-content\/uploads\/2015\/09\/IMG_1356-300x225.jpg?resize=300%2C225\" alt=\"IMG_1356\" width=\"300\" height=\"225\" srcset=\"https:\/\/i0.wp.com\/fontenilles-vtt.fr\/wp\/wp-content\/uploads\/2015\/09\/IMG_1356.jpg?resize=300%2C225&amp;ssl=1 300w, https:\/\/i0.wp.com\/fontenilles-vtt.fr\/wp\/wp-content\/uploads\/2015\/09\/IMG_1356.jpg?resize=1024%2C768&amp;ssl=1 1024w, https:\/\/i0.wp.com\/fontenilles-vtt.fr\/wp\/wp-content\/uploads\/2015\/09\/IMG_1356.jpg?w=1180&amp;ssl=1 1180w, https:\/\/i0.wp.com\/fontenilles-vtt.fr\/wp\/wp-content\/uploads\/2015\/09\/IMG_1356.jpg?w=1770&amp;ssl=1 1770w\" sizes=\"(max-width: 300px) 100vw, 300px\" \/><\/a> Le temps est au beau, chaud, tr\u00e8s chaud, mais le d\u00e9but est ombrag\u00e9. Premier Dolmen. Apr\u00e8s la premi\u00e8re c\u00f4t\u00e9 nous redescendons dans le vallon pour remonter vers Camarade puis enquiller le versant Nord o\u00f9 nous attendent les tr\u00e8s nombreux cailloux qui rendent la cr\u00eate complexe \u00e0 franchir. Steph nous gratifie alors d&rsquo;un joli soleil suite \u00e0 un blocage de roue sur les rochers, puis d&rsquo;un second peu de temps apr\u00e8s, sans gravit\u00e9 heureusement.<\/p>\n<p>Photo traditionnelle au Dolmen de Brillaud, puis de nouveau de la caillasse avant de descendre au village r\u00e9cup\u00e9rer le casse croute.<\/p>\n<p><a href=\"https:\/\/i0.wp.com\/fontenillesvtt.fr\/wp\/wp-content\/uploads\/2015\/09\/IMG_1366.jpg\"><img data-recalc-dims=\"1\" loading=\"lazy\" decoding=\"async\" data-attachment-id=\"2295\" data-permalink=\"https:\/\/fontenilles-vtt.fr\/wp\/?attachment_id=2295\" data-orig-file=\"https:\/\/i0.wp.com\/fontenilles-vtt.fr\/wp\/wp-content\/uploads\/2015\/09\/IMG_1366.jpg?fit=3264%2C2448&amp;ssl=1\" data-orig-size=\"3264,2448\" data-comments-opened=\"1\" data-image-meta=\"{&quot;aperture&quot;:&quot;2.4&quot;,&quot;credit&quot;:&quot;&quot;,&quot;camera&quot;:&quot;iPhone 5c&quot;,&quot;caption&quot;:&quot;&quot;,&quot;created_timestamp&quot;:&quot;1440932790&quot;,&quot;copyright&quot;:&quot;&quot;,&quot;focal_length&quot;:&quot;4.12&quot;,&quot;iso&quot;:&quot;50&quot;,&quot;shutter_speed&quot;:&quot;0.0026737967914439&quot;,&quot;title&quot;:&quot;&quot;,&quot;orientation&quot;:&quot;1&quot;}\" data-image-title=\"IMG_1366\" data-image-description=\"\" data-image-caption=\"\" data-medium-file=\"https:\/\/i0.wp.com\/fontenilles-vtt.fr\/wp\/wp-content\/uploads\/2015\/09\/IMG_1366.jpg?fit=300%2C225&amp;ssl=1\" data-large-file=\"https:\/\/i0.wp.com\/fontenilles-vtt.fr\/wp\/wp-content\/uploads\/2015\/09\/IMG_1366.jpg?fit=590%2C443&amp;ssl=1\" class=\"aligncenter size-medium wp-image-2295\" src=\"https:\/\/i0.wp.com\/fontenillesvtt.fr\/wp\/wp-content\/uploads\/2015\/09\/IMG_1366-300x225.jpg?resize=300%2C225\" alt=\"IMG_1366\" width=\"300\" height=\"225\" srcset=\"https:\/\/i0.wp.com\/fontenilles-vtt.fr\/wp\/wp-content\/uploads\/2015\/09\/IMG_1366.jpg?resize=300%2C225&amp;ssl=1 300w, https:\/\/i0.wp.com\/fontenilles-vtt.fr\/wp\/wp-content\/uploads\/2015\/09\/IMG_1366.jpg?resize=1024%2C768&amp;ssl=1 1024w, https:\/\/i0.wp.com\/fontenilles-vtt.fr\/wp\/wp-content\/uploads\/2015\/09\/IMG_1366.jpg?w=1180&amp;ssl=1 1180w, https:\/\/i0.wp.com\/fontenilles-vtt.fr\/wp\/wp-content\/uploads\/2015\/09\/IMG_1366.jpg?w=1770&amp;ssl=1 1770w\" sizes=\"(max-width: 300px) 100vw, 300px\" \/><\/a> <a href=\"https:\/\/i0.wp.com\/fontenillesvtt.fr\/wp\/wp-content\/uploads\/2015\/09\/IMG_1364.jpg\"><img data-recalc-dims=\"1\" loading=\"lazy\" decoding=\"async\" data-attachment-id=\"2296\" data-permalink=\"https:\/\/fontenilles-vtt.fr\/wp\/?attachment_id=2296\" data-orig-file=\"https:\/\/i0.wp.com\/fontenilles-vtt.fr\/wp\/wp-content\/uploads\/2015\/09\/IMG_1364.jpg?fit=3264%2C2448&amp;ssl=1\" data-orig-size=\"3264,2448\" data-comments-opened=\"1\" data-image-meta=\"{&quot;aperture&quot;:&quot;2.4&quot;,&quot;credit&quot;:&quot;&quot;,&quot;camera&quot;:&quot;iPhone 5c&quot;,&quot;caption&quot;:&quot;&quot;,&quot;created_timestamp&quot;:&quot;1440932759&quot;,&quot;copyright&quot;:&quot;&quot;,&quot;focal_length&quot;:&quot;4.12&quot;,&quot;iso&quot;:&quot;50&quot;,&quot;shutter_speed&quot;:&quot;0.0027472527472527&quot;,&quot;title&quot;:&quot;&quot;,&quot;orientation&quot;:&quot;1&quot;}\" data-image-title=\"IMG_1364\" data-image-description=\"\" data-image-caption=\"\" data-medium-file=\"https:\/\/i0.wp.com\/fontenilles-vtt.fr\/wp\/wp-content\/uploads\/2015\/09\/IMG_1364.jpg?fit=300%2C225&amp;ssl=1\" data-large-file=\"https:\/\/i0.wp.com\/fontenilles-vtt.fr\/wp\/wp-content\/uploads\/2015\/09\/IMG_1364.jpg?fit=590%2C443&amp;ssl=1\" class=\"aligncenter size-medium wp-image-2296\" src=\"https:\/\/i0.wp.com\/fontenillesvtt.fr\/wp\/wp-content\/uploads\/2015\/09\/IMG_1364-300x225.jpg?resize=300%2C225\" alt=\"IMG_1364\" width=\"300\" height=\"225\" srcset=\"https:\/\/i0.wp.com\/fontenilles-vtt.fr\/wp\/wp-content\/uploads\/2015\/09\/IMG_1364.jpg?resize=300%2C225&amp;ssl=1 300w, https:\/\/i0.wp.com\/fontenilles-vtt.fr\/wp\/wp-content\/uploads\/2015\/09\/IMG_1364.jpg?resize=1024%2C768&amp;ssl=1 1024w, https:\/\/i0.wp.com\/fontenilles-vtt.fr\/wp\/wp-content\/uploads\/2015\/09\/IMG_1364.jpg?w=1180&amp;ssl=1 1180w, https:\/\/i0.wp.com\/fontenilles-vtt.fr\/wp\/wp-content\/uploads\/2015\/09\/IMG_1364.jpg?w=1770&amp;ssl=1 1770w\" sizes=\"(max-width: 300px) 100vw, 300px\" \/><\/a><\/p>\n<p>Fin de la premi\u00e8re boucle.<\/p>\n<p>Le d\u00e9part de la seconde, orient\u00e9e Sud Est, est moins raide et par un peu de route, mais apr\u00e8s une l\u00e9g\u00e8re descente, nous entamons la pire mont\u00e9e de la journ\u00e9e. 350m de D+ sur un chemin avec des coups de cul s\u00e9v\u00e8res. Florent s&rsquo;\u00e9chappe, \u00e0 l&rsquo;aise, Lionel suit avec difficult\u00e9, glissant de fatigue pour une petite b\u00e9quille sur les rochers, puis arrive St\u00e9ph, qui commence \u00e0 avoir faim.<\/p>\n<p>C&rsquo;est l&rsquo;heure de casser la croute puis de se recharger en eau. Il fait toujours tr\u00e8s chaud et les autochtones sont tr\u00e8s typ\u00e9s.<\/p>\n<p>Nous traversons alors le village d&rsquo;Alli\u00e8re pour remonter sur la cr\u00eate avant de redescendre vers le vallon par de jolis sentiers forestiers puis le long de la rivi\u00e8re. Florent se prend les pieds dans un grillage qui trainait par l\u00e0 et c&rsquo;est la premi\u00e8re chute du Sp\u00e9, spectaculaire. Une derni\u00e8re boucle histoire de faire venir les crampes dans les jambes de Lionel sur de petites mont\u00e9es simples, et nous descendons visiter la grotte et assister \u00e0 quelques sauts \u00e0 l&rsquo;\u00e9lastique avant de siffler une bi\u00e8re en centre village et rentrer, \u00e9puis\u00e9s mais contents.<\/p>\n<p><a href=\"https:\/\/i0.wp.com\/fontenillesvtt.fr\/wp\/wp-content\/uploads\/2015\/09\/IMG_1369.jpg\"><img data-recalc-dims=\"1\" loading=\"lazy\" decoding=\"async\" data-attachment-id=\"2297\" data-permalink=\"https:\/\/fontenilles-vtt.fr\/wp\/?attachment_id=2297\" data-orig-file=\"https:\/\/i0.wp.com\/fontenilles-vtt.fr\/wp\/wp-content\/uploads\/2015\/09\/IMG_1369.jpg?fit=2448%2C3264&amp;ssl=1\" data-orig-size=\"2448,3264\" data-comments-opened=\"1\" data-image-meta=\"{&quot;aperture&quot;:&quot;2.4&quot;,&quot;credit&quot;:&quot;&quot;,&quot;camera&quot;:&quot;iPhone 5c&quot;,&quot;caption&quot;:&quot;&quot;,&quot;created_timestamp&quot;:&quot;1440945159&quot;,&quot;copyright&quot;:&quot;&quot;,&quot;focal_length&quot;:&quot;4.12&quot;,&quot;iso&quot;:&quot;50&quot;,&quot;shutter_speed&quot;:&quot;0.0024330900243309&quot;,&quot;title&quot;:&quot;&quot;,&quot;orientation&quot;:&quot;1&quot;}\" data-image-title=\"IMG_1369\" data-image-description=\"\" data-image-caption=\"\" data-medium-file=\"https:\/\/i0.wp.com\/fontenilles-vtt.fr\/wp\/wp-content\/uploads\/2015\/09\/IMG_1369.jpg?fit=180%2C240&amp;ssl=1\" data-large-file=\"https:\/\/i0.wp.com\/fontenilles-vtt.fr\/wp\/wp-content\/uploads\/2015\/09\/IMG_1369.jpg?fit=576%2C768&amp;ssl=1\" class=\"aligncenter size-medium wp-image-2297\" src=\"https:\/\/i0.wp.com\/fontenillesvtt.fr\/wp\/wp-content\/uploads\/2015\/09\/IMG_1369-180x240.jpg?resize=180%2C240\" alt=\"IMG_1369\" width=\"180\" height=\"240\" srcset=\"https:\/\/i0.wp.com\/fontenilles-vtt.fr\/wp\/wp-content\/uploads\/2015\/09\/IMG_1369.jpg?resize=180%2C240&amp;ssl=1 180w, https:\/\/i0.wp.com\/fontenilles-vtt.fr\/wp\/wp-content\/uploads\/2015\/09\/IMG_1369.jpg?resize=576%2C768&amp;ssl=1 576w, https:\/\/i0.wp.com\/fontenilles-vtt.fr\/wp\/wp-content\/uploads\/2015\/09\/IMG_1369.jpg?w=1180&amp;ssl=1 1180w, https:\/\/i0.wp.com\/fontenilles-vtt.fr\/wp\/wp-content\/uploads\/2015\/09\/IMG_1369.jpg?w=1770&amp;ssl=1 1770w\" sizes=\"(max-width: 180px) 100vw, 180px\" \/><\/a> <a href=\"https:\/\/i0.wp.com\/fontenillesvtt.fr\/wp\/wp-content\/uploads\/2015\/09\/IMG_1367.jpg\"><img data-recalc-dims=\"1\" loading=\"lazy\" decoding=\"async\" data-attachment-id=\"2298\" data-permalink=\"https:\/\/fontenilles-vtt.fr\/wp\/?attachment_id=2298\" data-orig-file=\"https:\/\/i0.wp.com\/fontenilles-vtt.fr\/wp\/wp-content\/uploads\/2015\/09\/IMG_1367.jpg?fit=2448%2C3264&amp;ssl=1\" data-orig-size=\"2448,3264\" data-comments-opened=\"1\" data-image-meta=\"{&quot;aperture&quot;:&quot;2.4&quot;,&quot;credit&quot;:&quot;&quot;,&quot;camera&quot;:&quot;iPhone 5c&quot;,&quot;caption&quot;:&quot;&quot;,&quot;created_timestamp&quot;:&quot;1440945140&quot;,&quot;copyright&quot;:&quot;&quot;,&quot;focal_length&quot;:&quot;4.12&quot;,&quot;iso&quot;:&quot;50&quot;,&quot;shutter_speed&quot;:&quot;0.0031746031746032&quot;,&quot;title&quot;:&quot;&quot;,&quot;orientation&quot;:&quot;1&quot;}\" data-image-title=\"IMG_1367\" data-image-description=\"\" data-image-caption=\"\" data-medium-file=\"https:\/\/i0.wp.com\/fontenilles-vtt.fr\/wp\/wp-content\/uploads\/2015\/09\/IMG_1367.jpg?fit=180%2C240&amp;ssl=1\" data-large-file=\"https:\/\/i0.wp.com\/fontenilles-vtt.fr\/wp\/wp-content\/uploads\/2015\/09\/IMG_1367.jpg?fit=576%2C768&amp;ssl=1\" class=\"aligncenter size-medium wp-image-2298\" src=\"https:\/\/i0.wp.com\/fontenillesvtt.fr\/wp\/wp-content\/uploads\/2015\/09\/IMG_1367-180x240.jpg?resize=180%2C240\" alt=\"IMG_1367\" width=\"180\" height=\"240\" srcset=\"https:\/\/i0.wp.com\/fontenilles-vtt.fr\/wp\/wp-content\/uploads\/2015\/09\/IMG_1367.jpg?resize=180%2C240&amp;ssl=1 180w, https:\/\/i0.wp.com\/fontenilles-vtt.fr\/wp\/wp-content\/uploads\/2015\/09\/IMG_1367.jpg?resize=576%2C768&amp;ssl=1 576w, https:\/\/i0.wp.com\/fontenilles-vtt.fr\/wp\/wp-content\/uploads\/2015\/09\/IMG_1367.jpg?w=1180&amp;ssl=1 1180w, https:\/\/i0.wp.com\/fontenilles-vtt.fr\/wp\/wp-content\/uploads\/2015\/09\/IMG_1367.jpg?w=1770&amp;ssl=1 1770w\" sizes=\"(max-width: 180px) 100vw, 180px\" \/><\/a><\/p>\n<p>Les GPS ne sont pas d&rsquo;accord sur les chiffres (1550m de D+ pour 45km sur Strava, 1300 et 43 pour Garmin), mais \u00e7a reste une sortie tr\u00e8s belle et physique. En revanche, il faut vraiment qu&rsquo;ils arr\u00eatent de mettre des fils et barri\u00e8res partout, car c&rsquo;est dangereux et ne permet pas de se lacher dans les descentes.<\/p>\n","protected":false},"excerpt":{"rendered":"<p>Dimanche dernier, Florent a entrain\u00e9 Steph et Yoyo vers l&rsquo;Ari\u00e8ge pour une balade autour du Mas d&rsquo;Azil. D\u00e9part vers 9h30-10h du parking central, pour monter direct c\u00f4t\u00e9 ouest. Pas d&rsquo;\u00e9chauffement,&#8230; <\/p>\n<div class=\"read-more\"><a href=\"https:\/\/fontenilles-vtt.fr\/wp\/?p=2291\">Lire la suite<\/a><\/div>\n","protected":false},"author":1,"featured_media":0,"comment_status":"open","ping_status":"closed","sticky":false,"template":"","format":"standard","meta":{"om_disable_all_campaigns":false,"_monsterinsights_skip_tracking":false,"_monsterinsights_sitenote_active":false,"_monsterinsights_sitenote_note":"","_monsterinsights_sitenote_category":0,"ngg_post_thumbnail":0,"jetpack_post_was_ever_published":false,"_jetpack_newsletter_access":"","_jetpack_dont_email_post_to_subs":false,"_jetpack_newsletter_tier_id":0,"_jetpack_memberships_contains_paywalled_content":false,"_jetpack_memberships_contains_paid_content":false,"footnotes":"","jetpack_publicize_message":"","jetpack_publicize_feature_enabled":true,"jetpack_social_post_already_shared":false,"jetpack_social_options":{"image_generator_settings":{"template":"highway","enabled":false},"version":2}},"categories":[4],"tags":[],"jetpack_publicize_connections":[],"aioseo_notices":[],"jetpack_featured_media_url":"","jetpack_sharing_enabled":true,"jetpack_shortlink":"https:\/\/wp.me\/p9SYmx-AX","jetpack-related-posts":[],"post_mailing_queue_ids":[],"_links":{"self":[{"href":"https:\/\/fontenilles-vtt.fr\/wp\/index.php?rest_route=\/wp\/v2\/posts\/2291"}],"collection":[{"href":"https:\/\/fontenilles-vtt.fr\/wp\/index.php?rest_route=\/wp\/v2\/posts"}],"about":[{"href":"https:\/\/fontenilles-vtt.fr\/wp\/index.php?rest_route=\/wp\/v2\/types\/post"}],"author":[{"embeddable":true,"href":"https:\/\/fontenilles-vtt.fr\/wp\/index.php?rest_route=\/wp\/v2\/users\/1"}],"replies":[{"embeddable":true,"href":"https:\/\/fontenilles-vtt.fr\/wp\/index.php?rest_route=%2Fwp%2Fv2%2Fcomments&post=2291"}],"version-history":[{"count":3,"href":"https:\/\/fontenilles-vtt.fr\/wp\/index.php?rest_route=\/wp\/v2\/posts\/2291\/revisions"}],"predecessor-version":[{"id":2300,"href":"https:\/\/fontenilles-vtt.fr\/wp\/index.php?rest_route=\/wp\/v2\/posts\/2291\/revisions\/2300"}],"wp:attachment":[{"href":"https:\/\/fontenilles-vtt.fr\/wp\/index.php?rest_route=%2Fwp%2Fv2%2Fmedia&parent=2291"}],"wp:term":[{"taxonomy":"category","embeddable":true,"href":"https:\/\/fontenilles-vtt.fr\/wp\/index.php?rest_route=%2Fwp%2Fv2%2Fcategories&post=2291"},{"taxonomy":"post_tag","embeddable":true,"href":"https:\/\/fontenilles-vtt.fr\/wp\/index.php?rest_route=%2Fwp%2Fv2%2Ftags&post=2291"}],"curies":[{"name":"wp","href":"https:\/\/api.w.org\/{rel}","templated":true}]}}