{"id":2301,"date":"2015-09-10T10:53:23","date_gmt":"2015-09-10T08:53:23","guid":{"rendered":"http:\/\/fontenillesvtt.fr\/wp\/?p=2301"},"modified":"2015-09-10T10:53:39","modified_gmt":"2015-09-10T08:53:39","slug":"forum-des-associations-2015","status":"publish","type":"post","link":"https:\/\/fontenilles-vtt.fr\/wp\/?p=2301","title":{"rendered":"Forum des associations 2015"},"content":{"rendered":"<div>Ce weekend c&rsquo;\u00e9tait aussi la rentr\u00e9e pour fontenilles VTT.<\/div>\n<div><\/div>\n<div>Samedi le club \u00e9tait pr\u00e9sent lors du\u00a0 forum des associations a Fontenilles.Plusieurs membres du club se sont succ\u00e9d\u00e9s pour \u00e9changer avec des v\u00e9t\u00e9tistes d\u00e9sireux de trouver des compagnons pour les\u00a0motiver \u00e0 pratiquer le VTT plus r\u00e9guli\u00e8rement ainsi que pour d\u00e9couvrir\u00a0les chemins environnants. Ce fut l&rsquo;occasion de nouer des contacts qui devraient se concr\u00e9tiser par de nouvelles adh\u00e9sions. Afin de d\u00e9couvrir le club et son ambiance conviviale nous avons syst\u00e9matiquement propos\u00e9 de venir faire une ou plusieurs sorties d\u00e9couvertes avec nous.<\/div>\n<div>C&rsquo;est ainsi que nous avons eu le plaisir d&rsquo;accueillir de nouvelles t\u00eates pour notre sortie dominicale. Il y avait foule au d\u00e9part du\u00a0stade de rugby .<\/div>\n<div>C&rsquo;\u00e9tait le grand retour des deux Laurent qui revenaient de blessures et\u00a0de DDP qui a pass\u00e9 une ann\u00e9e au Qu\u00e9bec. Nous \u00e9tions presque une quinzaine \u00e0 nous \u00e9lancer vers\u00a0nos coteaux pr\u00e9f\u00e9r\u00e9s pour une sortie d&rsquo;une trentaine de kilom\u00e8tres. Quelques m\u00e8tres apr\u00e8s le d\u00e9part deux autres v\u00e9t\u00e9tistes se\u00a0sont\u00a0joints\u00a0\u00e0 nous afin de profiter de notre connaissance du secteur. Nous avons enchain\u00e9 les traditionnelles parties des c\u00f4tes gasconnes comme le bois des arramous, la mont\u00e9e de Lias, le bois de Goujon, la voie romaine et tous les singles qui les parcourent. Au total 29 kms mais plus de 400 m de d+ qui confirme le m\u00e9rite de nos invit\u00e9s qui sont all\u00e9s jusqu&rsquo;au bout.<\/div>\n<div>Encore une sortie qui a renforc\u00e9 le plaisir de rouler ensemble.<\/div>\n","protected":false},"excerpt":{"rendered":"<p>Ce weekend c&rsquo;\u00e9tait aussi la rentr\u00e9e pour fontenilles VTT. Samedi le club \u00e9tait pr\u00e9sent lors du\u00a0 forum des associations a Fontenilles.Plusieurs membres du club se sont succ\u00e9d\u00e9s pour \u00e9changer avec&#8230; <\/p>\n<div class=\"read-more\"><a href=\"https:\/\/fontenilles-vtt.fr\/wp\/?p=2301\">Lire la suite<\/a><\/div>\n","protected":false},"author":1,"featured_media":0,"comment_status":"open","ping_status":"closed","sticky":false,"template":"","format":"standard","meta":{"om_disable_all_campaigns":false,"_monsterinsights_skip_tracking":false,"_monsterinsights_sitenote_active":false,"_monsterinsights_sitenote_note":"","_monsterinsights_sitenote_category":0,"ngg_post_thumbnail":0,"jetpack_post_was_ever_published":false,"_jetpack_newsletter_access":"","_jetpack_dont_email_post_to_subs":false,"_jetpack_newsletter_tier_id":0,"_jetpack_memberships_contains_paywalled_content":false,"_jetpack_memberships_contains_paid_content":false,"footnotes":"","jetpack_publicize_message":"","jetpack_publicize_feature_enabled":true,"jetpack_social_post_already_shared":false,"jetpack_social_options":{"image_generator_settings":{"template":"highway","enabled":false},"version":2}},"categories":[4],"tags":[],"jetpack_publicize_connections":[],"aioseo_notices":[],"jetpack_featured_media_url":"","jetpack_sharing_enabled":true,"jetpack_shortlink":"https:\/\/wp.me\/p9SYmx-B7","jetpack-related-posts":[],"post_mailing_queue_ids":[],"_links":{"self":[{"href":"https:\/\/fontenilles-vtt.fr\/wp\/index.php?rest_route=\/wp\/v2\/posts\/2301"}],"collection":[{"href":"https:\/\/fontenilles-vtt.fr\/wp\/index.php?rest_route=\/wp\/v2\/posts"}],"about":[{"href":"https:\/\/fontenilles-vtt.fr\/wp\/index.php?rest_route=\/wp\/v2\/types\/post"}],"author":[{"embeddable":true,"href":"https:\/\/fontenilles-vtt.fr\/wp\/index.php?rest_route=\/wp\/v2\/users\/1"}],"replies":[{"embeddable":true,"href":"https:\/\/fontenilles-vtt.fr\/wp\/index.php?rest_route=%2Fwp%2Fv2%2Fcomments&post=2301"}],"version-history":[{"count":1,"href":"https:\/\/fontenilles-vtt.fr\/wp\/index.php?rest_route=\/wp\/v2\/posts\/2301\/revisions"}],"predecessor-version":[{"id":2302,"href":"https:\/\/fontenilles-vtt.fr\/wp\/index.php?rest_route=\/wp\/v2\/posts\/2301\/revisions\/2302"}],"wp:attachment":[{"href":"https:\/\/fontenilles-vtt.fr\/wp\/index.php?rest_route=%2Fwp%2Fv2%2Fmedia&parent=2301"}],"wp:term":[{"taxonomy":"category","embeddable":true,"href":"https:\/\/fontenilles-vtt.fr\/wp\/index.php?rest_route=%2Fwp%2Fv2%2Fcategories&post=2301"},{"taxonomy":"post_tag","embeddable":true,"href":"https:\/\/fontenilles-vtt.fr\/wp\/index.php?rest_route=%2Fwp%2Fv2%2Ftags&post=2301"}],"curies":[{"name":"wp","href":"https:\/\/api.w.org\/{rel}","templated":true}]}}