{"id":2313,"date":"2015-09-14T10:59:15","date_gmt":"2015-09-14T08:59:15","guid":{"rendered":"http:\/\/fontenillesvtt.fr\/wp\/?p=2313"},"modified":"2015-09-14T10:59:15","modified_gmt":"2015-09-14T08:59:15","slug":"mezenssolite-en-decalee","status":"publish","type":"post","link":"https:\/\/fontenilles-vtt.fr\/wp\/?p=2313","title":{"rendered":"Mezens&rsquo;solite  en d\u00e9cal\u00e9e"},"content":{"rendered":"<p>C&rsquo;est donc \u00e0 deux avec St\u00e9phane que nous sommes partis \u00e0 Mezens avec comme objectif de refaire la rando de Mezens 2015 dont je gardais un tr\u00e8s bon souvenir surtout pour les 30 premiers km de single (sur 43). Nous nous garons sur la place face \u00e0 l&rsquo;\u00e9cole et nous d\u00e9marrons la rando vers 8h45. Le d\u00e9part se fait sur un sentier tranquille le long d&rsquo;un champs mais tr\u00e8s vite les choses s\u00e9rieuses commencent, il faut monter dans la for\u00eat avant de commencer les montagnes russes. Lors du 5ieme km nous rejoignons 2 vttistes, et je reconnais imm\u00e9diatement un gentil organisateur de la rando de juillet. En effet, il s&rsquo;agit de Nico et Denis, 2 sympathiques D\u00e9jant\u00e9s de Mezens qui nous proposent spontan\u00e9ment de rouler avec eux. Sans trop h\u00e9siter, nous d\u00e9cidons de les suivre avec la garantie de faire faire les meilleurs singles et en bonus, plus de GPS \u00e0 suivre car dans ce labyrinthe, ce n&rsquo;est franchement pas \u00e9vident.<br \/>\nDifficile de raconter tous les singles que nous avons fait, en tout cas qqes uns sont proscrits pour la rando, on comprend pourquoi.<br \/>\nNous avons donc roul\u00e9 \u00e0 4 jusque 12h00 avec finalement seulement 26km et 2h30 de roulage ; quelques soucis m\u00e9caniques pour Nico et une reprise un peu dure pour Steph. D&rsquo;ailleurs il ne me contredira pas pour dire que le site est super ludique, tr\u00e8s technique et une excellente pr\u00e9paration pour le cardio (850 m de d+ tout de m\u00eame !).<br \/>\nLes descentes nous ont permis de constater la tr\u00e8s bonne technique des D\u00e9jant\u00e9s, ils nous mettaient 100 voire 200m au moindre single descendant alors m\u00eame que Denis roule avec un Sp\u00e9 hardtail qui ne doit pas avoir + de 80mm de d\u00e9battement. Bon c&rsquo;est vrai que les deux connaissent la moindre racine de leur terrain de jeu.<br \/>\nEn conclusion, le site est \u00e0 refaire plus nombreux, par contre le terrain doit \u00eatre parfaitement sec (la terre peut coller tr\u00e8s vite!). Pour les amateurs d&rsquo;enduro c&rsquo;est aussi un site tr\u00e8s pratiqu\u00e9 par les \u00ab\u00a0longues fourches\u00a0\u00bb comme on les appellent ici.<br \/>\nMerci \u00e0 Denis et Nico.<br \/>\n<a href=\"https:\/\/i0.wp.com\/fontenillesvtt.fr\/wp\/wp-content\/uploads\/2015\/09\/IMG_1381.jpg\"><img data-recalc-dims=\"1\" loading=\"lazy\" decoding=\"async\" data-attachment-id=\"2314\" data-permalink=\"https:\/\/fontenilles-vtt.fr\/wp\/?attachment_id=2314\" data-orig-file=\"https:\/\/i0.wp.com\/fontenilles-vtt.fr\/wp\/wp-content\/uploads\/2015\/09\/IMG_1381.jpg?fit=1280%2C960&amp;ssl=1\" data-orig-size=\"1280,960\" data-comments-opened=\"1\" data-image-meta=\"{&quot;aperture&quot;:&quot;2.4&quot;,&quot;credit&quot;:&quot;&quot;,&quot;camera&quot;:&quot;iPhone 5c&quot;,&quot;caption&quot;:&quot;&quot;,&quot;created_timestamp&quot;:&quot;1442144350&quot;,&quot;copyright&quot;:&quot;&quot;,&quot;focal_length&quot;:&quot;4.12&quot;,&quot;iso&quot;:&quot;50&quot;,&quot;shutter_speed&quot;:&quot;0.025&quot;,&quot;title&quot;:&quot;&quot;,&quot;orientation&quot;:&quot;1&quot;}\" data-image-title=\"IMG_1381\" data-image-description=\"\" data-image-caption=\"\" data-medium-file=\"https:\/\/i0.wp.com\/fontenilles-vtt.fr\/wp\/wp-content\/uploads\/2015\/09\/IMG_1381.jpg?fit=300%2C225&amp;ssl=1\" data-large-file=\"https:\/\/i0.wp.com\/fontenilles-vtt.fr\/wp\/wp-content\/uploads\/2015\/09\/IMG_1381.jpg?fit=590%2C443&amp;ssl=1\" class=\"aligncenter size-medium wp-image-2314\" src=\"https:\/\/i0.wp.com\/fontenillesvtt.fr\/wp\/wp-content\/uploads\/2015\/09\/IMG_1381-300x225.jpg?resize=300%2C225\" alt=\"IMG_1381\" width=\"300\" height=\"225\" srcset=\"https:\/\/i0.wp.com\/fontenilles-vtt.fr\/wp\/wp-content\/uploads\/2015\/09\/IMG_1381.jpg?resize=300%2C225&amp;ssl=1 300w, https:\/\/i0.wp.com\/fontenilles-vtt.fr\/wp\/wp-content\/uploads\/2015\/09\/IMG_1381.jpg?resize=1024%2C768&amp;ssl=1 1024w, https:\/\/i0.wp.com\/fontenilles-vtt.fr\/wp\/wp-content\/uploads\/2015\/09\/IMG_1381.jpg?w=1280&amp;ssl=1 1280w, https:\/\/i0.wp.com\/fontenilles-vtt.fr\/wp\/wp-content\/uploads\/2015\/09\/IMG_1381.jpg?w=1180&amp;ssl=1 1180w\" sizes=\"(max-width: 300px) 100vw, 300px\" \/><\/a> <a href=\"https:\/\/i0.wp.com\/fontenillesvtt.fr\/wp\/wp-content\/uploads\/2015\/09\/FullSizeRender.jpg\"><img data-recalc-dims=\"1\" loading=\"lazy\" decoding=\"async\" data-attachment-id=\"2316\" data-permalink=\"https:\/\/fontenilles-vtt.fr\/wp\/?attachment_id=2316\" data-orig-file=\"https:\/\/i0.wp.com\/fontenilles-vtt.fr\/wp\/wp-content\/uploads\/2015\/09\/FullSizeRender.jpg?fit=960%2C1280&amp;ssl=1\" data-orig-size=\"960,1280\" data-comments-opened=\"1\" data-image-meta=\"{&quot;aperture&quot;:&quot;2.4&quot;,&quot;credit&quot;:&quot;&quot;,&quot;camera&quot;:&quot;iPhone 5c&quot;,&quot;caption&quot;:&quot;&quot;,&quot;created_timestamp&quot;:&quot;1442145880&quot;,&quot;copyright&quot;:&quot;&quot;,&quot;focal_length&quot;:&quot;4.12&quot;,&quot;iso&quot;:&quot;50&quot;,&quot;shutter_speed&quot;:&quot;0.0021786492374728&quot;,&quot;title&quot;:&quot;&quot;,&quot;orientation&quot;:&quot;0&quot;}\" data-image-title=\"FullSizeRender\" data-image-description=\"\" data-image-caption=\"\" data-medium-file=\"https:\/\/i0.wp.com\/fontenilles-vtt.fr\/wp\/wp-content\/uploads\/2015\/09\/FullSizeRender.jpg?fit=180%2C240&amp;ssl=1\" data-large-file=\"https:\/\/i0.wp.com\/fontenilles-vtt.fr\/wp\/wp-content\/uploads\/2015\/09\/FullSizeRender.jpg?fit=576%2C768&amp;ssl=1\" class=\"aligncenter size-medium wp-image-2316\" src=\"https:\/\/i0.wp.com\/fontenillesvtt.fr\/wp\/wp-content\/uploads\/2015\/09\/FullSizeRender-180x240.jpg?resize=180%2C240\" alt=\"FullSizeRender\" width=\"180\" height=\"240\" srcset=\"https:\/\/i0.wp.com\/fontenilles-vtt.fr\/wp\/wp-content\/uploads\/2015\/09\/FullSizeRender.jpg?resize=180%2C240&amp;ssl=1 180w, https:\/\/i0.wp.com\/fontenilles-vtt.fr\/wp\/wp-content\/uploads\/2015\/09\/FullSizeRender.jpg?resize=576%2C768&amp;ssl=1 576w, https:\/\/i0.wp.com\/fontenilles-vtt.fr\/wp\/wp-content\/uploads\/2015\/09\/FullSizeRender.jpg?w=960&amp;ssl=1 960w\" sizes=\"(max-width: 180px) 100vw, 180px\" \/><\/a> <a href=\"https:\/\/i0.wp.com\/fontenillesvtt.fr\/wp\/wp-content\/uploads\/2015\/09\/mezens1.jpg\"><img data-recalc-dims=\"1\" loading=\"lazy\" decoding=\"async\" data-attachment-id=\"2315\" data-permalink=\"https:\/\/fontenilles-vtt.fr\/wp\/?attachment_id=2315\" data-orig-file=\"https:\/\/i0.wp.com\/fontenilles-vtt.fr\/wp\/wp-content\/uploads\/2015\/09\/mezens1.jpg?fit=1280%2C960&amp;ssl=1\" data-orig-size=\"1280,960\" data-comments-opened=\"1\" data-image-meta=\"{&quot;aperture&quot;:&quot;0&quot;,&quot;credit&quot;:&quot;&quot;,&quot;camera&quot;:&quot;&quot;,&quot;caption&quot;:&quot;&quot;,&quot;created_timestamp&quot;:&quot;0&quot;,&quot;copyright&quot;:&quot;&quot;,&quot;focal_length&quot;:&quot;0&quot;,&quot;iso&quot;:&quot;0&quot;,&quot;shutter_speed&quot;:&quot;0&quot;,&quot;title&quot;:&quot;&quot;,&quot;orientation&quot;:&quot;0&quot;}\" data-image-title=\"mezens1\" data-image-description=\"\" data-image-caption=\"\" data-medium-file=\"https:\/\/i0.wp.com\/fontenilles-vtt.fr\/wp\/wp-content\/uploads\/2015\/09\/mezens1.jpg?fit=300%2C225&amp;ssl=1\" data-large-file=\"https:\/\/i0.wp.com\/fontenilles-vtt.fr\/wp\/wp-content\/uploads\/2015\/09\/mezens1.jpg?fit=590%2C443&amp;ssl=1\" class=\"aligncenter size-medium wp-image-2315\" src=\"https:\/\/i0.wp.com\/fontenillesvtt.fr\/wp\/wp-content\/uploads\/2015\/09\/mezens1-300x225.jpg?resize=300%2C225\" alt=\"mezens1\" width=\"300\" height=\"225\" srcset=\"https:\/\/i0.wp.com\/fontenilles-vtt.fr\/wp\/wp-content\/uploads\/2015\/09\/mezens1.jpg?resize=300%2C225&amp;ssl=1 300w, https:\/\/i0.wp.com\/fontenilles-vtt.fr\/wp\/wp-content\/uploads\/2015\/09\/mezens1.jpg?resize=1024%2C768&amp;ssl=1 1024w, https:\/\/i0.wp.com\/fontenilles-vtt.fr\/wp\/wp-content\/uploads\/2015\/09\/mezens1.jpg?w=1280&amp;ssl=1 1280w, https:\/\/i0.wp.com\/fontenilles-vtt.fr\/wp\/wp-content\/uploads\/2015\/09\/mezens1.jpg?w=1180&amp;ssl=1 1180w\" sizes=\"(max-width: 300px) 100vw, 300px\" \/><\/a><br \/>\nFlorent<\/p>\n","protected":false},"excerpt":{"rendered":"<p>C&rsquo;est donc \u00e0 deux avec St\u00e9phane que nous sommes partis \u00e0 Mezens avec comme objectif de refaire la rando de Mezens 2015 dont je gardais un tr\u00e8s bon souvenir surtout&#8230; <\/p>\n<div class=\"read-more\"><a href=\"https:\/\/fontenilles-vtt.fr\/wp\/?p=2313\">Lire la suite<\/a><\/div>\n","protected":false},"author":1,"featured_media":0,"comment_status":"open","ping_status":"closed","sticky":false,"template":"","format":"standard","meta":{"om_disable_all_campaigns":false,"_monsterinsights_skip_tracking":false,"_monsterinsights_sitenote_active":false,"_monsterinsights_sitenote_note":"","_monsterinsights_sitenote_category":0,"ngg_post_thumbnail":0,"jetpack_post_was_ever_published":false,"_jetpack_newsletter_access":"","_jetpack_dont_email_post_to_subs":false,"_jetpack_newsletter_tier_id":0,"_jetpack_memberships_contains_paywalled_content":false,"_jetpack_memberships_contains_paid_content":false,"footnotes":"","jetpack_publicize_message":"","jetpack_publicize_feature_enabled":true,"jetpack_social_post_already_shared":false,"jetpack_social_options":{"image_generator_settings":{"template":"highway","enabled":false},"version":2}},"categories":[4],"tags":[],"jetpack_publicize_connections":[],"aioseo_notices":[],"jetpack_featured_media_url":"","jetpack_sharing_enabled":true,"jetpack_shortlink":"https:\/\/wp.me\/p9SYmx-Bj","jetpack-related-posts":[],"post_mailing_queue_ids":[],"_links":{"self":[{"href":"https:\/\/fontenilles-vtt.fr\/wp\/index.php?rest_route=\/wp\/v2\/posts\/2313"}],"collection":[{"href":"https:\/\/fontenilles-vtt.fr\/wp\/index.php?rest_route=\/wp\/v2\/posts"}],"about":[{"href":"https:\/\/fontenilles-vtt.fr\/wp\/index.php?rest_route=\/wp\/v2\/types\/post"}],"author":[{"embeddable":true,"href":"https:\/\/fontenilles-vtt.fr\/wp\/index.php?rest_route=\/wp\/v2\/users\/1"}],"replies":[{"embeddable":true,"href":"https:\/\/fontenilles-vtt.fr\/wp\/index.php?rest_route=%2Fwp%2Fv2%2Fcomments&post=2313"}],"version-history":[{"count":1,"href":"https:\/\/fontenilles-vtt.fr\/wp\/index.php?rest_route=\/wp\/v2\/posts\/2313\/revisions"}],"predecessor-version":[{"id":2318,"href":"https:\/\/fontenilles-vtt.fr\/wp\/index.php?rest_route=\/wp\/v2\/posts\/2313\/revisions\/2318"}],"wp:attachment":[{"href":"https:\/\/fontenilles-vtt.fr\/wp\/index.php?rest_route=%2Fwp%2Fv2%2Fmedia&parent=2313"}],"wp:term":[{"taxonomy":"category","embeddable":true,"href":"https:\/\/fontenilles-vtt.fr\/wp\/index.php?rest_route=%2Fwp%2Fv2%2Fcategories&post=2313"},{"taxonomy":"post_tag","embeddable":true,"href":"https:\/\/fontenilles-vtt.fr\/wp\/index.php?rest_route=%2Fwp%2Fv2%2Ftags&post=2313"}],"curies":[{"name":"wp","href":"https:\/\/api.w.org\/{rel}","templated":true}]}}