{"id":2321,"date":"2015-09-22T11:20:01","date_gmt":"2015-09-22T09:20:01","guid":{"rendered":"http:\/\/fontenillesvtt.fr\/wp\/?p=2321"},"modified":"2015-09-22T11:20:01","modified_gmt":"2015-09-22T09:20:01","slug":"la-randeaunoise","status":"publish","type":"post","link":"https:\/\/fontenilles-vtt.fr\/wp\/?p=2321","title":{"rendered":"la Randeaunoise"},"content":{"rendered":"<h1>Eaunes \u00e9tait au programme du WeekEnd.<\/h1>\n<div>Non disponibles dimanche matin, Lionel et Fred sont partis samedi apr\u00e8s-midi de Muret pour rejoindre la trace fraichement balis\u00e9e de la Randeaunoise. Honteusement, nous avons profit\u00e9 d&rsquo;un tr\u00e8s beau trac\u00e9, surtout une fois arriv\u00e9s dans la for\u00eat super joueuse et tr\u00e8s fun, sans obstacles vivants. Du vrai single qui se referme sur les vttistes, \u00e0 peine gras, un plaisir, et un parcours qui fait bien mal aux jambes m\u00eame si pour des raisons de temps nous avons coup\u00e9 la fin pour terminer par le bord de Garonne.<\/div>\n<div><\/div>\n<div>\u00a0<a href=\"https:\/\/i0.wp.com\/fontenillesvtt.fr\/wp\/wp-content\/uploads\/2015\/09\/2015-09-19-16.49.35.jpg\"><img data-recalc-dims=\"1\" loading=\"lazy\" decoding=\"async\" data-attachment-id=\"2322\" data-permalink=\"https:\/\/fontenilles-vtt.fr\/wp\/?attachment_id=2322\" data-orig-file=\"https:\/\/i0.wp.com\/fontenilles-vtt.fr\/wp\/wp-content\/uploads\/2015\/09\/2015-09-19-16.49.35.jpg?fit=2322%2C4128&amp;ssl=1\" data-orig-size=\"2322,4128\" data-comments-opened=\"1\" data-image-meta=\"{&quot;aperture&quot;:&quot;2.2&quot;,&quot;credit&quot;:&quot;&quot;,&quot;camera&quot;:&quot;GT-I9505&quot;,&quot;caption&quot;:&quot;&quot;,&quot;created_timestamp&quot;:&quot;1442681375&quot;,&quot;copyright&quot;:&quot;&quot;,&quot;focal_length&quot;:&quot;4.2&quot;,&quot;iso&quot;:&quot;50&quot;,&quot;shutter_speed&quot;:&quot;0.01&quot;,&quot;title&quot;:&quot;&quot;,&quot;orientation&quot;:&quot;1&quot;}\" data-image-title=\"2015-09-19 16.49.35\" data-image-description=\"\" data-image-caption=\"\" data-medium-file=\"https:\/\/i0.wp.com\/fontenilles-vtt.fr\/wp\/wp-content\/uploads\/2015\/09\/2015-09-19-16.49.35.jpg?fit=135%2C240&amp;ssl=1\" data-large-file=\"https:\/\/i0.wp.com\/fontenilles-vtt.fr\/wp\/wp-content\/uploads\/2015\/09\/2015-09-19-16.49.35.jpg?fit=432%2C768&amp;ssl=1\" class=\"aligncenter size-medium wp-image-2322\" src=\"https:\/\/i0.wp.com\/fontenillesvtt.fr\/wp\/wp-content\/uploads\/2015\/09\/2015-09-19-16.49.35-135x240.jpg?resize=135%2C240\" alt=\"2015-09-19 16.49.35\" width=\"135\" height=\"240\" srcset=\"https:\/\/i0.wp.com\/fontenilles-vtt.fr\/wp\/wp-content\/uploads\/2015\/09\/2015-09-19-16.49.35.jpg?resize=135%2C240&amp;ssl=1 135w, https:\/\/i0.wp.com\/fontenilles-vtt.fr\/wp\/wp-content\/uploads\/2015\/09\/2015-09-19-16.49.35.jpg?resize=432%2C768&amp;ssl=1 432w, https:\/\/i0.wp.com\/fontenilles-vtt.fr\/wp\/wp-content\/uploads\/2015\/09\/2015-09-19-16.49.35.jpg?w=1180&amp;ssl=1 1180w, https:\/\/i0.wp.com\/fontenilles-vtt.fr\/wp\/wp-content\/uploads\/2015\/09\/2015-09-19-16.49.35.jpg?w=1770&amp;ssl=1 1770w\" sizes=\"(max-width: 135px) 100vw, 135px\" \/><\/a> <a href=\"https:\/\/i0.wp.com\/fontenillesvtt.fr\/wp\/wp-content\/uploads\/2015\/09\/2015-09-19-16.48.47.jpg\"><img data-recalc-dims=\"1\" loading=\"lazy\" decoding=\"async\" data-attachment-id=\"2323\" data-permalink=\"https:\/\/fontenilles-vtt.fr\/wp\/?attachment_id=2323\" data-orig-file=\"https:\/\/i0.wp.com\/fontenilles-vtt.fr\/wp\/wp-content\/uploads\/2015\/09\/2015-09-19-16.48.47.jpg?fit=2322%2C4128&amp;ssl=1\" data-orig-size=\"2322,4128\" data-comments-opened=\"1\" data-image-meta=\"{&quot;aperture&quot;:&quot;2.2&quot;,&quot;credit&quot;:&quot;&quot;,&quot;camera&quot;:&quot;GT-I9505&quot;,&quot;caption&quot;:&quot;&quot;,&quot;created_timestamp&quot;:&quot;1442681327&quot;,&quot;copyright&quot;:&quot;&quot;,&quot;focal_length&quot;:&quot;4.2&quot;,&quot;iso&quot;:&quot;50&quot;,&quot;shutter_speed&quot;:&quot;0.0051282051282051&quot;,&quot;title&quot;:&quot;&quot;,&quot;orientation&quot;:&quot;1&quot;}\" data-image-title=\"2015-09-19 16.48.47\" data-image-description=\"\" data-image-caption=\"\" data-medium-file=\"https:\/\/i0.wp.com\/fontenilles-vtt.fr\/wp\/wp-content\/uploads\/2015\/09\/2015-09-19-16.48.47.jpg?fit=135%2C240&amp;ssl=1\" data-large-file=\"https:\/\/i0.wp.com\/fontenilles-vtt.fr\/wp\/wp-content\/uploads\/2015\/09\/2015-09-19-16.48.47.jpg?fit=432%2C768&amp;ssl=1\" class=\"aligncenter size-medium wp-image-2323\" src=\"https:\/\/i0.wp.com\/fontenillesvtt.fr\/wp\/wp-content\/uploads\/2015\/09\/2015-09-19-16.48.47-135x240.jpg?resize=135%2C240\" alt=\"2015-09-19 16.48.47\" width=\"135\" height=\"240\" srcset=\"https:\/\/i0.wp.com\/fontenilles-vtt.fr\/wp\/wp-content\/uploads\/2015\/09\/2015-09-19-16.48.47.jpg?resize=135%2C240&amp;ssl=1 135w, https:\/\/i0.wp.com\/fontenilles-vtt.fr\/wp\/wp-content\/uploads\/2015\/09\/2015-09-19-16.48.47.jpg?resize=432%2C768&amp;ssl=1 432w, https:\/\/i0.wp.com\/fontenilles-vtt.fr\/wp\/wp-content\/uploads\/2015\/09\/2015-09-19-16.48.47.jpg?w=1180&amp;ssl=1 1180w, https:\/\/i0.wp.com\/fontenilles-vtt.fr\/wp\/wp-content\/uploads\/2015\/09\/2015-09-19-16.48.47.jpg?w=1770&amp;ssl=1 1770w\" sizes=\"(max-width: 135px) 100vw, 135px\" \/><\/a> <a href=\"https:\/\/i0.wp.com\/fontenillesvtt.fr\/wp\/wp-content\/uploads\/2015\/09\/2015-09-19-15.42.37.jpg\"><img data-recalc-dims=\"1\" loading=\"lazy\" decoding=\"async\" data-attachment-id=\"2324\" data-permalink=\"https:\/\/fontenilles-vtt.fr\/wp\/?attachment_id=2324\" data-orig-file=\"https:\/\/i0.wp.com\/fontenilles-vtt.fr\/wp\/wp-content\/uploads\/2015\/09\/2015-09-19-15.42.37.jpg?fit=4128%2C2322&amp;ssl=1\" data-orig-size=\"4128,2322\" data-comments-opened=\"1\" data-image-meta=\"{&quot;aperture&quot;:&quot;2.2&quot;,&quot;credit&quot;:&quot;&quot;,&quot;camera&quot;:&quot;GT-I9505&quot;,&quot;caption&quot;:&quot;&quot;,&quot;created_timestamp&quot;:&quot;1442677357&quot;,&quot;copyright&quot;:&quot;&quot;,&quot;focal_length&quot;:&quot;4.2&quot;,&quot;iso&quot;:&quot;100&quot;,&quot;shutter_speed&quot;:&quot;0.03030303030303&quot;,&quot;title&quot;:&quot;&quot;,&quot;orientation&quot;:&quot;1&quot;}\" data-image-title=\"2015-09-19 15.42.37\" data-image-description=\"\" data-image-caption=\"\" data-medium-file=\"https:\/\/i0.wp.com\/fontenilles-vtt.fr\/wp\/wp-content\/uploads\/2015\/09\/2015-09-19-15.42.37.jpg?fit=300%2C169&amp;ssl=1\" data-large-file=\"https:\/\/i0.wp.com\/fontenilles-vtt.fr\/wp\/wp-content\/uploads\/2015\/09\/2015-09-19-15.42.37.jpg?fit=590%2C332&amp;ssl=1\" class=\"aligncenter size-medium wp-image-2324\" src=\"https:\/\/i0.wp.com\/fontenillesvtt.fr\/wp\/wp-content\/uploads\/2015\/09\/2015-09-19-15.42.37-300x169.jpg?resize=300%2C169\" alt=\"2015-09-19 15.42.37\" width=\"300\" height=\"169\" srcset=\"https:\/\/i0.wp.com\/fontenilles-vtt.fr\/wp\/wp-content\/uploads\/2015\/09\/2015-09-19-15.42.37.jpg?resize=300%2C169&amp;ssl=1 300w, https:\/\/i0.wp.com\/fontenilles-vtt.fr\/wp\/wp-content\/uploads\/2015\/09\/2015-09-19-15.42.37.jpg?resize=1024%2C576&amp;ssl=1 1024w, https:\/\/i0.wp.com\/fontenilles-vtt.fr\/wp\/wp-content\/uploads\/2015\/09\/2015-09-19-15.42.37.jpg?w=1180&amp;ssl=1 1180w, https:\/\/i0.wp.com\/fontenilles-vtt.fr\/wp\/wp-content\/uploads\/2015\/09\/2015-09-19-15.42.37.jpg?w=1770&amp;ssl=1 1770w\" sizes=\"(max-width: 300px) 100vw, 300px\" \/><\/a><\/div>\n<div><\/div>\n<div>Dimanche en revanche, Florent, les deux Laurent, Philippe et St\u00e9phane se sont retrouv\u00e9s \u00e0 8h30 pour la Randeaunoise. Tout le monde s&rsquo;inscrit sur le 40 kilom\u00e8tres qui est la plus longue distance propos\u00e9e. Nous prenons le d\u00e9part, apr\u00e8s une inscription fluide, plut\u00f4t en fin de peloton. Mise en jambes progressive\u00a0en direction de la Garonne pour entamer les premiers singles qui descendent et remontent les coteaux qui longent celle ci. Nous finissons par la longer sur quelques kilom\u00e8tres\u00a0par un single\u00a0ou il faut souvent pousser le v\u00e9lo sur la fin et qui g\u00e9n\u00e8re quelques embouteillages \u00a0Le parcours remonte sur les coteaux par une succession de bosses qui nous am\u00e8nent au ravitaillement.\u00a0Celui-ci est bien garni et propose l&rsquo;essentiel .<\/div>\n<div>Le parcours prends la direction du bois d&rsquo;Eaunes o\u00f9 nous allons tricoter sur tous les singles qui le traversent. Les mont\u00e9es et les descentes se succ\u00e8dent sans le moindre moment pour r\u00e9cup\u00e9rer. A 10 kilom\u00e8tres de la fin Laurent D. est ralentit par des crampes et nous finissons le parcours group\u00e9s . Au bilan belle rando\u00a0de 42 kms\u00a0en juste 3 heures avec tr\u00e8s peu de parties goudronn\u00e9es , physiquement exigeante avec des singles qui m\u00e9riteraient d&rsquo;\u00eatre mieux nettoyer pour \u00e9viter d&rsquo;\u00eatre gifl\u00e9\u00a0 par la v\u00e9g\u00e9tation. A refaire en partant un peu plus t\u00f4t pour profiter des singles sur un meilleur rythme parce que comme\u00a0a dit un v\u00e9t\u00e9tiste qui poussait son v\u00e9lo dans un raidillon\u00a0difficile et qui nous a vu tous monter sur le notre :<\/div>\n<div>\u00a0\u201c ils sont en cannes \u00e0 Fontenilles\u00a0\u201c.<\/div>\n<div>Quand on fait du VTT dans un club o\u00f9 l&rsquo;ambiance est conviviale et amicale, on ne peut que progresser et s&rsquo;\u00e9clater.<\/div>\n<div><a href=\"https:\/\/i0.wp.com\/fontenillesvtt.fr\/wp\/wp-content\/uploads\/2015\/09\/image3.jpg\"><img data-recalc-dims=\"1\" loading=\"lazy\" decoding=\"async\" data-attachment-id=\"2325\" data-permalink=\"https:\/\/fontenilles-vtt.fr\/wp\/?attachment_id=2325\" data-orig-file=\"https:\/\/i0.wp.com\/fontenilles-vtt.fr\/wp\/wp-content\/uploads\/2015\/09\/image3.jpg?fit=1632%2C1224&amp;ssl=1\" data-orig-size=\"1632,1224\" data-comments-opened=\"1\" data-image-meta=\"{&quot;aperture&quot;:&quot;2.4&quot;,&quot;credit&quot;:&quot;&quot;,&quot;camera&quot;:&quot;iPhone 5c&quot;,&quot;caption&quot;:&quot;&quot;,&quot;created_timestamp&quot;:&quot;1442743343&quot;,&quot;copyright&quot;:&quot;&quot;,&quot;focal_length&quot;:&quot;4.12&quot;,&quot;iso&quot;:&quot;50&quot;,&quot;shutter_speed&quot;:&quot;0.00077519379844961&quot;,&quot;title&quot;:&quot;&quot;,&quot;orientation&quot;:&quot;0&quot;}\" data-image-title=\"image3\" data-image-description=\"\" data-image-caption=\"\" data-medium-file=\"https:\/\/i0.wp.com\/fontenilles-vtt.fr\/wp\/wp-content\/uploads\/2015\/09\/image3.jpg?fit=300%2C225&amp;ssl=1\" data-large-file=\"https:\/\/i0.wp.com\/fontenilles-vtt.fr\/wp\/wp-content\/uploads\/2015\/09\/image3.jpg?fit=590%2C443&amp;ssl=1\" class=\"aligncenter size-medium wp-image-2325\" src=\"https:\/\/i0.wp.com\/fontenillesvtt.fr\/wp\/wp-content\/uploads\/2015\/09\/image3-300x225.jpg?resize=300%2C225\" alt=\"image3\" width=\"300\" height=\"225\" srcset=\"https:\/\/i0.wp.com\/fontenilles-vtt.fr\/wp\/wp-content\/uploads\/2015\/09\/image3.jpg?resize=300%2C225&amp;ssl=1 300w, https:\/\/i0.wp.com\/fontenilles-vtt.fr\/wp\/wp-content\/uploads\/2015\/09\/image3.jpg?resize=1024%2C768&amp;ssl=1 1024w, https:\/\/i0.wp.com\/fontenilles-vtt.fr\/wp\/wp-content\/uploads\/2015\/09\/image3.jpg?w=1632&amp;ssl=1 1632w, https:\/\/i0.wp.com\/fontenilles-vtt.fr\/wp\/wp-content\/uploads\/2015\/09\/image3.jpg?w=1180&amp;ssl=1 1180w\" sizes=\"(max-width: 300px) 100vw, 300px\" \/><\/a> <a href=\"https:\/\/i0.wp.com\/fontenillesvtt.fr\/wp\/wp-content\/uploads\/2015\/09\/image2.jpg\"><img data-recalc-dims=\"1\" loading=\"lazy\" decoding=\"async\" data-attachment-id=\"2326\" data-permalink=\"https:\/\/fontenilles-vtt.fr\/wp\/?attachment_id=2326\" data-orig-file=\"https:\/\/i0.wp.com\/fontenilles-vtt.fr\/wp\/wp-content\/uploads\/2015\/09\/image2.jpg?fit=1632%2C1224&amp;ssl=1\" data-orig-size=\"1632,1224\" data-comments-opened=\"1\" data-image-meta=\"{&quot;aperture&quot;:&quot;2.4&quot;,&quot;credit&quot;:&quot;&quot;,&quot;camera&quot;:&quot;iPhone 5c&quot;,&quot;caption&quot;:&quot;&quot;,&quot;created_timestamp&quot;:&quot;1442743319&quot;,&quot;copyright&quot;:&quot;&quot;,&quot;focal_length&quot;:&quot;4.12&quot;,&quot;iso&quot;:&quot;50&quot;,&quot;shutter_speed&quot;:&quot;0.00070077084793273&quot;,&quot;title&quot;:&quot;&quot;,&quot;orientation&quot;:&quot;0&quot;}\" data-image-title=\"image2\" data-image-description=\"\" data-image-caption=\"\" data-medium-file=\"https:\/\/i0.wp.com\/fontenilles-vtt.fr\/wp\/wp-content\/uploads\/2015\/09\/image2.jpg?fit=300%2C225&amp;ssl=1\" data-large-file=\"https:\/\/i0.wp.com\/fontenilles-vtt.fr\/wp\/wp-content\/uploads\/2015\/09\/image2.jpg?fit=590%2C443&amp;ssl=1\" class=\"aligncenter size-medium wp-image-2326\" src=\"https:\/\/i0.wp.com\/fontenillesvtt.fr\/wp\/wp-content\/uploads\/2015\/09\/image2-300x225.jpg?resize=300%2C225\" alt=\"image2\" width=\"300\" height=\"225\" srcset=\"https:\/\/i0.wp.com\/fontenilles-vtt.fr\/wp\/wp-content\/uploads\/2015\/09\/image2.jpg?resize=300%2C225&amp;ssl=1 300w, https:\/\/i0.wp.com\/fontenilles-vtt.fr\/wp\/wp-content\/uploads\/2015\/09\/image2.jpg?resize=1024%2C768&amp;ssl=1 1024w, https:\/\/i0.wp.com\/fontenilles-vtt.fr\/wp\/wp-content\/uploads\/2015\/09\/image2.jpg?w=1632&amp;ssl=1 1632w, https:\/\/i0.wp.com\/fontenilles-vtt.fr\/wp\/wp-content\/uploads\/2015\/09\/image2.jpg?w=1180&amp;ssl=1 1180w\" sizes=\"(max-width: 300px) 100vw, 300px\" \/><\/a> <a href=\"https:\/\/i0.wp.com\/fontenillesvtt.fr\/wp\/wp-content\/uploads\/2015\/09\/image1.jpg\"><img data-recalc-dims=\"1\" loading=\"lazy\" decoding=\"async\" data-attachment-id=\"2327\" data-permalink=\"https:\/\/fontenilles-vtt.fr\/wp\/?attachment_id=2327\" data-orig-file=\"https:\/\/i0.wp.com\/fontenilles-vtt.fr\/wp\/wp-content\/uploads\/2015\/09\/image1.jpg?fit=1632%2C1224&amp;ssl=1\" data-orig-size=\"1632,1224\" data-comments-opened=\"1\" data-image-meta=\"{&quot;aperture&quot;:&quot;2.4&quot;,&quot;credit&quot;:&quot;&quot;,&quot;camera&quot;:&quot;iPhone 5c&quot;,&quot;caption&quot;:&quot;&quot;,&quot;created_timestamp&quot;:&quot;1442751954&quot;,&quot;copyright&quot;:&quot;&quot;,&quot;focal_length&quot;:&quot;4.12&quot;,&quot;iso&quot;:&quot;50&quot;,&quot;shutter_speed&quot;:&quot;0.0006269592476489&quot;,&quot;title&quot;:&quot;&quot;,&quot;orientation&quot;:&quot;1&quot;}\" data-image-title=\"image1\" data-image-description=\"\" data-image-caption=\"\" data-medium-file=\"https:\/\/i0.wp.com\/fontenilles-vtt.fr\/wp\/wp-content\/uploads\/2015\/09\/image1.jpg?fit=300%2C225&amp;ssl=1\" data-large-file=\"https:\/\/i0.wp.com\/fontenilles-vtt.fr\/wp\/wp-content\/uploads\/2015\/09\/image1.jpg?fit=590%2C443&amp;ssl=1\" class=\"aligncenter size-medium wp-image-2327\" src=\"https:\/\/i0.wp.com\/fontenillesvtt.fr\/wp\/wp-content\/uploads\/2015\/09\/image1-300x225.jpg?resize=300%2C225\" alt=\"image1\" width=\"300\" height=\"225\" srcset=\"https:\/\/i0.wp.com\/fontenilles-vtt.fr\/wp\/wp-content\/uploads\/2015\/09\/image1.jpg?resize=300%2C225&amp;ssl=1 300w, https:\/\/i0.wp.com\/fontenilles-vtt.fr\/wp\/wp-content\/uploads\/2015\/09\/image1.jpg?resize=1024%2C768&amp;ssl=1 1024w, https:\/\/i0.wp.com\/fontenilles-vtt.fr\/wp\/wp-content\/uploads\/2015\/09\/image1.jpg?w=1632&amp;ssl=1 1632w, https:\/\/i0.wp.com\/fontenilles-vtt.fr\/wp\/wp-content\/uploads\/2015\/09\/image1.jpg?w=1180&amp;ssl=1 1180w\" sizes=\"(max-width: 300px) 100vw, 300px\" \/><\/a> <a href=\"https:\/\/i0.wp.com\/fontenillesvtt.fr\/wp\/wp-content\/uploads\/2015\/09\/image5.jpg\"><img data-recalc-dims=\"1\" loading=\"lazy\" decoding=\"async\" data-attachment-id=\"2328\" data-permalink=\"https:\/\/fontenilles-vtt.fr\/wp\/?attachment_id=2328\" data-orig-file=\"https:\/\/i0.wp.com\/fontenilles-vtt.fr\/wp\/wp-content\/uploads\/2015\/09\/image5.jpg?fit=1224%2C1632&amp;ssl=1\" data-orig-size=\"1224,1632\" data-comments-opened=\"1\" data-image-meta=\"{&quot;aperture&quot;:&quot;2.4&quot;,&quot;credit&quot;:&quot;&quot;,&quot;camera&quot;:&quot;iPhone 5c&quot;,&quot;caption&quot;:&quot;&quot;,&quot;created_timestamp&quot;:&quot;1442749426&quot;,&quot;copyright&quot;:&quot;&quot;,&quot;focal_length&quot;:&quot;4.12&quot;,&quot;iso&quot;:&quot;50&quot;,&quot;shutter_speed&quot;:&quot;0.004149377593361&quot;,&quot;title&quot;:&quot;&quot;,&quot;orientation&quot;:&quot;0&quot;}\" data-image-title=\"image5\" data-image-description=\"\" data-image-caption=\"\" data-medium-file=\"https:\/\/i0.wp.com\/fontenilles-vtt.fr\/wp\/wp-content\/uploads\/2015\/09\/image5.jpg?fit=180%2C240&amp;ssl=1\" data-large-file=\"https:\/\/i0.wp.com\/fontenilles-vtt.fr\/wp\/wp-content\/uploads\/2015\/09\/image5.jpg?fit=576%2C768&amp;ssl=1\" class=\"aligncenter size-medium wp-image-2328\" src=\"https:\/\/i0.wp.com\/fontenillesvtt.fr\/wp\/wp-content\/uploads\/2015\/09\/image5-180x240.jpg?resize=180%2C240\" alt=\"image5\" width=\"180\" height=\"240\" srcset=\"https:\/\/i0.wp.com\/fontenilles-vtt.fr\/wp\/wp-content\/uploads\/2015\/09\/image5.jpg?resize=180%2C240&amp;ssl=1 180w, https:\/\/i0.wp.com\/fontenilles-vtt.fr\/wp\/wp-content\/uploads\/2015\/09\/image5.jpg?resize=576%2C768&amp;ssl=1 576w, https:\/\/i0.wp.com\/fontenilles-vtt.fr\/wp\/wp-content\/uploads\/2015\/09\/image5.jpg?w=1224&amp;ssl=1 1224w\" sizes=\"(max-width: 180px) 100vw, 180px\" \/><\/a> <a href=\"https:\/\/i0.wp.com\/fontenillesvtt.fr\/wp\/wp-content\/uploads\/2015\/09\/image4.jpg\"><img data-recalc-dims=\"1\" loading=\"lazy\" decoding=\"async\" data-attachment-id=\"2329\" data-permalink=\"https:\/\/fontenilles-vtt.fr\/wp\/?attachment_id=2329\" data-orig-file=\"https:\/\/i0.wp.com\/fontenilles-vtt.fr\/wp\/wp-content\/uploads\/2015\/09\/image4.jpg?fit=1280%2C960&amp;ssl=1\" data-orig-size=\"1280,960\" data-comments-opened=\"1\" data-image-meta=\"{&quot;aperture&quot;:&quot;2.4&quot;,&quot;credit&quot;:&quot;&quot;,&quot;camera&quot;:&quot;iPhone 5c&quot;,&quot;caption&quot;:&quot;&quot;,&quot;created_timestamp&quot;:&quot;1442743357&quot;,&quot;copyright&quot;:&quot;&quot;,&quot;focal_length&quot;:&quot;2.15&quot;,&quot;iso&quot;:&quot;50&quot;,&quot;shutter_speed&quot;:&quot;0.0014492753623188&quot;,&quot;title&quot;:&quot;&quot;,&quot;orientation&quot;:&quot;0&quot;}\" data-image-title=\"image4\" data-image-description=\"\" data-image-caption=\"\" data-medium-file=\"https:\/\/i0.wp.com\/fontenilles-vtt.fr\/wp\/wp-content\/uploads\/2015\/09\/image4.jpg?fit=300%2C225&amp;ssl=1\" data-large-file=\"https:\/\/i0.wp.com\/fontenilles-vtt.fr\/wp\/wp-content\/uploads\/2015\/09\/image4.jpg?fit=590%2C443&amp;ssl=1\" class=\"aligncenter size-medium wp-image-2329\" src=\"https:\/\/i0.wp.com\/fontenillesvtt.fr\/wp\/wp-content\/uploads\/2015\/09\/image4-300x225.jpg?resize=300%2C225\" alt=\"image4\" width=\"300\" height=\"225\" srcset=\"https:\/\/i0.wp.com\/fontenilles-vtt.fr\/wp\/wp-content\/uploads\/2015\/09\/image4.jpg?resize=300%2C225&amp;ssl=1 300w, https:\/\/i0.wp.com\/fontenilles-vtt.fr\/wp\/wp-content\/uploads\/2015\/09\/image4.jpg?resize=1024%2C768&amp;ssl=1 1024w, https:\/\/i0.wp.com\/fontenilles-vtt.fr\/wp\/wp-content\/uploads\/2015\/09\/image4.jpg?w=1280&amp;ssl=1 1280w, https:\/\/i0.wp.com\/fontenilles-vtt.fr\/wp\/wp-content\/uploads\/2015\/09\/image4.jpg?w=1180&amp;ssl=1 1180w\" sizes=\"(max-width: 300px) 100vw, 300px\" \/><\/a><\/div>\n","protected":false},"excerpt":{"rendered":"<p>Eaunes \u00e9tait au programme du WeekEnd. Non disponibles dimanche matin, Lionel et Fred sont partis samedi apr\u00e8s-midi de Muret pour rejoindre la trace fraichement balis\u00e9e de la Randeaunoise. Honteusement, nous&#8230; <\/p>\n<div class=\"read-more\"><a href=\"https:\/\/fontenilles-vtt.fr\/wp\/?p=2321\">Lire la suite<\/a><\/div>\n","protected":false},"author":1,"featured_media":0,"comment_status":"open","ping_status":"closed","sticky":false,"template":"","format":"standard","meta":{"om_disable_all_campaigns":false,"_monsterinsights_skip_tracking":false,"_monsterinsights_sitenote_active":false,"_monsterinsights_sitenote_note":"","_monsterinsights_sitenote_category":0,"ngg_post_thumbnail":0,"jetpack_post_was_ever_published":false,"_jetpack_newsletter_access":"","_jetpack_dont_email_post_to_subs":false,"_jetpack_newsletter_tier_id":0,"_jetpack_memberships_contains_paywalled_content":false,"_jetpack_memberships_contains_paid_content":false,"footnotes":"","jetpack_publicize_message":"","jetpack_publicize_feature_enabled":true,"jetpack_social_post_already_shared":false,"jetpack_social_options":{"image_generator_settings":{"template":"highway","enabled":false},"version":2}},"categories":[4],"tags":[],"jetpack_publicize_connections":[],"aioseo_notices":[],"jetpack_featured_media_url":"","jetpack_sharing_enabled":true,"jetpack_shortlink":"https:\/\/wp.me\/p9SYmx-Br","jetpack-related-posts":[],"post_mailing_queue_ids":[],"_links":{"self":[{"href":"https:\/\/fontenilles-vtt.fr\/wp\/index.php?rest_route=\/wp\/v2\/posts\/2321"}],"collection":[{"href":"https:\/\/fontenilles-vtt.fr\/wp\/index.php?rest_route=\/wp\/v2\/posts"}],"about":[{"href":"https:\/\/fontenilles-vtt.fr\/wp\/index.php?rest_route=\/wp\/v2\/types\/post"}],"author":[{"embeddable":true,"href":"https:\/\/fontenilles-vtt.fr\/wp\/index.php?rest_route=\/wp\/v2\/users\/1"}],"replies":[{"embeddable":true,"href":"https:\/\/fontenilles-vtt.fr\/wp\/index.php?rest_route=%2Fwp%2Fv2%2Fcomments&post=2321"}],"version-history":[{"count":1,"href":"https:\/\/fontenilles-vtt.fr\/wp\/index.php?rest_route=\/wp\/v2\/posts\/2321\/revisions"}],"predecessor-version":[{"id":2330,"href":"https:\/\/fontenilles-vtt.fr\/wp\/index.php?rest_route=\/wp\/v2\/posts\/2321\/revisions\/2330"}],"wp:attachment":[{"href":"https:\/\/fontenilles-vtt.fr\/wp\/index.php?rest_route=%2Fwp%2Fv2%2Fmedia&parent=2321"}],"wp:term":[{"taxonomy":"category","embeddable":true,"href":"https:\/\/fontenilles-vtt.fr\/wp\/index.php?rest_route=%2Fwp%2Fv2%2Fcategories&post=2321"},{"taxonomy":"post_tag","embeddable":true,"href":"https:\/\/fontenilles-vtt.fr\/wp\/index.php?rest_route=%2Fwp%2Fv2%2Ftags&post=2321"}],"curies":[{"name":"wp","href":"https:\/\/api.w.org\/{rel}","templated":true}]}}