{"id":2331,"date":"2015-09-29T18:17:01","date_gmt":"2015-09-29T16:17:01","guid":{"rendered":"http:\/\/fontenillesvtt.fr\/wp\/?p=2331"},"modified":"2015-09-29T18:17:01","modified_gmt":"2015-09-29T16:17:01","slug":"tous-a-saint-lys","status":"publish","type":"post","link":"https:\/\/fontenilles-vtt.fr\/wp\/?p=2331","title":{"rendered":"Tous \u00e0 Saint-Lys"},"content":{"rendered":"<p>Proximit\u00e9 oblige, nous nous sommes d\u00e9plac\u00e9 en masse pour le raid de Saint-Lys: un record car nous etions 11.<\/p>\n<p><a href=\"https:\/\/i0.wp.com\/fontenillesvtt.fr\/wp\/wp-content\/uploads\/2015\/09\/2015-09-27-08.58.32.jpg\"><img data-recalc-dims=\"1\" loading=\"lazy\" decoding=\"async\" data-attachment-id=\"2332\" data-permalink=\"https:\/\/fontenilles-vtt.fr\/wp\/?attachment_id=2332\" data-orig-file=\"https:\/\/i0.wp.com\/fontenilles-vtt.fr\/wp\/wp-content\/uploads\/2015\/09\/2015-09-27-08.58.32.jpg?fit=4128%2C2322&amp;ssl=1\" data-orig-size=\"4128,2322\" data-comments-opened=\"1\" data-image-meta=\"{&quot;aperture&quot;:&quot;2.2&quot;,&quot;credit&quot;:&quot;&quot;,&quot;camera&quot;:&quot;GT-I9505&quot;,&quot;caption&quot;:&quot;&quot;,&quot;created_timestamp&quot;:&quot;1443344312&quot;,&quot;copyright&quot;:&quot;&quot;,&quot;focal_length&quot;:&quot;4.2&quot;,&quot;iso&quot;:&quot;80&quot;,&quot;shutter_speed&quot;:&quot;0.01&quot;,&quot;title&quot;:&quot;&quot;,&quot;orientation&quot;:&quot;1&quot;}\" data-image-title=\"2015-09-27 08.58.32\" data-image-description=\"\" data-image-caption=\"\" data-medium-file=\"https:\/\/i0.wp.com\/fontenilles-vtt.fr\/wp\/wp-content\/uploads\/2015\/09\/2015-09-27-08.58.32.jpg?fit=300%2C169&amp;ssl=1\" data-large-file=\"https:\/\/i0.wp.com\/fontenilles-vtt.fr\/wp\/wp-content\/uploads\/2015\/09\/2015-09-27-08.58.32.jpg?fit=590%2C332&amp;ssl=1\" class=\"aligncenter size-medium wp-image-2332\" src=\"https:\/\/i0.wp.com\/fontenillesvtt.fr\/wp\/wp-content\/uploads\/2015\/09\/2015-09-27-08.58.32-300x169.jpg?resize=300%2C169\" alt=\"2015-09-27 08.58.32\" width=\"300\" height=\"169\" srcset=\"https:\/\/i0.wp.com\/fontenilles-vtt.fr\/wp\/wp-content\/uploads\/2015\/09\/2015-09-27-08.58.32.jpg?resize=300%2C169&amp;ssl=1 300w, https:\/\/i0.wp.com\/fontenilles-vtt.fr\/wp\/wp-content\/uploads\/2015\/09\/2015-09-27-08.58.32.jpg?resize=1024%2C576&amp;ssl=1 1024w, https:\/\/i0.wp.com\/fontenilles-vtt.fr\/wp\/wp-content\/uploads\/2015\/09\/2015-09-27-08.58.32.jpg?w=1180&amp;ssl=1 1180w, https:\/\/i0.wp.com\/fontenilles-vtt.fr\/wp\/wp-content\/uploads\/2015\/09\/2015-09-27-08.58.32.jpg?w=1770&amp;ssl=1 1770w\" sizes=\"(max-width: 300px) 100vw, 300px\" \/><\/a><\/p>\n<p>Un groupe est parti sur le 35 (3) le reste sur le 50km.<\/p>\n<p>Lionel en bon samaritain rate le d\u00e9part collectif pour d\u00e9panner J\u00e9r\u00f4me, et roulera finalement avec Philippe, puis ratera la bifurcation du 50 pour faire un 40 un peu l\u00e9ger.<\/p>\n<p>Parcours tr\u00e8s roulant, \u00e0 peu pr\u00eat sec, avec un bout dans les bois de Beaufort, puis dans le bois de Saint-Thomas. Quelques nouveaut\u00e9s pour les locaux que nous sommes sur Beaufort, le reste \u00e9tait plut\u00f4t standard mais bien fl\u00each\u00e9, ludique et rapide.<\/p>\n<p>400 riders au d\u00e9part, c&rsquo;est bien, et un T-Shirt, une bi\u00e8re et un sandwich \u00e0 l&rsquo;arriv\u00e9e, c&rsquo;est top\/<\/p>\n<p>Bravo les gars, on sera l\u00e0 toujours l&rsquo;an prochain.<\/p>\n<p>F\u00e9licitations \u00e0 Castor qui a fait la course \u00e0 pied apr\u00e8s le 50. Robuste le rongeur.<\/p>\n","protected":false},"excerpt":{"rendered":"<p>Proximit\u00e9 oblige, nous nous sommes d\u00e9plac\u00e9 en masse pour le raid de Saint-Lys: un record car nous etions 11. Un groupe est parti sur le 35 (3) le reste sur&#8230; <\/p>\n<div class=\"read-more\"><a href=\"https:\/\/fontenilles-vtt.fr\/wp\/?p=2331\">Lire la suite<\/a><\/div>\n","protected":false},"author":1,"featured_media":0,"comment_status":"open","ping_status":"closed","sticky":false,"template":"","format":"standard","meta":{"om_disable_all_campaigns":false,"_monsterinsights_skip_tracking":false,"_monsterinsights_sitenote_active":false,"_monsterinsights_sitenote_note":"","_monsterinsights_sitenote_category":0,"ngg_post_thumbnail":0,"jetpack_post_was_ever_published":false,"_jetpack_newsletter_access":"","_jetpack_dont_email_post_to_subs":false,"_jetpack_newsletter_tier_id":0,"_jetpack_memberships_contains_paywalled_content":false,"_jetpack_memberships_contains_paid_content":false,"footnotes":"","jetpack_publicize_message":"","jetpack_publicize_feature_enabled":true,"jetpack_social_post_already_shared":false,"jetpack_social_options":{"image_generator_settings":{"template":"highway","enabled":false},"version":2}},"categories":[4],"tags":[],"jetpack_publicize_connections":[],"aioseo_notices":[],"jetpack_featured_media_url":"","jetpack_sharing_enabled":true,"jetpack_shortlink":"https:\/\/wp.me\/p9SYmx-BB","jetpack-related-posts":[],"post_mailing_queue_ids":[],"_links":{"self":[{"href":"https:\/\/fontenilles-vtt.fr\/wp\/index.php?rest_route=\/wp\/v2\/posts\/2331"}],"collection":[{"href":"https:\/\/fontenilles-vtt.fr\/wp\/index.php?rest_route=\/wp\/v2\/posts"}],"about":[{"href":"https:\/\/fontenilles-vtt.fr\/wp\/index.php?rest_route=\/wp\/v2\/types\/post"}],"author":[{"embeddable":true,"href":"https:\/\/fontenilles-vtt.fr\/wp\/index.php?rest_route=\/wp\/v2\/users\/1"}],"replies":[{"embeddable":true,"href":"https:\/\/fontenilles-vtt.fr\/wp\/index.php?rest_route=%2Fwp%2Fv2%2Fcomments&post=2331"}],"version-history":[{"count":1,"href":"https:\/\/fontenilles-vtt.fr\/wp\/index.php?rest_route=\/wp\/v2\/posts\/2331\/revisions"}],"predecessor-version":[{"id":2333,"href":"https:\/\/fontenilles-vtt.fr\/wp\/index.php?rest_route=\/wp\/v2\/posts\/2331\/revisions\/2333"}],"wp:attachment":[{"href":"https:\/\/fontenilles-vtt.fr\/wp\/index.php?rest_route=%2Fwp%2Fv2%2Fmedia&parent=2331"}],"wp:term":[{"taxonomy":"category","embeddable":true,"href":"https:\/\/fontenilles-vtt.fr\/wp\/index.php?rest_route=%2Fwp%2Fv2%2Fcategories&post=2331"},{"taxonomy":"post_tag","embeddable":true,"href":"https:\/\/fontenilles-vtt.fr\/wp\/index.php?rest_route=%2Fwp%2Fv2%2Ftags&post=2331"}],"curies":[{"name":"wp","href":"https:\/\/api.w.org\/{rel}","templated":true}]}}