{"id":2336,"date":"2015-10-12T12:14:04","date_gmt":"2015-10-12T10:14:04","guid":{"rendered":"http:\/\/fontenillesvtt.fr\/wp\/?p=2336"},"modified":"2015-10-14T09:43:51","modified_gmt":"2015-10-14T07:43:51","slug":"les-cammazes-ou-le-roc-dazur-week-end-ideal-pour-le-vtt","status":"publish","type":"post","link":"https:\/\/fontenilles-vtt.fr\/wp\/?p=2336","title":{"rendered":"Les Cammazes ou le Roc d&rsquo;Azur, Week End id\u00e9al pour le VTT"},"content":{"rendered":"<p>Temps id\u00e9al pour le VTT ce WeekEnd, les Oranges en ont donc profit\u00e9 pour rouler vers la Montagne Noire en allant \u00e0 la rando des Cammazes pendant que CandeLolo en solitaire s&rsquo;enquillait le Roc Marathon, le Roc Famille et le Roc d&rsquo;Azur sur 3 jours. Son compte-rendu arrivera bient\u00f4t.<\/p>\n<p>Aux Cammazes, se retrouvent\u00a0donc Lolo D., Florent et Lionel. Arriv\u00e9e sur place \u00e0 8h pour un d\u00e9part group\u00e9 \u00e0 8h30 sur le 60km.<\/p>\n<p>Il fait frais mais tr\u00e8s beau. Le d\u00e9but permet d&rsquo;\u00e9taler les participants avec un peu d&rsquo;attente dans les premi\u00e8res descentes, puis commence r\u00e9ellement la rando. Florent est en grande forme malgr\u00e9 sa cuisse endolorie, Lolo essaie de suivre alors que Lionel les laisse partir pour s&rsquo;\u00e9conomiser, le but \u00e9tant d&rsquo;arriver au bout.<\/p>\n<p>Les 2 premiers 1\/3 du parcours sont tr\u00e8s roulants (16km\/h de moyenne pour Lionel). Petite boucle sur la for\u00eat de l&rsquo;aiguille puis on longe le canal pour arriver au lac gr\u00e2ce \u00e0 de jolis singles stromboscopiques (le soleil de face est aveuglant). Le panorama est superbe avec les brumes du matin qui se l\u00e8vent progressivement. Ensuite longue mais douce mont\u00e9e pour rejoindre le premier ravito, plut\u00f4t classique et sans surprise. S&rsquo;en suit une tr\u00e8s belle descente, rapide et joueuse, sans grosse difficult\u00e9 jusqu&rsquo;\u00e0 Arfont. Puis nous remontons\u00a0dans la for\u00eat toujours sur du chemin agr\u00e9able, nouvelle belle descente puis nous longeons le bassin du Lampy neuf ass\u00e9ch\u00e9. Le 2e ravito arrive au 40e km, et l\u00e0, le barman nous pr\u00e9vient que le plus dur reste \u00e0 venir.<\/p>\n<p>En effet, apr\u00e8s une longue et tr\u00e8s jolie descente en pleine for\u00eat sur des singles joueurs, nous voici au fond du vallon, et la remont\u00e9e est dure, tr\u00e8s dure: successions de portages sur des parois verticales, de courtes descentes pour remonter aussi sec. Mes jambes n&rsquo;en peuvent plus, je pousse la majorit\u00e9 du temps m\u00eame l\u00e0 o\u00f9 \u00e7a pourrait grimper avec un peu plus de fraicheur. Tous les cyclistes qui m&rsquo;accompagnent sont dans le m\u00eame \u00e9tat, \u00e7a me rassure. Enfin, j&rsquo;atteins le sommet, et peut me laisser couler de nouveau le long du canal pour rejoindre les Cammazes.<\/p>\n<p>4h d&rsquo;effort pour moi, 30 min de moins pour Florent, mais je suis heureux de l&rsquo;avoir fait, sans grosse crampe. Un sandwich nous attend \u00e0 l&rsquo;arriv\u00e9e ainsi que du pinard. Ca fait du bien.<\/p>\n<p>Le parcours \u00e9tait bien fl\u00e8ch\u00e9, joli, \u00e0 refaire sans aucun doute. Seul b\u00e9mol, quelques crois\u00e9es de routes dangereuses non signal\u00e9es car nous y sommes arriv\u00e9 un peu vite, et j&rsquo;ai failli me faire emboutir.<\/p>\n<p>Au final, 56km avec 1400m de D+ et des vttisttes heureux.<a href=\"https:\/\/i0.wp.com\/fontenillesvtt.fr\/wp\/wp-content\/uploads\/2015\/10\/339.jpg\"><img data-recalc-dims=\"1\" loading=\"lazy\" decoding=\"async\" data-attachment-id=\"2346\" data-permalink=\"https:\/\/fontenilles-vtt.fr\/wp\/?attachment_id=2346\" data-orig-file=\"https:\/\/i0.wp.com\/fontenilles-vtt.fr\/wp\/wp-content\/uploads\/2015\/10\/339.jpg?fit=2816%2C1880&amp;ssl=1\" data-orig-size=\"2816,1880\" data-comments-opened=\"1\" data-image-meta=\"{&quot;aperture&quot;:&quot;5&quot;,&quot;credit&quot;:&quot;&quot;,&quot;camera&quot;:&quot;Canon EOS 400D DIGITAL&quot;,&quot;caption&quot;:&quot;&quot;,&quot;created_timestamp&quot;:&quot;1444549185&quot;,&quot;copyright&quot;:&quot;&quot;,&quot;focal_length&quot;:&quot;48&quot;,&quot;iso&quot;:&quot;400&quot;,&quot;shutter_speed&quot;:&quot;0.01&quot;,&quot;title&quot;:&quot;&quot;,&quot;orientation&quot;:&quot;1&quot;}\" data-image-title=\"339\" data-image-description=\"\" data-image-caption=\"\" data-medium-file=\"https:\/\/i0.wp.com\/fontenilles-vtt.fr\/wp\/wp-content\/uploads\/2015\/10\/339.jpg?fit=300%2C200&amp;ssl=1\" data-large-file=\"https:\/\/i0.wp.com\/fontenilles-vtt.fr\/wp\/wp-content\/uploads\/2015\/10\/339.jpg?fit=590%2C394&amp;ssl=1\" class=\"aligncenter size-medium wp-image-2346\" src=\"https:\/\/i0.wp.com\/fontenillesvtt.fr\/wp\/wp-content\/uploads\/2015\/10\/339-300x200.jpg?resize=300%2C200\" alt=\"339\" width=\"300\" height=\"200\" srcset=\"https:\/\/i0.wp.com\/fontenilles-vtt.fr\/wp\/wp-content\/uploads\/2015\/10\/339.jpg?resize=300%2C200&amp;ssl=1 300w, https:\/\/i0.wp.com\/fontenilles-vtt.fr\/wp\/wp-content\/uploads\/2015\/10\/339.jpg?resize=1024%2C684&amp;ssl=1 1024w, https:\/\/i0.wp.com\/fontenilles-vtt.fr\/wp\/wp-content\/uploads\/2015\/10\/339.jpg?w=1180&amp;ssl=1 1180w, https:\/\/i0.wp.com\/fontenilles-vtt.fr\/wp\/wp-content\/uploads\/2015\/10\/339.jpg?w=1770&amp;ssl=1 1770w\" sizes=\"(max-width: 300px) 100vw, 300px\" \/><\/a><\/p>\n<p><a href=\"https:\/\/i0.wp.com\/fontenillesvtt.fr\/wp\/wp-content\/uploads\/2015\/10\/IMG_1421.jpg\"><img data-recalc-dims=\"1\" loading=\"lazy\" decoding=\"async\" data-attachment-id=\"2338\" data-permalink=\"https:\/\/fontenilles-vtt.fr\/wp\/?attachment_id=2338\" data-orig-file=\"https:\/\/i0.wp.com\/fontenilles-vtt.fr\/wp\/wp-content\/uploads\/2015\/10\/IMG_1421.jpg?fit=3264%2C2448&amp;ssl=1\" data-orig-size=\"3264,2448\" data-comments-opened=\"1\" data-image-meta=\"{&quot;aperture&quot;:&quot;2.4&quot;,&quot;credit&quot;:&quot;&quot;,&quot;camera&quot;:&quot;iPhone 5c&quot;,&quot;caption&quot;:&quot;&quot;,&quot;created_timestamp&quot;:&quot;1444554879&quot;,&quot;copyright&quot;:&quot;&quot;,&quot;focal_length&quot;:&quot;4.12&quot;,&quot;iso&quot;:&quot;50&quot;,&quot;shutter_speed&quot;:&quot;0.0020283975659229&quot;,&quot;title&quot;:&quot;&quot;,&quot;orientation&quot;:&quot;1&quot;}\" data-image-title=\"IMG_1421\" data-image-description=\"\" data-image-caption=\"\" data-medium-file=\"https:\/\/i0.wp.com\/fontenilles-vtt.fr\/wp\/wp-content\/uploads\/2015\/10\/IMG_1421.jpg?fit=300%2C225&amp;ssl=1\" data-large-file=\"https:\/\/i0.wp.com\/fontenilles-vtt.fr\/wp\/wp-content\/uploads\/2015\/10\/IMG_1421.jpg?fit=590%2C443&amp;ssl=1\" class=\"aligncenter size-medium wp-image-2338\" src=\"https:\/\/i0.wp.com\/fontenillesvtt.fr\/wp\/wp-content\/uploads\/2015\/10\/IMG_1421-300x225.jpg?resize=300%2C225\" alt=\"IMG_1421\" width=\"300\" height=\"225\" srcset=\"https:\/\/i0.wp.com\/fontenilles-vtt.fr\/wp\/wp-content\/uploads\/2015\/10\/IMG_1421.jpg?resize=300%2C225&amp;ssl=1 300w, https:\/\/i0.wp.com\/fontenilles-vtt.fr\/wp\/wp-content\/uploads\/2015\/10\/IMG_1421.jpg?resize=1024%2C768&amp;ssl=1 1024w, https:\/\/i0.wp.com\/fontenilles-vtt.fr\/wp\/wp-content\/uploads\/2015\/10\/IMG_1421.jpg?w=1180&amp;ssl=1 1180w, https:\/\/i0.wp.com\/fontenilles-vtt.fr\/wp\/wp-content\/uploads\/2015\/10\/IMG_1421.jpg?w=1770&amp;ssl=1 1770w\" sizes=\"(max-width: 300px) 100vw, 300px\" \/><\/a> <a href=\"https:\/\/i0.wp.com\/fontenillesvtt.fr\/wp\/wp-content\/uploads\/2015\/10\/IMG_1411.jpg\"><img data-recalc-dims=\"1\" loading=\"lazy\" decoding=\"async\" data-attachment-id=\"2339\" data-permalink=\"https:\/\/fontenilles-vtt.fr\/wp\/?attachment_id=2339\" data-orig-file=\"https:\/\/i0.wp.com\/fontenilles-vtt.fr\/wp\/wp-content\/uploads\/2015\/10\/IMG_1411.jpg?fit=3264%2C2448&amp;ssl=1\" data-orig-size=\"3264,2448\" data-comments-opened=\"1\" data-image-meta=\"{&quot;aperture&quot;:&quot;2.4&quot;,&quot;credit&quot;:&quot;&quot;,&quot;camera&quot;:&quot;iPhone 5c&quot;,&quot;caption&quot;:&quot;&quot;,&quot;created_timestamp&quot;:&quot;1444554808&quot;,&quot;copyright&quot;:&quot;&quot;,&quot;focal_length&quot;:&quot;4.12&quot;,&quot;iso&quot;:&quot;50&quot;,&quot;shutter_speed&quot;:&quot;0.00027601435274634&quot;,&quot;title&quot;:&quot;&quot;,&quot;orientation&quot;:&quot;1&quot;}\" data-image-title=\"IMG_1411\" data-image-description=\"\" data-image-caption=\"\" data-medium-file=\"https:\/\/i0.wp.com\/fontenilles-vtt.fr\/wp\/wp-content\/uploads\/2015\/10\/IMG_1411.jpg?fit=300%2C225&amp;ssl=1\" data-large-file=\"https:\/\/i0.wp.com\/fontenilles-vtt.fr\/wp\/wp-content\/uploads\/2015\/10\/IMG_1411.jpg?fit=590%2C443&amp;ssl=1\" class=\"aligncenter size-medium wp-image-2339\" src=\"https:\/\/i0.wp.com\/fontenillesvtt.fr\/wp\/wp-content\/uploads\/2015\/10\/IMG_1411-300x225.jpg?resize=300%2C225\" alt=\"IMG_1411\" width=\"300\" height=\"225\" srcset=\"https:\/\/i0.wp.com\/fontenilles-vtt.fr\/wp\/wp-content\/uploads\/2015\/10\/IMG_1411.jpg?resize=300%2C225&amp;ssl=1 300w, https:\/\/i0.wp.com\/fontenilles-vtt.fr\/wp\/wp-content\/uploads\/2015\/10\/IMG_1411.jpg?resize=1024%2C768&amp;ssl=1 1024w, https:\/\/i0.wp.com\/fontenilles-vtt.fr\/wp\/wp-content\/uploads\/2015\/10\/IMG_1411.jpg?w=1180&amp;ssl=1 1180w, https:\/\/i0.wp.com\/fontenilles-vtt.fr\/wp\/wp-content\/uploads\/2015\/10\/IMG_1411.jpg?w=1770&amp;ssl=1 1770w\" sizes=\"(max-width: 300px) 100vw, 300px\" \/><\/a> <a href=\"https:\/\/i0.wp.com\/fontenillesvtt.fr\/wp\/wp-content\/uploads\/2015\/10\/IMG_1415.jpg\"><img data-recalc-dims=\"1\" loading=\"lazy\" decoding=\"async\" data-attachment-id=\"2340\" data-permalink=\"https:\/\/fontenilles-vtt.fr\/wp\/?attachment_id=2340\" data-orig-file=\"https:\/\/i0.wp.com\/fontenilles-vtt.fr\/wp\/wp-content\/uploads\/2015\/10\/IMG_1415.jpg?fit=2448%2C3264&amp;ssl=1\" data-orig-size=\"2448,3264\" data-comments-opened=\"1\" data-image-meta=\"{&quot;aperture&quot;:&quot;2.4&quot;,&quot;credit&quot;:&quot;&quot;,&quot;camera&quot;:&quot;iPhone 5c&quot;,&quot;caption&quot;:&quot;&quot;,&quot;created_timestamp&quot;:&quot;1444554818&quot;,&quot;copyright&quot;:&quot;&quot;,&quot;focal_length&quot;:&quot;4.12&quot;,&quot;iso&quot;:&quot;50&quot;,&quot;shutter_speed&quot;:&quot;0.0012547051442911&quot;,&quot;title&quot;:&quot;&quot;,&quot;orientation&quot;:&quot;1&quot;}\" data-image-title=\"IMG_1415\" data-image-description=\"\" data-image-caption=\"\" data-medium-file=\"https:\/\/i0.wp.com\/fontenilles-vtt.fr\/wp\/wp-content\/uploads\/2015\/10\/IMG_1415.jpg?fit=180%2C240&amp;ssl=1\" data-large-file=\"https:\/\/i0.wp.com\/fontenilles-vtt.fr\/wp\/wp-content\/uploads\/2015\/10\/IMG_1415.jpg?fit=576%2C768&amp;ssl=1\" class=\"aligncenter size-medium wp-image-2340\" src=\"https:\/\/i0.wp.com\/fontenillesvtt.fr\/wp\/wp-content\/uploads\/2015\/10\/IMG_1415-180x240.jpg?resize=180%2C240\" alt=\"IMG_1415\" width=\"180\" height=\"240\" srcset=\"https:\/\/i0.wp.com\/fontenilles-vtt.fr\/wp\/wp-content\/uploads\/2015\/10\/IMG_1415.jpg?resize=180%2C240&amp;ssl=1 180w, https:\/\/i0.wp.com\/fontenilles-vtt.fr\/wp\/wp-content\/uploads\/2015\/10\/IMG_1415.jpg?resize=576%2C768&amp;ssl=1 576w, https:\/\/i0.wp.com\/fontenilles-vtt.fr\/wp\/wp-content\/uploads\/2015\/10\/IMG_1415.jpg?w=1180&amp;ssl=1 1180w, https:\/\/i0.wp.com\/fontenilles-vtt.fr\/wp\/wp-content\/uploads\/2015\/10\/IMG_1415.jpg?w=1770&amp;ssl=1 1770w\" sizes=\"(max-width: 180px) 100vw, 180px\" \/><\/a> <a href=\"https:\/\/i0.wp.com\/fontenillesvtt.fr\/wp\/wp-content\/uploads\/2015\/10\/IMG_1419.jpg\"><img data-recalc-dims=\"1\" loading=\"lazy\" decoding=\"async\" data-attachment-id=\"2342\" data-permalink=\"https:\/\/fontenilles-vtt.fr\/wp\/?attachment_id=2342\" data-orig-file=\"https:\/\/i0.wp.com\/fontenilles-vtt.fr\/wp\/wp-content\/uploads\/2015\/10\/IMG_1419.jpg?fit=3264%2C2448&amp;ssl=1\" data-orig-size=\"3264,2448\" data-comments-opened=\"1\" data-image-meta=\"{&quot;aperture&quot;:&quot;2.4&quot;,&quot;credit&quot;:&quot;&quot;,&quot;camera&quot;:&quot;iPhone 5c&quot;,&quot;caption&quot;:&quot;&quot;,&quot;created_timestamp&quot;:&quot;1444554872&quot;,&quot;copyright&quot;:&quot;&quot;,&quot;focal_length&quot;:&quot;4.12&quot;,&quot;iso&quot;:&quot;50&quot;,&quot;shutter_speed&quot;:&quot;0.0038610038610039&quot;,&quot;title&quot;:&quot;&quot;,&quot;orientation&quot;:&quot;1&quot;}\" data-image-title=\"IMG_1419\" data-image-description=\"\" data-image-caption=\"\" data-medium-file=\"https:\/\/i0.wp.com\/fontenilles-vtt.fr\/wp\/wp-content\/uploads\/2015\/10\/IMG_1419.jpg?fit=300%2C225&amp;ssl=1\" data-large-file=\"https:\/\/i0.wp.com\/fontenilles-vtt.fr\/wp\/wp-content\/uploads\/2015\/10\/IMG_1419.jpg?fit=590%2C443&amp;ssl=1\" class=\"aligncenter size-medium wp-image-2342\" src=\"https:\/\/i0.wp.com\/fontenillesvtt.fr\/wp\/wp-content\/uploads\/2015\/10\/IMG_1419-300x225.jpg?resize=300%2C225\" alt=\"IMG_1419\" width=\"300\" height=\"225\" srcset=\"https:\/\/i0.wp.com\/fontenilles-vtt.fr\/wp\/wp-content\/uploads\/2015\/10\/IMG_1419.jpg?resize=300%2C225&amp;ssl=1 300w, https:\/\/i0.wp.com\/fontenilles-vtt.fr\/wp\/wp-content\/uploads\/2015\/10\/IMG_1419.jpg?resize=1024%2C768&amp;ssl=1 1024w, https:\/\/i0.wp.com\/fontenilles-vtt.fr\/wp\/wp-content\/uploads\/2015\/10\/IMG_1419.jpg?w=1180&amp;ssl=1 1180w, https:\/\/i0.wp.com\/fontenilles-vtt.fr\/wp\/wp-content\/uploads\/2015\/10\/IMG_1419.jpg?w=1770&amp;ssl=1 1770w\" sizes=\"(max-width: 300px) 100vw, 300px\" \/><\/a> <a href=\"https:\/\/i0.wp.com\/fontenillesvtt.fr\/wp\/wp-content\/uploads\/2015\/10\/IMG_1420.jpg\"><img data-recalc-dims=\"1\" loading=\"lazy\" decoding=\"async\" data-attachment-id=\"2344\" data-permalink=\"https:\/\/fontenilles-vtt.fr\/wp\/?attachment_id=2344\" data-orig-file=\"https:\/\/i0.wp.com\/fontenilles-vtt.fr\/wp\/wp-content\/uploads\/2015\/10\/IMG_1420.jpg?fit=3264%2C2448&amp;ssl=1\" data-orig-size=\"3264,2448\" data-comments-opened=\"1\" data-image-meta=\"{&quot;aperture&quot;:&quot;2.4&quot;,&quot;credit&quot;:&quot;&quot;,&quot;camera&quot;:&quot;iPhone 5c&quot;,&quot;caption&quot;:&quot;&quot;,&quot;created_timestamp&quot;:&quot;1444554876&quot;,&quot;copyright&quot;:&quot;&quot;,&quot;focal_length&quot;:&quot;4.12&quot;,&quot;iso&quot;:&quot;50&quot;,&quot;shutter_speed&quot;:&quot;0.016666666666667&quot;,&quot;title&quot;:&quot;&quot;,&quot;orientation&quot;:&quot;1&quot;}\" data-image-title=\"IMG_1420\" data-image-description=\"\" data-image-caption=\"\" data-medium-file=\"https:\/\/i0.wp.com\/fontenilles-vtt.fr\/wp\/wp-content\/uploads\/2015\/10\/IMG_1420.jpg?fit=300%2C225&amp;ssl=1\" data-large-file=\"https:\/\/i0.wp.com\/fontenilles-vtt.fr\/wp\/wp-content\/uploads\/2015\/10\/IMG_1420.jpg?fit=590%2C443&amp;ssl=1\" class=\"aligncenter size-medium wp-image-2344\" src=\"https:\/\/i0.wp.com\/fontenillesvtt.fr\/wp\/wp-content\/uploads\/2015\/10\/IMG_1420-300x225.jpg?resize=300%2C225\" alt=\"IMG_1420\" width=\"300\" height=\"225\" srcset=\"https:\/\/i0.wp.com\/fontenilles-vtt.fr\/wp\/wp-content\/uploads\/2015\/10\/IMG_1420.jpg?resize=300%2C225&amp;ssl=1 300w, https:\/\/i0.wp.com\/fontenilles-vtt.fr\/wp\/wp-content\/uploads\/2015\/10\/IMG_1420.jpg?resize=1024%2C768&amp;ssl=1 1024w, https:\/\/i0.wp.com\/fontenilles-vtt.fr\/wp\/wp-content\/uploads\/2015\/10\/IMG_1420.jpg?w=1180&amp;ssl=1 1180w, https:\/\/i0.wp.com\/fontenilles-vtt.fr\/wp\/wp-content\/uploads\/2015\/10\/IMG_1420.jpg?w=1770&amp;ssl=1 1770w\" sizes=\"(max-width: 300px) 100vw, 300px\" \/><\/a><\/p>\n<p>&nbsp;<\/p>\n<p>&nbsp;<\/p>\n","protected":false},"excerpt":{"rendered":"<p>Temps id\u00e9al pour le VTT ce WeekEnd, les Oranges en ont donc profit\u00e9 pour rouler vers la Montagne Noire en allant \u00e0 la rando des Cammazes pendant que CandeLolo en&#8230; <\/p>\n<div class=\"read-more\"><a href=\"https:\/\/fontenilles-vtt.fr\/wp\/?p=2336\">Lire la suite<\/a><\/div>\n","protected":false},"author":1,"featured_media":0,"comment_status":"open","ping_status":"closed","sticky":false,"template":"","format":"standard","meta":{"om_disable_all_campaigns":false,"_monsterinsights_skip_tracking":false,"_monsterinsights_sitenote_active":false,"_monsterinsights_sitenote_note":"","_monsterinsights_sitenote_category":0,"ngg_post_thumbnail":0,"jetpack_post_was_ever_published":false,"_jetpack_newsletter_access":"","_jetpack_dont_email_post_to_subs":false,"_jetpack_newsletter_tier_id":0,"_jetpack_memberships_contains_paywalled_content":false,"_jetpack_memberships_contains_paid_content":false,"footnotes":"","jetpack_publicize_message":"","jetpack_publicize_feature_enabled":true,"jetpack_social_post_already_shared":false,"jetpack_social_options":{"image_generator_settings":{"template":"highway","enabled":false},"version":2}},"categories":[4],"tags":[],"jetpack_publicize_connections":[],"aioseo_notices":[],"jetpack_featured_media_url":"","jetpack_sharing_enabled":true,"jetpack_shortlink":"https:\/\/wp.me\/p9SYmx-BG","jetpack-related-posts":[],"post_mailing_queue_ids":[],"_links":{"self":[{"href":"https:\/\/fontenilles-vtt.fr\/wp\/index.php?rest_route=\/wp\/v2\/posts\/2336"}],"collection":[{"href":"https:\/\/fontenilles-vtt.fr\/wp\/index.php?rest_route=\/wp\/v2\/posts"}],"about":[{"href":"https:\/\/fontenilles-vtt.fr\/wp\/index.php?rest_route=\/wp\/v2\/types\/post"}],"author":[{"embeddable":true,"href":"https:\/\/fontenilles-vtt.fr\/wp\/index.php?rest_route=\/wp\/v2\/users\/1"}],"replies":[{"embeddable":true,"href":"https:\/\/fontenilles-vtt.fr\/wp\/index.php?rest_route=%2Fwp%2Fv2%2Fcomments&post=2336"}],"version-history":[{"count":4,"href":"https:\/\/fontenilles-vtt.fr\/wp\/index.php?rest_route=\/wp\/v2\/posts\/2336\/revisions"}],"predecessor-version":[{"id":2347,"href":"https:\/\/fontenilles-vtt.fr\/wp\/index.php?rest_route=\/wp\/v2\/posts\/2336\/revisions\/2347"}],"wp:attachment":[{"href":"https:\/\/fontenilles-vtt.fr\/wp\/index.php?rest_route=%2Fwp%2Fv2%2Fmedia&parent=2336"}],"wp:term":[{"taxonomy":"category","embeddable":true,"href":"https:\/\/fontenilles-vtt.fr\/wp\/index.php?rest_route=%2Fwp%2Fv2%2Fcategories&post=2336"},{"taxonomy":"post_tag","embeddable":true,"href":"https:\/\/fontenilles-vtt.fr\/wp\/index.php?rest_route=%2Fwp%2Fv2%2Ftags&post=2336"}],"curies":[{"name":"wp","href":"https:\/\/api.w.org\/{rel}","templated":true}]}}