{"id":2357,"date":"2015-11-09T11:23:22","date_gmt":"2015-11-09T10:23:22","guid":{"rendered":"http:\/\/fontenillesvtt.fr\/wp\/?p=2357"},"modified":"2015-11-09T11:23:22","modified_gmt":"2015-11-09T10:23:22","slug":"de-retour-au-vert-luisant","status":"publish","type":"post","link":"https:\/\/fontenilles-vtt.fr\/wp\/?p=2357","title":{"rendered":"De retour au vert Luisant"},"content":{"rendered":"<p>Un an d\u00e9j\u00e0, et revoil\u00e0 le Vert Luisant.<\/p>\n<p>Cette fois encore, nous avons inscrit 2 \u00e9quipes de 6 avec 2 tandems (Castor et DDP, Tony et Jehan), de bons spots bricol\u00e9s ou non, un Indien (d&rsquo;Inde et UK) pour le folklore (bravo Rakesh).<\/p>\n<p>Les conditions sont id\u00e9ales, presque trop belles: il fait bon, presque chaud, le terrain est sec voire poussi\u00e9reux, tout le monde est \u00e0 l&rsquo;heure.<\/p>\n<p>De nombreux bricolages (Castor, St\u00e9ph et Lio) permettent d&rsquo;avoir un roadbook d\u00e9roulant pour un guidage optimal.<\/p>\n<p>D\u00e9part \u00e0 20h16 et 18 sur le m\u00eame parcours.<\/p>\n<p>Les \u00e9quipes roulent en solo jusqu&rsquo;au premier ravito:<\/p>\n<p>&#8211; un duo Lionel\/Florent \u00e0 la manoeuvre dans l&rsquo;\u00e9quipe 2 l&rsquo;un en lecture du Roadbook, l&rsquo;autre en mesure des distances, suivis par Lolo D, Chris, Philippe P. et Rakesh<\/p>\n<p>&#8211; les Tandems plus St\u00e9ph et son fiston pour l&rsquo;\u00e9quipe A guid\u00e9e par ddp et St\u00e9ph, et men\u00e9e aux aboiements par Castor<\/p>\n<p>La premi\u00e8re partie du parcours dans Bouconne se fait sans difficult\u00e9, guidage parfait, chemins roulants. C&rsquo;est apr\u00e8s, \u00a0une fois r\u00e9unis, que nous faisons nos premi\u00e8res erreurs. La premi\u00e8re sur un carrefour multi chemin , et nous ne prenons pas le bon. C&rsquo;est avec un peu d&rsquo;errance que nous rejoindrons le bon parcours apr\u00e8s la travers\u00e9e de la route. Deuxi\u00e8me erreur apr\u00e8s le vin chaud du deuxi\u00e8me ravito, faute de mesurage des distances, et nous patachonnons avant de retrouver la bonne vignette.<\/p>\n<p>Puis sprint final pour redescendre \u00e0 Lasserre, pas fatigu\u00e9s du tout mais contents de notre promenade nocturne men\u00e9e efficacement, avec un temps de 2h20 environ pour 25km. C&rsquo;est honorable.<\/p>\n<p>Une bonne soupe \u00e0 l&rsquo;oignon nous attend pour cl\u00f4turer l&rsquo;\u00e9v\u00e8nement puis retour aux peinates.<\/p>\n<p>Comme toujours, tr\u00e8s belle organisation, tr\u00e8s bonne ambiance avec des d\u00e9guisements de toute beaut\u00e9.<\/p>\n","protected":false},"excerpt":{"rendered":"<p>Un an d\u00e9j\u00e0, et revoil\u00e0 le Vert Luisant. Cette fois encore, nous avons inscrit 2 \u00e9quipes de 6 avec 2 tandems (Castor et DDP, Tony et Jehan), de bons spots&#8230; <\/p>\n<div class=\"read-more\"><a href=\"https:\/\/fontenilles-vtt.fr\/wp\/?p=2357\">Lire la suite<\/a><\/div>\n","protected":false},"author":1,"featured_media":0,"comment_status":"open","ping_status":"closed","sticky":false,"template":"","format":"standard","meta":{"om_disable_all_campaigns":false,"_monsterinsights_skip_tracking":false,"_monsterinsights_sitenote_active":false,"_monsterinsights_sitenote_note":"","_monsterinsights_sitenote_category":0,"ngg_post_thumbnail":0,"jetpack_post_was_ever_published":false,"_jetpack_newsletter_access":"","_jetpack_dont_email_post_to_subs":false,"_jetpack_newsletter_tier_id":0,"_jetpack_memberships_contains_paywalled_content":false,"_jetpack_memberships_contains_paid_content":false,"footnotes":"","jetpack_publicize_message":"","jetpack_publicize_feature_enabled":true,"jetpack_social_post_already_shared":false,"jetpack_social_options":{"image_generator_settings":{"template":"highway","enabled":false},"version":2}},"categories":[4],"tags":[],"jetpack_publicize_connections":[],"aioseo_notices":[],"jetpack_featured_media_url":"","jetpack_sharing_enabled":true,"jetpack_shortlink":"https:\/\/wp.me\/p9SYmx-C1","jetpack-related-posts":[],"post_mailing_queue_ids":[],"_links":{"self":[{"href":"https:\/\/fontenilles-vtt.fr\/wp\/index.php?rest_route=\/wp\/v2\/posts\/2357"}],"collection":[{"href":"https:\/\/fontenilles-vtt.fr\/wp\/index.php?rest_route=\/wp\/v2\/posts"}],"about":[{"href":"https:\/\/fontenilles-vtt.fr\/wp\/index.php?rest_route=\/wp\/v2\/types\/post"}],"author":[{"embeddable":true,"href":"https:\/\/fontenilles-vtt.fr\/wp\/index.php?rest_route=\/wp\/v2\/users\/1"}],"replies":[{"embeddable":true,"href":"https:\/\/fontenilles-vtt.fr\/wp\/index.php?rest_route=%2Fwp%2Fv2%2Fcomments&post=2357"}],"version-history":[{"count":1,"href":"https:\/\/fontenilles-vtt.fr\/wp\/index.php?rest_route=\/wp\/v2\/posts\/2357\/revisions"}],"predecessor-version":[{"id":2358,"href":"https:\/\/fontenilles-vtt.fr\/wp\/index.php?rest_route=\/wp\/v2\/posts\/2357\/revisions\/2358"}],"wp:attachment":[{"href":"https:\/\/fontenilles-vtt.fr\/wp\/index.php?rest_route=%2Fwp%2Fv2%2Fmedia&parent=2357"}],"wp:term":[{"taxonomy":"category","embeddable":true,"href":"https:\/\/fontenilles-vtt.fr\/wp\/index.php?rest_route=%2Fwp%2Fv2%2Fcategories&post=2357"},{"taxonomy":"post_tag","embeddable":true,"href":"https:\/\/fontenilles-vtt.fr\/wp\/index.php?rest_route=%2Fwp%2Fv2%2Ftags&post=2357"}],"curies":[{"name":"wp","href":"https:\/\/api.w.org\/{rel}","templated":true}]}}