{"id":2368,"date":"2015-12-01T17:00:31","date_gmt":"2015-12-01T16:00:31","guid":{"rendered":"http:\/\/fontenillesvtt.fr\/wp\/?p=2368"},"modified":"2015-12-01T17:00:31","modified_gmt":"2015-12-01T16:00:31","slug":"cause-commune-avec-vtt-escapade","status":"publish","type":"post","link":"https:\/\/fontenilles-vtt.fr\/wp\/?p=2368","title":{"rendered":"Cause commune avec VTT Escapade"},"content":{"rendered":"<p>Ce dimanche, le rendez-vous \u00e9tait donn\u00e9 au stade, 9h p\u00e9tante. Belle matin\u00e9e fraiche mais avec un soleil qui arrivera avant midi. Surprise quand j&rsquo;arrive au stade, car au lieu des 4 vttistes pr\u00e9vus, je retrouve non seulement Florent, St\u00e9phane, Martin et son pote Thierry plus Thomas, mais aussi tout un groupe de Vtt Escapade qui partait du m\u00eame endroit. Nous regroupons donc nos forces, et guid\u00e9s par St\u00e9phane, nous \u00e9lan\u00e7ons vers les c\u00f4teaux.<\/p>\n<p>Promenade assez classique d&rsquo;automne. Le sol est humide mais pas trop glissant, les feuilles mortes permettent d&rsquo;adh\u00e9rer, les collines se parent de jolis atours orang\u00e9s. Bref, bonnes conditions g\u00e9n\u00e9rales pour rouler, mais aussi pour de jolies gamelles sans danger.<\/p>\n<p>Nous visitons p\u00e8le-m\u00eale les hauts des magnolias, le GR de la voie romaine pour redescendre vers le bois de Saigu\u00e8de puis la for\u00eat de Saint Thomas pour finir par la descente de la voie romaine et rentrer par o\u00f9 nous sommes partis.<\/p>\n<p>Belle sortie de 40km pour 650m de D+. Martin et Thomas nous ont lach\u00e9s \u00e0 St Thomas pour raccompagner Thierry, mais tout le monde \u00e0 pris du plaisir, et ce fut tr\u00e8s sympa de rouler \u00e0 12 avec des partenaires nouveaux.<\/p>\n<p>A refaire<\/p>\n<p><a href=\"https:\/\/i0.wp.com\/fontenillesvtt.fr\/wp\/wp-content\/uploads\/2015\/12\/2015-11-29-11.33.03_bis.jpg\"><img data-recalc-dims=\"1\" loading=\"lazy\" decoding=\"async\" data-attachment-id=\"2369\" data-permalink=\"https:\/\/fontenilles-vtt.fr\/wp\/?attachment_id=2369\" data-orig-file=\"https:\/\/i0.wp.com\/fontenilles-vtt.fr\/wp\/wp-content\/uploads\/2015\/12\/2015-11-29-11.33.03_bis.jpg?fit=4128%2C2322&amp;ssl=1\" data-orig-size=\"4128,2322\" data-comments-opened=\"1\" data-image-meta=\"{&quot;aperture&quot;:&quot;0&quot;,&quot;credit&quot;:&quot;&quot;,&quot;camera&quot;:&quot;&quot;,&quot;caption&quot;:&quot;&quot;,&quot;created_timestamp&quot;:&quot;0&quot;,&quot;copyright&quot;:&quot;&quot;,&quot;focal_length&quot;:&quot;0&quot;,&quot;iso&quot;:&quot;0&quot;,&quot;shutter_speed&quot;:&quot;0&quot;,&quot;title&quot;:&quot;&quot;,&quot;orientation&quot;:&quot;0&quot;}\" data-image-title=\"2015-11-29 11.33.03_bis\" data-image-description=\"\" data-image-caption=\"\" data-medium-file=\"https:\/\/i0.wp.com\/fontenilles-vtt.fr\/wp\/wp-content\/uploads\/2015\/12\/2015-11-29-11.33.03_bis.jpg?fit=300%2C169&amp;ssl=1\" data-large-file=\"https:\/\/i0.wp.com\/fontenilles-vtt.fr\/wp\/wp-content\/uploads\/2015\/12\/2015-11-29-11.33.03_bis.jpg?fit=590%2C332&amp;ssl=1\" class=\"aligncenter size-medium wp-image-2369\" src=\"https:\/\/i0.wp.com\/fontenillesvtt.fr\/wp\/wp-content\/uploads\/2015\/12\/2015-11-29-11.33.03_bis-300x169.jpg?resize=300%2C169\" alt=\"2015-11-29 11.33.03_bis\" width=\"300\" height=\"169\" srcset=\"https:\/\/i0.wp.com\/fontenilles-vtt.fr\/wp\/wp-content\/uploads\/2015\/12\/2015-11-29-11.33.03_bis.jpg?resize=300%2C169&amp;ssl=1 300w, https:\/\/i0.wp.com\/fontenilles-vtt.fr\/wp\/wp-content\/uploads\/2015\/12\/2015-11-29-11.33.03_bis.jpg?resize=1024%2C576&amp;ssl=1 1024w, https:\/\/i0.wp.com\/fontenilles-vtt.fr\/wp\/wp-content\/uploads\/2015\/12\/2015-11-29-11.33.03_bis.jpg?w=1180&amp;ssl=1 1180w, https:\/\/i0.wp.com\/fontenilles-vtt.fr\/wp\/wp-content\/uploads\/2015\/12\/2015-11-29-11.33.03_bis.jpg?w=1770&amp;ssl=1 1770w\" sizes=\"(max-width: 300px) 100vw, 300px\" \/><\/a><\/p>\n","protected":false},"excerpt":{"rendered":"<p>Ce dimanche, le rendez-vous \u00e9tait donn\u00e9 au stade, 9h p\u00e9tante. Belle matin\u00e9e fraiche mais avec un soleil qui arrivera avant midi. Surprise quand j&rsquo;arrive au stade, car au lieu des&#8230; <\/p>\n<div class=\"read-more\"><a href=\"https:\/\/fontenilles-vtt.fr\/wp\/?p=2368\">Lire la suite<\/a><\/div>\n","protected":false},"author":1,"featured_media":0,"comment_status":"open","ping_status":"closed","sticky":false,"template":"","format":"standard","meta":{"om_disable_all_campaigns":false,"_monsterinsights_skip_tracking":false,"_monsterinsights_sitenote_active":false,"_monsterinsights_sitenote_note":"","_monsterinsights_sitenote_category":0,"ngg_post_thumbnail":0,"jetpack_post_was_ever_published":false,"_jetpack_newsletter_access":"","_jetpack_dont_email_post_to_subs":false,"_jetpack_newsletter_tier_id":0,"_jetpack_memberships_contains_paywalled_content":false,"_jetpack_memberships_contains_paid_content":false,"footnotes":"","jetpack_publicize_message":"","jetpack_publicize_feature_enabled":true,"jetpack_social_post_already_shared":false,"jetpack_social_options":{"image_generator_settings":{"template":"highway","enabled":false},"version":2}},"categories":[4],"tags":[],"jetpack_publicize_connections":[],"aioseo_notices":[],"jetpack_featured_media_url":"","jetpack_sharing_enabled":true,"jetpack_shortlink":"https:\/\/wp.me\/p9SYmx-Cc","jetpack-related-posts":[],"post_mailing_queue_ids":[],"_links":{"self":[{"href":"https:\/\/fontenilles-vtt.fr\/wp\/index.php?rest_route=\/wp\/v2\/posts\/2368"}],"collection":[{"href":"https:\/\/fontenilles-vtt.fr\/wp\/index.php?rest_route=\/wp\/v2\/posts"}],"about":[{"href":"https:\/\/fontenilles-vtt.fr\/wp\/index.php?rest_route=\/wp\/v2\/types\/post"}],"author":[{"embeddable":true,"href":"https:\/\/fontenilles-vtt.fr\/wp\/index.php?rest_route=\/wp\/v2\/users\/1"}],"replies":[{"embeddable":true,"href":"https:\/\/fontenilles-vtt.fr\/wp\/index.php?rest_route=%2Fwp%2Fv2%2Fcomments&post=2368"}],"version-history":[{"count":1,"href":"https:\/\/fontenilles-vtt.fr\/wp\/index.php?rest_route=\/wp\/v2\/posts\/2368\/revisions"}],"predecessor-version":[{"id":2370,"href":"https:\/\/fontenilles-vtt.fr\/wp\/index.php?rest_route=\/wp\/v2\/posts\/2368\/revisions\/2370"}],"wp:attachment":[{"href":"https:\/\/fontenilles-vtt.fr\/wp\/index.php?rest_route=%2Fwp%2Fv2%2Fmedia&parent=2368"}],"wp:term":[{"taxonomy":"category","embeddable":true,"href":"https:\/\/fontenilles-vtt.fr\/wp\/index.php?rest_route=%2Fwp%2Fv2%2Fcategories&post=2368"},{"taxonomy":"post_tag","embeddable":true,"href":"https:\/\/fontenilles-vtt.fr\/wp\/index.php?rest_route=%2Fwp%2Fv2%2Ftags&post=2368"}],"curies":[{"name":"wp","href":"https:\/\/api.w.org\/{rel}","templated":true}]}}