{"id":2372,"date":"2015-12-06T19:45:18","date_gmt":"2015-12-06T18:45:18","guid":{"rendered":"http:\/\/fontenillesvtt.fr\/wp\/?p=2372"},"modified":"2015-12-06T19:45:18","modified_gmt":"2015-12-06T18:45:18","slug":"le-telethon-a-cahuzac-sur-veze","status":"publish","type":"post","link":"https:\/\/fontenilles-vtt.fr\/wp\/?p=2372","title":{"rendered":"Le T\u00e9l\u00e9thon \u00e0 Cahuzac sur V\u00e8ze"},"content":{"rendered":"<p>Pour ce Week-End du T\u00e9l\u00e9thon, nous avons d\u00e9cid\u00e9 de nous rendre dans le Tarn, \u00e0 Cahuzac.<\/p>\n<p>2 voitures, 5 VTTistes dont 2 grands nouveaux: Bastien et Martin, chaperonn\u00e9s par Florent, Lionel et St\u00e9ph.<\/p>\n<p>Nous nous sommes donc rendus l\u00e0-bas \u00e0 8h30 pour un d\u00e9part \u00e0 9h group\u00e9. L&rsquo;affluence \u00e9tait belle en cette matin\u00e9e encore fra\u00eeche mais prometteuse car ensoleill\u00e9e (pr\u00e8s de 300 personnes).<\/p>\n<p>Le d\u00e9part est lanc\u00e9 en trombe par M. le maire, puis nous entamons le circuit du 45 km. Le paysage est compos\u00e9 de collines et champs ou petits bois. Les chemins emprunt\u00e9s seront tout du long assez roulants, \u00e0 peine collants. Si le froid nous a saisi au d\u00e9but, il a vite \u00e9t\u00e9 remplac\u00e9 par la chaleur le long des c\u00f4teaux. Le d\u00e9nivel\u00e9 le plus rude arrive d\u00e8s le d\u00e9but, au grand dam de Bastien qui peine \u00e0 suivre, manquant d&rsquo;entrainement. Lionel l&rsquo;accompagne un bout de chemin, puis lorsque les jambes faiblissent, Bastien bifurque sur le 20km juste apr\u00e8s le ravito (bien fourni d&rsquo;ailleurs, avec vin, saucisson et beignets). Lionel par alors \u00e0 la poursuite de Martin pendant que Flo et Steph sont d\u00e9j\u00e0 loin. Martin rejoint, nous finiront \u00e0 2 le 45km malgr\u00e9 une tentative avort\u00e9e de Martin pour bifurquer sur le 40km. Mais la fin est tr\u00e8s roulante, et s&rsquo;avale sans difficult\u00e9s malgr\u00e9 quelques d\u00e9buts de crampes.<\/p>\n<p>A l&rsquo;arriv\u00e9e, nous retrouvons donc tout le monde, ainsi qu&rsquo;une belle assiette avec petit sandwich, frites, soupe \u00e0 l&rsquo;oignon et vin \u00e0 volont\u00e9.<\/p>\n<p>Au final, 43km avec 650m de D+, et une jolie promenade ensoleill\u00e9e au profit du T\u00e9l\u00e9thon.<\/p>\n","protected":false},"excerpt":{"rendered":"<p>Pour ce Week-End du T\u00e9l\u00e9thon, nous avons d\u00e9cid\u00e9 de nous rendre dans le Tarn, \u00e0 Cahuzac. 2 voitures, 5 VTTistes dont 2 grands nouveaux: Bastien et Martin, chaperonn\u00e9s par Florent,&#8230; <\/p>\n<div class=\"read-more\"><a href=\"https:\/\/fontenilles-vtt.fr\/wp\/?p=2372\">Lire la suite<\/a><\/div>\n","protected":false},"author":1,"featured_media":0,"comment_status":"open","ping_status":"closed","sticky":false,"template":"","format":"standard","meta":{"om_disable_all_campaigns":false,"_monsterinsights_skip_tracking":false,"_monsterinsights_sitenote_active":false,"_monsterinsights_sitenote_note":"","_monsterinsights_sitenote_category":0,"ngg_post_thumbnail":0,"jetpack_post_was_ever_published":false,"_jetpack_newsletter_access":"","_jetpack_dont_email_post_to_subs":false,"_jetpack_newsletter_tier_id":0,"_jetpack_memberships_contains_paywalled_content":false,"_jetpack_memberships_contains_paid_content":false,"footnotes":"","jetpack_publicize_message":"","jetpack_publicize_feature_enabled":true,"jetpack_social_post_already_shared":false,"jetpack_social_options":{"image_generator_settings":{"template":"highway","enabled":false},"version":2}},"categories":[4],"tags":[],"jetpack_publicize_connections":[],"aioseo_notices":[],"jetpack_featured_media_url":"","jetpack_sharing_enabled":true,"jetpack_shortlink":"https:\/\/wp.me\/p9SYmx-Cg","jetpack-related-posts":[],"post_mailing_queue_ids":[],"_links":{"self":[{"href":"https:\/\/fontenilles-vtt.fr\/wp\/index.php?rest_route=\/wp\/v2\/posts\/2372"}],"collection":[{"href":"https:\/\/fontenilles-vtt.fr\/wp\/index.php?rest_route=\/wp\/v2\/posts"}],"about":[{"href":"https:\/\/fontenilles-vtt.fr\/wp\/index.php?rest_route=\/wp\/v2\/types\/post"}],"author":[{"embeddable":true,"href":"https:\/\/fontenilles-vtt.fr\/wp\/index.php?rest_route=\/wp\/v2\/users\/1"}],"replies":[{"embeddable":true,"href":"https:\/\/fontenilles-vtt.fr\/wp\/index.php?rest_route=%2Fwp%2Fv2%2Fcomments&post=2372"}],"version-history":[{"count":1,"href":"https:\/\/fontenilles-vtt.fr\/wp\/index.php?rest_route=\/wp\/v2\/posts\/2372\/revisions"}],"predecessor-version":[{"id":2373,"href":"https:\/\/fontenilles-vtt.fr\/wp\/index.php?rest_route=\/wp\/v2\/posts\/2372\/revisions\/2373"}],"wp:attachment":[{"href":"https:\/\/fontenilles-vtt.fr\/wp\/index.php?rest_route=%2Fwp%2Fv2%2Fmedia&parent=2372"}],"wp:term":[{"taxonomy":"category","embeddable":true,"href":"https:\/\/fontenilles-vtt.fr\/wp\/index.php?rest_route=%2Fwp%2Fv2%2Fcategories&post=2372"},{"taxonomy":"post_tag","embeddable":true,"href":"https:\/\/fontenilles-vtt.fr\/wp\/index.php?rest_route=%2Fwp%2Fv2%2Ftags&post=2372"}],"curies":[{"name":"wp","href":"https:\/\/api.w.org\/{rel}","templated":true}]}}