{"id":2386,"date":"2016-01-13T13:28:38","date_gmt":"2016-01-13T12:28:38","guid":{"rendered":"http:\/\/fontenillesvtt.fr\/wp\/?p=2386"},"modified":"2016-01-13T13:28:38","modified_gmt":"2016-01-13T12:28:38","slug":"randonnees-vtt-en-finistere","status":"publish","type":"post","link":"https:\/\/fontenilles-vtt.fr\/wp\/?p=2386","title":{"rendered":"Randonn\u00e9es vtt en Finist\u00e8re."},"content":{"rendered":"<p>Me voici de nouveau, en Bretagne afin de passer les f\u00eates de fin d&rsquo;ann\u00e9e dans ma belle famille.<\/p>\n<p>Comme il se doit, je suis parti avec mon vtt, et avec la ferme intention de faire quelques ballades.<\/p>\n<p>L&rsquo;\u00e9t\u00e9 dernier a \u00e9t\u00e9 d&rsquo;ailleurs tr\u00e8s riche, puisque j&rsquo;ai pu comptabiliser 5 randonn\u00e9es et presque 300 km au compteur.<\/p>\n<p>Cette fois ci, il m&rsquo;a fallut \u00eatre patient et rus\u00e9 pour passer entre les nuages.<\/p>\n<p>Ma premi\u00e8re sortie se passe ce lundi 21\/12, tr\u00e8s attendue dans la perspective de dig\u00e9rer les exc\u00e8s du WE Breton. Je parts donc avec l&rsquo;intention de rouler sur le sentier c\u00f4tier d\u00e9j\u00e0 fait cet \u00e9t\u00e9, mais en sens contraire. Le temps est clair au lev\u00e9 du jour qui se l\u00e8ve tard; il ne fait pas jour avant 9h00 dans le plein ouest. Peu de nuages dans le ciel, et une pluie attendue normalement dans l&rsquo;apr\u00e8s-midi. J&rsquo;arrive donc sur la rade de Brest par le port de St Anne. Le vent y est tr\u00e8s fort et surtout de face. Je d\u00e9cide donc de modifier mon parcours et de rentrer \u00e0 l&rsquo;int\u00e9rieur des terres pour ne pas trop subir le vent. Je m&rsquo;\u00e9loigne de plus en plus de la trace pour couper la trajectoire et je fais bien car la pluie arrive plus t\u00f4t que pr\u00e9vue. M\u00eame ici, on ne peut pas faire confiance \u00e0 la m\u00e9t\u00e9o. Les derniers KM se font sous une pluie battante. Je rentre cr\u00e9pi de boue et tremp\u00e9 apr\u00e8s 47 km et 500 m de D+.<\/p>\n<p>Un d\u00e9crassage et 2 jours plus tard, je remets \u00e7a. Ce mercredi 23\/12, je parts plein de bonnes intentions et avec le soleil, oui du soleil. Ma trace est charg\u00e9e dans mon GPS, mais je rattrape quelques v\u00e9t\u00e9tistes du club local qui vont me faire changer mon programme. Je d\u00e9cide donc de suivre la gente locale afin de d\u00e9couvrir une autre trace, mais surtout de partager un bon moment avec eux. Le terrain est toujours tr\u00e8s humide mais aussi tr\u00e8s rapide. Peu de d\u00e9nivel\u00e9 mais de la boue qui freine notre avanc\u00e9e. Au final 35 km et un petit 170 m de D+.<\/p>\n<p>Je souhaite remercier Gilbert, Pascal, Jean-Claude, Fr\u00e9d\u00e9ric et St\u00e9phane, \u00a0pour ce moment chaleureux que nous avons partag\u00e9. La rando s&rsquo;est termin\u00e9e par une bonne bi\u00e8re tr\u00e8s appr\u00e9ci\u00e9e, au sein de leur club.<\/p>\n<p>Le club s&rsquo;appelle la chouette Guil\u00e9rienne, nom tir\u00e9 de leur rando organis\u00e9e sur 24h. cette rando se fait sur une boucle ferm\u00e9e, mettant en course pas moins de 150 \u00e9quipes et plus de 1000 v\u00e9t\u00e9tistes, au mois de Mai. Je vous invite d&rsquo;ailleurs \u00e0 visiter leur site internet ci-dessous:<\/p>\n<p>http:\/\/guilersvttnature.fr\/la-chouette-guilerienne<\/p>\n<p>Ci-dessous, les traces en image de mes 2 randonn\u00e9es.<\/p>\n<p>Steph<\/p>\n<p><a href=\"https:\/\/i0.wp.com\/fontenillesvtt.fr\/wp\/wp-content\/uploads\/2016\/01\/IMG_20151223_105509.jpg\"><img data-recalc-dims=\"1\" loading=\"lazy\" decoding=\"async\" data-attachment-id=\"2392\" data-permalink=\"https:\/\/fontenilles-vtt.fr\/wp\/?attachment_id=2392\" data-orig-file=\"https:\/\/i0.wp.com\/fontenilles-vtt.fr\/wp\/wp-content\/uploads\/2016\/01\/P2.png?fit=823%2C596&amp;ssl=1\" data-orig-size=\"823,596\" data-comments-opened=\"1\" data-image-meta=\"{&quot;aperture&quot;:&quot;0&quot;,&quot;credit&quot;:&quot;&quot;,&quot;camera&quot;:&quot;&quot;,&quot;caption&quot;:&quot;&quot;,&quot;created_timestamp&quot;:&quot;0&quot;,&quot;copyright&quot;:&quot;&quot;,&quot;focal_length&quot;:&quot;0&quot;,&quot;iso&quot;:&quot;0&quot;,&quot;shutter_speed&quot;:&quot;0&quot;,&quot;title&quot;:&quot;&quot;,&quot;orientation&quot;:&quot;0&quot;}\" data-image-title=\"P2\" data-image-description=\"\" data-image-caption=\"\" data-medium-file=\"https:\/\/i0.wp.com\/fontenilles-vtt.fr\/wp\/wp-content\/uploads\/2016\/01\/P2.png?fit=300%2C217&amp;ssl=1\" data-large-file=\"https:\/\/i0.wp.com\/fontenilles-vtt.fr\/wp\/wp-content\/uploads\/2016\/01\/P2.png?fit=590%2C427&amp;ssl=1\" class=\"aligncenter size-medium wp-image-2392\" src=\"https:\/\/i0.wp.com\/fontenillesvtt.fr\/wp\/wp-content\/uploads\/2016\/01\/P2-300x217.png?resize=300%2C217\" alt=\"P2\" width=\"300\" height=\"217\" srcset=\"https:\/\/i0.wp.com\/fontenilles-vtt.fr\/wp\/wp-content\/uploads\/2016\/01\/P2.png?resize=300%2C217&amp;ssl=1 300w, https:\/\/i0.wp.com\/fontenilles-vtt.fr\/wp\/wp-content\/uploads\/2016\/01\/P2.png?w=823&amp;ssl=1 823w\" sizes=\"(max-width: 300px) 100vw, 300px\" \/><\/a><a href=\"https:\/\/i0.wp.com\/fontenillesvtt.fr\/wp\/wp-content\/uploads\/2016\/01\/P1.png\"><img data-recalc-dims=\"1\" loading=\"lazy\" decoding=\"async\" data-attachment-id=\"2391\" data-permalink=\"https:\/\/fontenilles-vtt.fr\/wp\/?attachment_id=2391\" data-orig-file=\"https:\/\/i0.wp.com\/fontenilles-vtt.fr\/wp\/wp-content\/uploads\/2016\/01\/P1.png?fit=647%2C565&amp;ssl=1\" data-orig-size=\"647,565\" data-comments-opened=\"1\" data-image-meta=\"{&quot;aperture&quot;:&quot;0&quot;,&quot;credit&quot;:&quot;&quot;,&quot;camera&quot;:&quot;&quot;,&quot;caption&quot;:&quot;&quot;,&quot;created_timestamp&quot;:&quot;0&quot;,&quot;copyright&quot;:&quot;&quot;,&quot;focal_length&quot;:&quot;0&quot;,&quot;iso&quot;:&quot;0&quot;,&quot;shutter_speed&quot;:&quot;0&quot;,&quot;title&quot;:&quot;&quot;,&quot;orientation&quot;:&quot;0&quot;}\" data-image-title=\"P1\" data-image-description=\"\" data-image-caption=\"\" data-medium-file=\"https:\/\/i0.wp.com\/fontenilles-vtt.fr\/wp\/wp-content\/uploads\/2016\/01\/P1.png?fit=275%2C240&amp;ssl=1\" data-large-file=\"https:\/\/i0.wp.com\/fontenilles-vtt.fr\/wp\/wp-content\/uploads\/2016\/01\/P1.png?fit=590%2C515&amp;ssl=1\" class=\"aligncenter size-medium wp-image-2391\" src=\"https:\/\/i0.wp.com\/fontenillesvtt.fr\/wp\/wp-content\/uploads\/2016\/01\/P1-275x240.png?resize=275%2C240\" alt=\"P1\" width=\"275\" height=\"240\" srcset=\"https:\/\/i0.wp.com\/fontenilles-vtt.fr\/wp\/wp-content\/uploads\/2016\/01\/P1.png?resize=275%2C240&amp;ssl=1 275w, https:\/\/i0.wp.com\/fontenilles-vtt.fr\/wp\/wp-content\/uploads\/2016\/01\/P1.png?w=647&amp;ssl=1 647w\" sizes=\"(max-width: 275px) 100vw, 275px\" \/><\/a><a href=\"https:\/\/i0.wp.com\/fontenillesvtt.fr\/wp\/wp-content\/uploads\/2016\/01\/IMG_20151223_105509.jpg\"> <img data-recalc-dims=\"1\" loading=\"lazy\" decoding=\"async\" data-attachment-id=\"2388\" data-permalink=\"https:\/\/fontenilles-vtt.fr\/wp\/?attachment_id=2388\" data-orig-file=\"https:\/\/i0.wp.com\/fontenilles-vtt.fr\/wp\/wp-content\/uploads\/2016\/01\/IMG_20151223_105509.jpg?fit=3328%2C1872&amp;ssl=1\" data-orig-size=\"3328,1872\" data-comments-opened=\"1\" data-image-meta=\"{&quot;aperture&quot;:&quot;2&quot;,&quot;credit&quot;:&quot;&quot;,&quot;camera&quot;:&quot;DARKNIGHT&quot;,&quot;caption&quot;:&quot;&quot;,&quot;created_timestamp&quot;:&quot;1450868109&quot;,&quot;copyright&quot;:&quot;&quot;,&quot;focal_length&quot;:&quot;3.5&quot;,&quot;iso&quot;:&quot;58&quot;,&quot;shutter_speed&quot;:&quot;0.00651&quot;,&quot;title&quot;:&quot;&quot;,&quot;orientation&quot;:&quot;1&quot;}\" data-image-title=\"IMG_20151223_105509\" data-image-description=\"\" data-image-caption=\"\" data-medium-file=\"https:\/\/i0.wp.com\/fontenilles-vtt.fr\/wp\/wp-content\/uploads\/2016\/01\/IMG_20151223_105509.jpg?fit=300%2C169&amp;ssl=1\" data-large-file=\"https:\/\/i0.wp.com\/fontenilles-vtt.fr\/wp\/wp-content\/uploads\/2016\/01\/IMG_20151223_105509.jpg?fit=590%2C332&amp;ssl=1\" class=\"aligncenter size-medium wp-image-2388\" src=\"https:\/\/i0.wp.com\/fontenillesvtt.fr\/wp\/wp-content\/uploads\/2016\/01\/IMG_20151223_105509-300x169.jpg?resize=300%2C169\" alt=\"IMG_20151223_105509\" width=\"300\" height=\"169\" srcset=\"https:\/\/i0.wp.com\/fontenilles-vtt.fr\/wp\/wp-content\/uploads\/2016\/01\/IMG_20151223_105509.jpg?resize=300%2C169&amp;ssl=1 300w, https:\/\/i0.wp.com\/fontenilles-vtt.fr\/wp\/wp-content\/uploads\/2016\/01\/IMG_20151223_105509.jpg?resize=1024%2C576&amp;ssl=1 1024w, https:\/\/i0.wp.com\/fontenilles-vtt.fr\/wp\/wp-content\/uploads\/2016\/01\/IMG_20151223_105509.jpg?w=1180&amp;ssl=1 1180w, https:\/\/i0.wp.com\/fontenilles-vtt.fr\/wp\/wp-content\/uploads\/2016\/01\/IMG_20151223_105509.jpg?w=1770&amp;ssl=1 1770w\" sizes=\"(max-width: 300px) 100vw, 300px\" \/><\/a> <a href=\"http:\/\/fontenillesvtt.fr\/wp\/wp-content\/uploads\/2016\/01\/P1.png\"><br \/>\n<\/a><a href=\"https:\/\/i0.wp.com\/fontenillesvtt.fr\/wp\/wp-content\/uploads\/2016\/01\/IMG_20151223_111851.jpg\"><img data-recalc-dims=\"1\" loading=\"lazy\" decoding=\"async\" data-attachment-id=\"2389\" data-permalink=\"https:\/\/fontenilles-vtt.fr\/wp\/?attachment_id=2389\" data-orig-file=\"https:\/\/i0.wp.com\/fontenilles-vtt.fr\/wp\/wp-content\/uploads\/2016\/01\/IMG_20151223_111851.jpg?fit=3328%2C1872&amp;ssl=1\" data-orig-size=\"3328,1872\" data-comments-opened=\"1\" data-image-meta=\"{&quot;aperture&quot;:&quot;2&quot;,&quot;credit&quot;:&quot;&quot;,&quot;camera&quot;:&quot;DARKNIGHT&quot;,&quot;caption&quot;:&quot;&quot;,&quot;created_timestamp&quot;:&quot;1450869531&quot;,&quot;copyright&quot;:&quot;&quot;,&quot;focal_length&quot;:&quot;3.5&quot;,&quot;iso&quot;:&quot;72&quot;,&quot;shutter_speed&quot;:&quot;0.030002&quot;,&quot;title&quot;:&quot;&quot;,&quot;orientation&quot;:&quot;1&quot;}\" data-image-title=\"IMG_20151223_111851\" data-image-description=\"\" data-image-caption=\"\" data-medium-file=\"https:\/\/i0.wp.com\/fontenilles-vtt.fr\/wp\/wp-content\/uploads\/2016\/01\/IMG_20151223_111851.jpg?fit=300%2C169&amp;ssl=1\" data-large-file=\"https:\/\/i0.wp.com\/fontenilles-vtt.fr\/wp\/wp-content\/uploads\/2016\/01\/IMG_20151223_111851.jpg?fit=590%2C332&amp;ssl=1\" class=\"aligncenter size-medium wp-image-2389\" src=\"https:\/\/i0.wp.com\/fontenillesvtt.fr\/wp\/wp-content\/uploads\/2016\/01\/IMG_20151223_111851-300x169.jpg?resize=300%2C169\" alt=\"IMG_20151223_111851\" width=\"300\" height=\"169\" srcset=\"https:\/\/i0.wp.com\/fontenilles-vtt.fr\/wp\/wp-content\/uploads\/2016\/01\/IMG_20151223_111851.jpg?resize=300%2C169&amp;ssl=1 300w, https:\/\/i0.wp.com\/fontenilles-vtt.fr\/wp\/wp-content\/uploads\/2016\/01\/IMG_20151223_111851.jpg?resize=1024%2C576&amp;ssl=1 1024w, https:\/\/i0.wp.com\/fontenilles-vtt.fr\/wp\/wp-content\/uploads\/2016\/01\/IMG_20151223_111851.jpg?w=1180&amp;ssl=1 1180w, https:\/\/i0.wp.com\/fontenilles-vtt.fr\/wp\/wp-content\/uploads\/2016\/01\/IMG_20151223_111851.jpg?w=1770&amp;ssl=1 1770w\" sizes=\"(max-width: 300px) 100vw, 300px\" \/><\/a> <a href=\"https:\/\/i0.wp.com\/fontenillesvtt.fr\/wp\/wp-content\/uploads\/2016\/01\/IMG_20151223_111913.jpg\"><img data-recalc-dims=\"1\" loading=\"lazy\" decoding=\"async\" data-attachment-id=\"2390\" data-permalink=\"https:\/\/fontenilles-vtt.fr\/wp\/?attachment_id=2390\" data-orig-file=\"https:\/\/i0.wp.com\/fontenilles-vtt.fr\/wp\/wp-content\/uploads\/2016\/01\/IMG_20151223_111913.jpg?fit=3328%2C1872&amp;ssl=1\" data-orig-size=\"3328,1872\" data-comments-opened=\"1\" data-image-meta=\"{&quot;aperture&quot;:&quot;2&quot;,&quot;credit&quot;:&quot;&quot;,&quot;camera&quot;:&quot;DARKNIGHT&quot;,&quot;caption&quot;:&quot;&quot;,&quot;created_timestamp&quot;:&quot;1450869553&quot;,&quot;copyright&quot;:&quot;&quot;,&quot;focal_length&quot;:&quot;3.5&quot;,&quot;iso&quot;:&quot;77&quot;,&quot;shutter_speed&quot;:&quot;0.030002&quot;,&quot;title&quot;:&quot;&quot;,&quot;orientation&quot;:&quot;1&quot;}\" data-image-title=\"IMG_20151223_111913\" data-image-description=\"\" data-image-caption=\"\" data-medium-file=\"https:\/\/i0.wp.com\/fontenilles-vtt.fr\/wp\/wp-content\/uploads\/2016\/01\/IMG_20151223_111913.jpg?fit=300%2C169&amp;ssl=1\" data-large-file=\"https:\/\/i0.wp.com\/fontenilles-vtt.fr\/wp\/wp-content\/uploads\/2016\/01\/IMG_20151223_111913.jpg?fit=590%2C332&amp;ssl=1\" class=\"aligncenter size-medium wp-image-2390\" src=\"https:\/\/i0.wp.com\/fontenillesvtt.fr\/wp\/wp-content\/uploads\/2016\/01\/IMG_20151223_111913-300x169.jpg?resize=300%2C169\" alt=\"IMG_20151223_111913\" width=\"300\" height=\"169\" srcset=\"https:\/\/i0.wp.com\/fontenilles-vtt.fr\/wp\/wp-content\/uploads\/2016\/01\/IMG_20151223_111913.jpg?resize=300%2C169&amp;ssl=1 300w, https:\/\/i0.wp.com\/fontenilles-vtt.fr\/wp\/wp-content\/uploads\/2016\/01\/IMG_20151223_111913.jpg?resize=1024%2C576&amp;ssl=1 1024w, https:\/\/i0.wp.com\/fontenilles-vtt.fr\/wp\/wp-content\/uploads\/2016\/01\/IMG_20151223_111913.jpg?w=1180&amp;ssl=1 1180w, https:\/\/i0.wp.com\/fontenilles-vtt.fr\/wp\/wp-content\/uploads\/2016\/01\/IMG_20151223_111913.jpg?w=1770&amp;ssl=1 1770w\" sizes=\"(max-width: 300px) 100vw, 300px\" \/><\/a><\/p>\n<p>&nbsp;<\/p>\n<p>&nbsp;<\/p>\n<p>&nbsp;<\/p>\n<p>&nbsp;<\/p>\n<p>&nbsp;<\/p>\n","protected":false},"excerpt":{"rendered":"<p>Me voici de nouveau, en Bretagne afin de passer les f\u00eates de fin d&rsquo;ann\u00e9e dans ma belle famille. Comme il se doit, je suis parti avec mon vtt, et avec&#8230; <\/p>\n<div class=\"read-more\"><a href=\"https:\/\/fontenilles-vtt.fr\/wp\/?p=2386\">Lire la suite<\/a><\/div>\n","protected":false},"author":1,"featured_media":0,"comment_status":"open","ping_status":"closed","sticky":false,"template":"","format":"standard","meta":{"om_disable_all_campaigns":false,"_monsterinsights_skip_tracking":false,"_monsterinsights_sitenote_active":false,"_monsterinsights_sitenote_note":"","_monsterinsights_sitenote_category":0,"ngg_post_thumbnail":0,"jetpack_post_was_ever_published":false,"_jetpack_newsletter_access":"","_jetpack_dont_email_post_to_subs":false,"_jetpack_newsletter_tier_id":0,"_jetpack_memberships_contains_paywalled_content":false,"_jetpack_memberships_contains_paid_content":false,"footnotes":"","jetpack_publicize_message":"","jetpack_publicize_feature_enabled":true,"jetpack_social_post_already_shared":false,"jetpack_social_options":{"image_generator_settings":{"template":"highway","enabled":false},"version":2}},"categories":[4],"tags":[],"jetpack_publicize_connections":[],"aioseo_notices":[],"jetpack_featured_media_url":"","jetpack_sharing_enabled":true,"jetpack_shortlink":"https:\/\/wp.me\/p9SYmx-Cu","jetpack-related-posts":[],"post_mailing_queue_ids":[],"_links":{"self":[{"href":"https:\/\/fontenilles-vtt.fr\/wp\/index.php?rest_route=\/wp\/v2\/posts\/2386"}],"collection":[{"href":"https:\/\/fontenilles-vtt.fr\/wp\/index.php?rest_route=\/wp\/v2\/posts"}],"about":[{"href":"https:\/\/fontenilles-vtt.fr\/wp\/index.php?rest_route=\/wp\/v2\/types\/post"}],"author":[{"embeddable":true,"href":"https:\/\/fontenilles-vtt.fr\/wp\/index.php?rest_route=\/wp\/v2\/users\/1"}],"replies":[{"embeddable":true,"href":"https:\/\/fontenilles-vtt.fr\/wp\/index.php?rest_route=%2Fwp%2Fv2%2Fcomments&post=2386"}],"version-history":[{"count":1,"href":"https:\/\/fontenilles-vtt.fr\/wp\/index.php?rest_route=\/wp\/v2\/posts\/2386\/revisions"}],"predecessor-version":[{"id":2393,"href":"https:\/\/fontenilles-vtt.fr\/wp\/index.php?rest_route=\/wp\/v2\/posts\/2386\/revisions\/2393"}],"wp:attachment":[{"href":"https:\/\/fontenilles-vtt.fr\/wp\/index.php?rest_route=%2Fwp%2Fv2%2Fmedia&parent=2386"}],"wp:term":[{"taxonomy":"category","embeddable":true,"href":"https:\/\/fontenilles-vtt.fr\/wp\/index.php?rest_route=%2Fwp%2Fv2%2Fcategories&post=2386"},{"taxonomy":"post_tag","embeddable":true,"href":"https:\/\/fontenilles-vtt.fr\/wp\/index.php?rest_route=%2Fwp%2Fv2%2Ftags&post=2386"}],"curies":[{"name":"wp","href":"https:\/\/api.w.org\/{rel}","templated":true}]}}