{"id":2394,"date":"2016-01-25T09:48:40","date_gmt":"2016-01-25T08:48:40","guid":{"rendered":"http:\/\/fontenillesvtt.fr\/wp\/?p=2394"},"modified":"2016-01-31T13:25:53","modified_gmt":"2016-01-31T12:25:53","slug":"au-soleil-daragon","status":"publish","type":"post","link":"https:\/\/fontenilles-vtt.fr\/wp\/?p=2394","title":{"rendered":"Au soleil d&rsquo;Aragon, film\u00e9"},"content":{"rendered":"<div style=\"width: 480px;\" class=\"wp-video\"><!--[if lt IE 9]><script>document.createElement('video');<\/script><![endif]-->\n<video class=\"wp-video-shortcode\" id=\"video-2394-1\" width=\"480\" height=\"360\" preload=\"metadata\" controls=\"controls\"><source type=\"video\/mp4\" src=\"http:\/\/fontenillesvtt.fr\/wp\/wp-content\/uploads\/2016\/01\/aragon3.mp4?_=1\" \/><a href=\"http:\/\/fontenillesvtt.fr\/wp\/wp-content\/uploads\/2016\/01\/aragon3.mp4\">http:\/\/fontenillesvtt.fr\/wp\/wp-content\/uploads\/2016\/01\/aragon3.mp4<\/a><\/video><\/div>\n<p>En cet hiver enfin l\u00e9g\u00e8rement humide, c&rsquo;est vers les montagnes noires que la majorit\u00e9\u00a0d\u00e9cide d&rsquo;aller chercher du roulant pendant qu&rsquo;un petit groupe parcours Bouconne, qui bien que tremp\u00e9e reste praticable.<\/p>\n<p>Lolo, Steph, Flo, Thomas et ma pomme, Yoyo, nous rendons donc \u00e0 Aragon pour attaquer la boucle roulante, mais belle et \u00e9puisante, du parcours n#8 am\u00e9lior\u00e9.<\/p>\n<p>Nous voici donc partis plein nord pour une premi\u00e8re moiti\u00e9 de parcours sur chemin qui commence par rien<\/p>\n<p>moins que 600m de D+ tranquilles mais longs. Les pur sangs prennent les 1eres places pendant que Yoyo et Steph tchatchent tranquille et montent \u00e0 leur rythme. Le soleil est bien au rendez-vous, mais plus on monte, plus la fraicheur de l&rsquo;altitude se fait sentir.<\/p>\n<p>&nbsp;<\/p>\n<p><a href=\"https:\/\/i0.wp.com\/fontenillesvtt.fr\/wp\/wp-content\/uploads\/2016\/01\/IMG_1677.jpg\"><img data-recalc-dims=\"1\" loading=\"lazy\" decoding=\"async\" data-attachment-id=\"2400\" data-permalink=\"https:\/\/fontenilles-vtt.fr\/wp\/?attachment_id=2400\" data-orig-file=\"https:\/\/i0.wp.com\/fontenilles-vtt.fr\/wp\/wp-content\/uploads\/2016\/01\/IMG_1677.jpg?fit=3264%2C2448&amp;ssl=1\" data-orig-size=\"3264,2448\" data-comments-opened=\"1\" data-image-meta=\"{&quot;aperture&quot;:&quot;2.4&quot;,&quot;credit&quot;:&quot;&quot;,&quot;camera&quot;:&quot;iPhone 5c&quot;,&quot;caption&quot;:&quot;&quot;,&quot;created_timestamp&quot;:&quot;1453640544&quot;,&quot;copyright&quot;:&quot;&quot;,&quot;focal_length&quot;:&quot;4.12&quot;,&quot;iso&quot;:&quot;50&quot;,&quot;shutter_speed&quot;:&quot;0.0005350454788657&quot;,&quot;title&quot;:&quot;&quot;,&quot;orientation&quot;:&quot;1&quot;}\" data-image-title=\"IMG_1677\" data-image-description=\"\" data-image-caption=\"\" data-medium-file=\"https:\/\/i0.wp.com\/fontenilles-vtt.fr\/wp\/wp-content\/uploads\/2016\/01\/IMG_1677.jpg?fit=300%2C225&amp;ssl=1\" data-large-file=\"https:\/\/i0.wp.com\/fontenilles-vtt.fr\/wp\/wp-content\/uploads\/2016\/01\/IMG_1677.jpg?fit=590%2C443&amp;ssl=1\" class=\"aligncenter size-medium wp-image-2400\" src=\"https:\/\/i0.wp.com\/fontenillesvtt.fr\/wp\/wp-content\/uploads\/2016\/01\/IMG_1677-300x225.jpg?resize=300%2C225\" alt=\"IMG_1677\" width=\"300\" height=\"225\" srcset=\"https:\/\/i0.wp.com\/fontenilles-vtt.fr\/wp\/wp-content\/uploads\/2016\/01\/IMG_1677.jpg?resize=300%2C225&amp;ssl=1 300w, https:\/\/i0.wp.com\/fontenilles-vtt.fr\/wp\/wp-content\/uploads\/2016\/01\/IMG_1677.jpg?resize=1024%2C768&amp;ssl=1 1024w, https:\/\/i0.wp.com\/fontenilles-vtt.fr\/wp\/wp-content\/uploads\/2016\/01\/IMG_1677.jpg?w=1180&amp;ssl=1 1180w, https:\/\/i0.wp.com\/fontenilles-vtt.fr\/wp\/wp-content\/uploads\/2016\/01\/IMG_1677.jpg?w=1770&amp;ssl=1 1770w\" sizes=\"(max-width: 300px) 100vw, 300px\" \/><\/a> <a href=\"https:\/\/i0.wp.com\/fontenillesvtt.fr\/wp\/wp-content\/uploads\/2016\/01\/IMG_1679.jpg\"><img data-recalc-dims=\"1\" loading=\"lazy\" decoding=\"async\" data-attachment-id=\"2401\" data-permalink=\"https:\/\/fontenilles-vtt.fr\/wp\/?attachment_id=2401\" data-orig-file=\"https:\/\/i0.wp.com\/fontenilles-vtt.fr\/wp\/wp-content\/uploads\/2016\/01\/IMG_1679.jpg?fit=3264%2C2448&amp;ssl=1\" data-orig-size=\"3264,2448\" data-comments-opened=\"1\" data-image-meta=\"{&quot;aperture&quot;:&quot;2.4&quot;,&quot;credit&quot;:&quot;&quot;,&quot;camera&quot;:&quot;iPhone 5c&quot;,&quot;caption&quot;:&quot;&quot;,&quot;created_timestamp&quot;:&quot;1453640569&quot;,&quot;copyright&quot;:&quot;&quot;,&quot;focal_length&quot;:&quot;4.12&quot;,&quot;iso&quot;:&quot;50&quot;,&quot;shutter_speed&quot;:&quot;0.0005350454788657&quot;,&quot;title&quot;:&quot;&quot;,&quot;orientation&quot;:&quot;1&quot;}\" data-image-title=\"IMG_1679\" data-image-description=\"\" data-image-caption=\"\" data-medium-file=\"https:\/\/i0.wp.com\/fontenilles-vtt.fr\/wp\/wp-content\/uploads\/2016\/01\/IMG_1679.jpg?fit=300%2C225&amp;ssl=1\" data-large-file=\"https:\/\/i0.wp.com\/fontenilles-vtt.fr\/wp\/wp-content\/uploads\/2016\/01\/IMG_1679.jpg?fit=590%2C443&amp;ssl=1\" class=\"aligncenter size-medium wp-image-2401\" src=\"https:\/\/i0.wp.com\/fontenillesvtt.fr\/wp\/wp-content\/uploads\/2016\/01\/IMG_1679-300x225.jpg?resize=300%2C225\" alt=\"IMG_1679\" width=\"300\" height=\"225\" srcset=\"https:\/\/i0.wp.com\/fontenilles-vtt.fr\/wp\/wp-content\/uploads\/2016\/01\/IMG_1679.jpg?resize=300%2C225&amp;ssl=1 300w, https:\/\/i0.wp.com\/fontenilles-vtt.fr\/wp\/wp-content\/uploads\/2016\/01\/IMG_1679.jpg?resize=1024%2C768&amp;ssl=1 1024w, https:\/\/i0.wp.com\/fontenilles-vtt.fr\/wp\/wp-content\/uploads\/2016\/01\/IMG_1679.jpg?w=1180&amp;ssl=1 1180w, https:\/\/i0.wp.com\/fontenilles-vtt.fr\/wp\/wp-content\/uploads\/2016\/01\/IMG_1679.jpg?w=1770&amp;ssl=1 1770w\" sizes=\"(max-width: 300px) 100vw, 300px\" \/><\/a> <a href=\"https:\/\/i0.wp.com\/fontenillesvtt.fr\/wp\/wp-content\/uploads\/2016\/01\/IMG_1687.jpg\"><img data-recalc-dims=\"1\" loading=\"lazy\" decoding=\"async\" data-attachment-id=\"2402\" data-permalink=\"https:\/\/fontenilles-vtt.fr\/wp\/?attachment_id=2402\" data-orig-file=\"https:\/\/i0.wp.com\/fontenilles-vtt.fr\/wp\/wp-content\/uploads\/2016\/01\/IMG_1687.jpg?fit=3264%2C2448&amp;ssl=1\" data-orig-size=\"3264,2448\" data-comments-opened=\"1\" data-image-meta=\"{&quot;aperture&quot;:&quot;2.4&quot;,&quot;credit&quot;:&quot;&quot;,&quot;camera&quot;:&quot;iPhone 5c&quot;,&quot;caption&quot;:&quot;&quot;,&quot;created_timestamp&quot;:&quot;1453648685&quot;,&quot;copyright&quot;:&quot;&quot;,&quot;focal_length&quot;:&quot;4.12&quot;,&quot;iso&quot;:&quot;50&quot;,&quot;shutter_speed&quot;:&quot;0.0028011204481793&quot;,&quot;title&quot;:&quot;&quot;,&quot;orientation&quot;:&quot;1&quot;}\" data-image-title=\"IMG_1687\" data-image-description=\"\" data-image-caption=\"\" data-medium-file=\"https:\/\/i0.wp.com\/fontenilles-vtt.fr\/wp\/wp-content\/uploads\/2016\/01\/IMG_1687.jpg?fit=300%2C225&amp;ssl=1\" data-large-file=\"https:\/\/i0.wp.com\/fontenilles-vtt.fr\/wp\/wp-content\/uploads\/2016\/01\/IMG_1687.jpg?fit=590%2C443&amp;ssl=1\" class=\"aligncenter size-medium wp-image-2402\" src=\"https:\/\/i0.wp.com\/fontenillesvtt.fr\/wp\/wp-content\/uploads\/2016\/01\/IMG_1687-300x225.jpg?resize=300%2C225\" alt=\"IMG_1687\" width=\"300\" height=\"225\" srcset=\"https:\/\/i0.wp.com\/fontenilles-vtt.fr\/wp\/wp-content\/uploads\/2016\/01\/IMG_1687.jpg?resize=300%2C225&amp;ssl=1 300w, https:\/\/i0.wp.com\/fontenilles-vtt.fr\/wp\/wp-content\/uploads\/2016\/01\/IMG_1687.jpg?resize=1024%2C768&amp;ssl=1 1024w, https:\/\/i0.wp.com\/fontenilles-vtt.fr\/wp\/wp-content\/uploads\/2016\/01\/IMG_1687.jpg?w=1180&amp;ssl=1 1180w, https:\/\/i0.wp.com\/fontenilles-vtt.fr\/wp\/wp-content\/uploads\/2016\/01\/IMG_1687.jpg?w=1770&amp;ssl=1 1770w\" sizes=\"(max-width: 300px) 100vw, 300px\" \/><\/a> <a href=\"https:\/\/i0.wp.com\/fontenillesvtt.fr\/wp\/wp-content\/uploads\/2016\/01\/IMG_1688.jpg\"><img data-recalc-dims=\"1\" loading=\"lazy\" decoding=\"async\" data-attachment-id=\"2403\" data-permalink=\"https:\/\/fontenilles-vtt.fr\/wp\/?attachment_id=2403\" data-orig-file=\"https:\/\/i0.wp.com\/fontenilles-vtt.fr\/wp\/wp-content\/uploads\/2016\/01\/IMG_1688.jpg?fit=1280%2C960&amp;ssl=1\" data-orig-size=\"1280,960\" data-comments-opened=\"1\" data-image-meta=\"{&quot;aperture&quot;:&quot;2.4&quot;,&quot;credit&quot;:&quot;&quot;,&quot;camera&quot;:&quot;iPhone 5c&quot;,&quot;caption&quot;:&quot;&quot;,&quot;created_timestamp&quot;:&quot;1453648702&quot;,&quot;copyright&quot;:&quot;&quot;,&quot;focal_length&quot;:&quot;2.15&quot;,&quot;iso&quot;:&quot;50&quot;,&quot;shutter_speed&quot;:&quot;0.0083333333333333&quot;,&quot;title&quot;:&quot;&quot;,&quot;orientation&quot;:&quot;1&quot;}\" data-image-title=\"IMG_1688\" data-image-description=\"\" data-image-caption=\"\" data-medium-file=\"https:\/\/i0.wp.com\/fontenilles-vtt.fr\/wp\/wp-content\/uploads\/2016\/01\/IMG_1688.jpg?fit=300%2C225&amp;ssl=1\" data-large-file=\"https:\/\/i0.wp.com\/fontenilles-vtt.fr\/wp\/wp-content\/uploads\/2016\/01\/IMG_1688.jpg?fit=590%2C443&amp;ssl=1\" class=\"aligncenter size-medium wp-image-2403\" src=\"https:\/\/i0.wp.com\/fontenillesvtt.fr\/wp\/wp-content\/uploads\/2016\/01\/IMG_1688-300x225.jpg?resize=300%2C225\" alt=\"IMG_1688\" width=\"300\" height=\"225\" srcset=\"https:\/\/i0.wp.com\/fontenilles-vtt.fr\/wp\/wp-content\/uploads\/2016\/01\/IMG_1688.jpg?resize=300%2C225&amp;ssl=1 300w, https:\/\/i0.wp.com\/fontenilles-vtt.fr\/wp\/wp-content\/uploads\/2016\/01\/IMG_1688.jpg?resize=1024%2C768&amp;ssl=1 1024w, https:\/\/i0.wp.com\/fontenilles-vtt.fr\/wp\/wp-content\/uploads\/2016\/01\/IMG_1688.jpg?w=1280&amp;ssl=1 1280w, https:\/\/i0.wp.com\/fontenilles-vtt.fr\/wp\/wp-content\/uploads\/2016\/01\/IMG_1688.jpg?w=1180&amp;ssl=1 1180w\" sizes=\"(max-width: 300px) 100vw, 300px\" \/><\/a>Le chemin est en revanche bien sec pour le moment, sans surprise.<\/p>\n<p>Arriv\u00e9 au sommet, \u00e7a se corse avec la boue qui stagne sur les cr\u00eates, dont un passage \u00e9puisant car tr\u00e8s collant dans la for\u00eat. Au lac de Laprade, nous nous posons pour un pique-nique m\u00e9rit\u00e9, je commence \u00e0 fatiguer s\u00e9rieux alors que Florent retrouve des jambes et Lolo et Thomas se baladent. La pause est donc plus qu&rsquo;utile. Nous repartons dans un tr\u00e8s joli d\u00e9cors et retrouvons le froid et les sentiers empierr\u00e9s.<\/p>\n<p>&nbsp;<\/p>\n<p>Arrive enfin le parcours descendant.\u00a0Florent nous gratifie d&rsquo;une belle chute en descente dans les feuilles humides, suivi d&rsquo;un peu d&rsquo;\u00e9quilibrisme de la part de Lolo.<\/p>\n<p>Premi\u00e8re casse, Thomas cr\u00e8ve avec son tubeless, mais le liquide comble et \u00e7a repart. La GoPro sur le ventre, Lolo repart et les descentes rapides s&rsquo;enchainent, sympa, pour un final enfin ludique et joueur. On descend vite, remonte un peu, redescend, et hop, c&rsquo;est \u00e0 Steph de d\u00e9chirer son tubeless, une chambre \u00e0 air devient indispensable.<\/p>\n<p>Les derniers singles dans la for\u00eat sont tr\u00e8s divertissants, et nous voici enfin arriv\u00e9s \u00e0 Aragon apr\u00e8s 54 km et 1200 m de D+.<\/p>\n<p><a href=\"https:\/\/i0.wp.com\/fontenillesvtt.fr\/wp\/wp-content\/uploads\/2016\/01\/aragon.jpg\"><img data-recalc-dims=\"1\" loading=\"lazy\" decoding=\"async\" data-attachment-id=\"2395\" data-permalink=\"https:\/\/fontenilles-vtt.fr\/wp\/?attachment_id=2395\" data-orig-file=\"https:\/\/i0.wp.com\/fontenilles-vtt.fr\/wp\/wp-content\/uploads\/2016\/01\/aragon.jpg?fit=573%2C582&amp;ssl=1\" data-orig-size=\"573,582\" data-comments-opened=\"1\" data-image-meta=\"{&quot;aperture&quot;:&quot;0&quot;,&quot;credit&quot;:&quot;&quot;,&quot;camera&quot;:&quot;&quot;,&quot;caption&quot;:&quot;&quot;,&quot;created_timestamp&quot;:&quot;0&quot;,&quot;copyright&quot;:&quot;&quot;,&quot;focal_length&quot;:&quot;0&quot;,&quot;iso&quot;:&quot;0&quot;,&quot;shutter_speed&quot;:&quot;0&quot;,&quot;title&quot;:&quot;&quot;,&quot;orientation&quot;:&quot;0&quot;}\" data-image-title=\"aragon\" data-image-description=\"\" data-image-caption=\"\" data-medium-file=\"https:\/\/i0.wp.com\/fontenilles-vtt.fr\/wp\/wp-content\/uploads\/2016\/01\/aragon.jpg?fit=236%2C240&amp;ssl=1\" data-large-file=\"https:\/\/i0.wp.com\/fontenilles-vtt.fr\/wp\/wp-content\/uploads\/2016\/01\/aragon.jpg?fit=573%2C582&amp;ssl=1\" class=\"aligncenter size-medium wp-image-2395\" src=\"https:\/\/i0.wp.com\/fontenillesvtt.fr\/wp\/wp-content\/uploads\/2016\/01\/aragon-236x240.jpg?resize=236%2C240\" alt=\"aragon\" width=\"236\" height=\"240\" srcset=\"https:\/\/i0.wp.com\/fontenilles-vtt.fr\/wp\/wp-content\/uploads\/2016\/01\/aragon.jpg?resize=236%2C240&amp;ssl=1 236w, https:\/\/i0.wp.com\/fontenilles-vtt.fr\/wp\/wp-content\/uploads\/2016\/01\/aragon.jpg?w=573&amp;ssl=1 573w\" sizes=\"(max-width: 236px) 100vw, 236px\" \/><\/a> <a href=\"https:\/\/i0.wp.com\/fontenillesvtt.fr\/wp\/wp-content\/uploads\/2016\/01\/aragonDenivel%C3%A9.jpg\"><img data-recalc-dims=\"1\" loading=\"lazy\" decoding=\"async\" data-attachment-id=\"2396\" data-permalink=\"https:\/\/fontenilles-vtt.fr\/wp\/?attachment_id=2396\" data-orig-file=\"https:\/\/i0.wp.com\/fontenilles-vtt.fr\/wp\/wp-content\/uploads\/2016\/01\/aragonDenivel%C3%A9.jpg?fit=991%2C174&amp;ssl=1\" data-orig-size=\"991,174\" data-comments-opened=\"1\" data-image-meta=\"{&quot;aperture&quot;:&quot;0&quot;,&quot;credit&quot;:&quot;&quot;,&quot;camera&quot;:&quot;&quot;,&quot;caption&quot;:&quot;&quot;,&quot;created_timestamp&quot;:&quot;0&quot;,&quot;copyright&quot;:&quot;&quot;,&quot;focal_length&quot;:&quot;0&quot;,&quot;iso&quot;:&quot;0&quot;,&quot;shutter_speed&quot;:&quot;0&quot;,&quot;title&quot;:&quot;&quot;,&quot;orientation&quot;:&quot;0&quot;}\" data-image-title=\"aragonDenivel\u00e9\" data-image-description=\"\" data-image-caption=\"\" data-medium-file=\"https:\/\/i0.wp.com\/fontenilles-vtt.fr\/wp\/wp-content\/uploads\/2016\/01\/aragonDenivel%C3%A9.jpg?fit=300%2C53&amp;ssl=1\" data-large-file=\"https:\/\/i0.wp.com\/fontenilles-vtt.fr\/wp\/wp-content\/uploads\/2016\/01\/aragonDenivel%C3%A9.jpg?fit=590%2C104&amp;ssl=1\" class=\"aligncenter size-medium wp-image-2396\" src=\"https:\/\/i0.wp.com\/fontenillesvtt.fr\/wp\/wp-content\/uploads\/2016\/01\/aragonDenivel%C3%A9-300x53.jpg?resize=300%2C53\" alt=\"aragonDenivel\u00e9\" width=\"300\" height=\"53\" srcset=\"https:\/\/i0.wp.com\/fontenilles-vtt.fr\/wp\/wp-content\/uploads\/2016\/01\/aragonDenivel%C3%A9.jpg?resize=300%2C53&amp;ssl=1 300w, https:\/\/i0.wp.com\/fontenilles-vtt.fr\/wp\/wp-content\/uploads\/2016\/01\/aragonDenivel%C3%A9.jpg?w=991&amp;ssl=1 991w\" sizes=\"(max-width: 300px) 100vw, 300px\" \/><\/a><\/p>\n","protected":false},"excerpt":{"rendered":"<p>En cet hiver enfin l\u00e9g\u00e8rement humide, c&rsquo;est vers les montagnes noires que la majorit\u00e9\u00a0d\u00e9cide d&rsquo;aller chercher du roulant pendant qu&rsquo;un petit groupe parcours Bouconne, qui bien que tremp\u00e9e reste praticable&#8230;. <\/p>\n<div class=\"read-more\"><a href=\"https:\/\/fontenilles-vtt.fr\/wp\/?p=2394\">Lire la suite<\/a><\/div>\n","protected":false},"author":1,"featured_media":0,"comment_status":"open","ping_status":"closed","sticky":false,"template":"","format":"standard","meta":{"om_disable_all_campaigns":false,"_monsterinsights_skip_tracking":false,"_monsterinsights_sitenote_active":false,"_monsterinsights_sitenote_note":"","_monsterinsights_sitenote_category":0,"ngg_post_thumbnail":0,"jetpack_post_was_ever_published":false,"_jetpack_newsletter_access":"","_jetpack_dont_email_post_to_subs":false,"_jetpack_newsletter_tier_id":0,"_jetpack_memberships_contains_paywalled_content":false,"_jetpack_memberships_contains_paid_content":false,"footnotes":"","jetpack_publicize_message":"","jetpack_publicize_feature_enabled":true,"jetpack_social_post_already_shared":false,"jetpack_social_options":{"image_generator_settings":{"template":"highway","enabled":false},"version":2}},"categories":[4],"tags":[],"jetpack_publicize_connections":[],"aioseo_notices":[],"jetpack_featured_media_url":"","jetpack_sharing_enabled":true,"jetpack_shortlink":"https:\/\/wp.me\/p9SYmx-CC","jetpack-related-posts":[],"post_mailing_queue_ids":[],"_links":{"self":[{"href":"https:\/\/fontenilles-vtt.fr\/wp\/index.php?rest_route=\/wp\/v2\/posts\/2394"}],"collection":[{"href":"https:\/\/fontenilles-vtt.fr\/wp\/index.php?rest_route=\/wp\/v2\/posts"}],"about":[{"href":"https:\/\/fontenilles-vtt.fr\/wp\/index.php?rest_route=\/wp\/v2\/types\/post"}],"author":[{"embeddable":true,"href":"https:\/\/fontenilles-vtt.fr\/wp\/index.php?rest_route=\/wp\/v2\/users\/1"}],"replies":[{"embeddable":true,"href":"https:\/\/fontenilles-vtt.fr\/wp\/index.php?rest_route=%2Fwp%2Fv2%2Fcomments&post=2394"}],"version-history":[{"count":4,"href":"https:\/\/fontenilles-vtt.fr\/wp\/index.php?rest_route=\/wp\/v2\/posts\/2394\/revisions"}],"predecessor-version":[{"id":2406,"href":"https:\/\/fontenilles-vtt.fr\/wp\/index.php?rest_route=\/wp\/v2\/posts\/2394\/revisions\/2406"}],"wp:attachment":[{"href":"https:\/\/fontenilles-vtt.fr\/wp\/index.php?rest_route=%2Fwp%2Fv2%2Fmedia&parent=2394"}],"wp:term":[{"taxonomy":"category","embeddable":true,"href":"https:\/\/fontenilles-vtt.fr\/wp\/index.php?rest_route=%2Fwp%2Fv2%2Fcategories&post=2394"},{"taxonomy":"post_tag","embeddable":true,"href":"https:\/\/fontenilles-vtt.fr\/wp\/index.php?rest_route=%2Fwp%2Fv2%2Ftags&post=2394"}],"curies":[{"name":"wp","href":"https:\/\/api.w.org\/{rel}","templated":true}]}}