{"id":2407,"date":"2016-02-07T21:32:55","date_gmt":"2016-02-07T20:32:55","guid":{"rendered":"http:\/\/fontenillesvtt.fr\/wp\/?p=2407"},"modified":"2016-02-07T21:32:55","modified_gmt":"2016-02-07T20:32:55","slug":"retour-dans-les-coteaux-locaux","status":"publish","type":"post","link":"https:\/\/fontenilles-vtt.fr\/wp\/?p=2407","title":{"rendered":"Retour dans les coteaux locaux"},"content":{"rendered":"<p>2 sorties VTT ce week-end au programme, toutes au d\u00e9part du stade.<\/p>\n<p>Samedi apr\u00e8s-midi, nous nous sommes retrouv\u00e9s en plein soleil avec Castor (de retour) , ddp, en manque d&rsquo;entrainement, Steph, Lolo et Yoyo.<\/p>\n<p>Au programme, la mont\u00e9e derri\u00e8re les magnolias, puis grimpette vers la voie romaine par le bois de Goujon, descente dans la for\u00eat de Saigu\u00e8de, puis on part vers Saint Thomas avant un retour tranquille. Les chemins \u00e9taient impeccables, \u00e0 peine humides, et la nature riante bien que bruyante&#8230; vive les stands de tir.<\/p>\n<p>Bravo \u00e0 DDP pour son retour r\u00e9ussi.<\/p>\n<p>&nbsp;<\/p>\n<p>Le lendemain, Yoyo de nouveau retrouve Bastien, Lolo et son fils Thomas en debut d&rsquo;apr\u00e8s-midi pour un tour vers Bouconne, canyon tr\u00e8s glissant, les jeunes ont bien tenu la route et se sont montr\u00e9s de sacr\u00e9s recrues.<\/p>\n<p><a href=\"https:\/\/i0.wp.com\/fontenillesvtt.fr\/wp\/wp-content\/uploads\/2016\/02\/2016-02-07-15.13.45.jpg\"><img data-recalc-dims=\"1\" loading=\"lazy\" decoding=\"async\" data-attachment-id=\"2408\" data-permalink=\"https:\/\/fontenilles-vtt.fr\/wp\/?attachment_id=2408\" data-orig-file=\"https:\/\/i0.wp.com\/fontenilles-vtt.fr\/wp\/wp-content\/uploads\/2016\/02\/2016-02-07-15.13.45.jpg?fit=4128%2C2322&amp;ssl=1\" data-orig-size=\"4128,2322\" data-comments-opened=\"1\" data-image-meta=\"{&quot;aperture&quot;:&quot;2.2&quot;,&quot;credit&quot;:&quot;&quot;,&quot;camera&quot;:&quot;GT-I9505&quot;,&quot;caption&quot;:&quot;&quot;,&quot;created_timestamp&quot;:&quot;1454858025&quot;,&quot;copyright&quot;:&quot;&quot;,&quot;focal_length&quot;:&quot;4.2&quot;,&quot;iso&quot;:&quot;64&quot;,&quot;shutter_speed&quot;:&quot;0.01&quot;,&quot;title&quot;:&quot;&quot;,&quot;orientation&quot;:&quot;1&quot;}\" data-image-title=\"2016-02-07 15.13.45\" data-image-description=\"\" data-image-caption=\"\" data-medium-file=\"https:\/\/i0.wp.com\/fontenilles-vtt.fr\/wp\/wp-content\/uploads\/2016\/02\/2016-02-07-15.13.45.jpg?fit=300%2C169&amp;ssl=1\" data-large-file=\"https:\/\/i0.wp.com\/fontenilles-vtt.fr\/wp\/wp-content\/uploads\/2016\/02\/2016-02-07-15.13.45.jpg?fit=590%2C332&amp;ssl=1\" class=\"aligncenter size-large wp-image-2408\" src=\"https:\/\/i0.wp.com\/fontenillesvtt.fr\/wp\/wp-content\/uploads\/2016\/02\/2016-02-07-15.13.45-1024x576.jpg?resize=590%2C332\" alt=\"2016-02-07 15.13.45\" width=\"590\" height=\"332\" srcset=\"https:\/\/i0.wp.com\/fontenilles-vtt.fr\/wp\/wp-content\/uploads\/2016\/02\/2016-02-07-15.13.45.jpg?resize=1024%2C576&amp;ssl=1 1024w, https:\/\/i0.wp.com\/fontenilles-vtt.fr\/wp\/wp-content\/uploads\/2016\/02\/2016-02-07-15.13.45.jpg?resize=300%2C169&amp;ssl=1 300w, https:\/\/i0.wp.com\/fontenilles-vtt.fr\/wp\/wp-content\/uploads\/2016\/02\/2016-02-07-15.13.45.jpg?w=1180&amp;ssl=1 1180w, https:\/\/i0.wp.com\/fontenilles-vtt.fr\/wp\/wp-content\/uploads\/2016\/02\/2016-02-07-15.13.45.jpg?w=1770&amp;ssl=1 1770w\" sizes=\"(max-width: 590px) 100vw, 590px\" \/><\/a><\/p>\n","protected":false},"excerpt":{"rendered":"<p>2 sorties VTT ce week-end au programme, toutes au d\u00e9part du stade. Samedi apr\u00e8s-midi, nous nous sommes retrouv\u00e9s en plein soleil avec Castor (de retour) , ddp, en manque d&rsquo;entrainement,&#8230; <\/p>\n<div class=\"read-more\"><a href=\"https:\/\/fontenilles-vtt.fr\/wp\/?p=2407\">Lire la suite<\/a><\/div>\n","protected":false},"author":1,"featured_media":0,"comment_status":"open","ping_status":"closed","sticky":false,"template":"","format":"standard","meta":{"om_disable_all_campaigns":false,"_monsterinsights_skip_tracking":false,"_monsterinsights_sitenote_active":false,"_monsterinsights_sitenote_note":"","_monsterinsights_sitenote_category":0,"ngg_post_thumbnail":0,"jetpack_post_was_ever_published":false,"_jetpack_newsletter_access":"","_jetpack_dont_email_post_to_subs":false,"_jetpack_newsletter_tier_id":0,"_jetpack_memberships_contains_paywalled_content":false,"_jetpack_memberships_contains_paid_content":false,"footnotes":"","jetpack_publicize_message":"","jetpack_publicize_feature_enabled":true,"jetpack_social_post_already_shared":false,"jetpack_social_options":{"image_generator_settings":{"template":"highway","enabled":false},"version":2}},"categories":[4],"tags":[],"jetpack_publicize_connections":[],"aioseo_notices":[],"jetpack_featured_media_url":"","jetpack_sharing_enabled":true,"jetpack_shortlink":"https:\/\/wp.me\/p9SYmx-CP","jetpack-related-posts":[],"post_mailing_queue_ids":[],"_links":{"self":[{"href":"https:\/\/fontenilles-vtt.fr\/wp\/index.php?rest_route=\/wp\/v2\/posts\/2407"}],"collection":[{"href":"https:\/\/fontenilles-vtt.fr\/wp\/index.php?rest_route=\/wp\/v2\/posts"}],"about":[{"href":"https:\/\/fontenilles-vtt.fr\/wp\/index.php?rest_route=\/wp\/v2\/types\/post"}],"author":[{"embeddable":true,"href":"https:\/\/fontenilles-vtt.fr\/wp\/index.php?rest_route=\/wp\/v2\/users\/1"}],"replies":[{"embeddable":true,"href":"https:\/\/fontenilles-vtt.fr\/wp\/index.php?rest_route=%2Fwp%2Fv2%2Fcomments&post=2407"}],"version-history":[{"count":1,"href":"https:\/\/fontenilles-vtt.fr\/wp\/index.php?rest_route=\/wp\/v2\/posts\/2407\/revisions"}],"predecessor-version":[{"id":2409,"href":"https:\/\/fontenilles-vtt.fr\/wp\/index.php?rest_route=\/wp\/v2\/posts\/2407\/revisions\/2409"}],"wp:attachment":[{"href":"https:\/\/fontenilles-vtt.fr\/wp\/index.php?rest_route=%2Fwp%2Fv2%2Fmedia&parent=2407"}],"wp:term":[{"taxonomy":"category","embeddable":true,"href":"https:\/\/fontenilles-vtt.fr\/wp\/index.php?rest_route=%2Fwp%2Fv2%2Fcategories&post=2407"},{"taxonomy":"post_tag","embeddable":true,"href":"https:\/\/fontenilles-vtt.fr\/wp\/index.php?rest_route=%2Fwp%2Fv2%2Ftags&post=2407"}],"curies":[{"name":"wp","href":"https:\/\/api.w.org\/{rel}","templated":true}]}}