{"id":2411,"date":"2016-03-04T14:34:55","date_gmt":"2016-03-04T13:34:55","guid":{"rendered":"http:\/\/fontenillesvtt.fr\/wp\/?p=2411"},"modified":"2016-03-04T14:34:55","modified_gmt":"2016-03-04T13:34:55","slug":"dimanhce-21-fevrier-a-bouconne","status":"publish","type":"post","link":"https:\/\/fontenilles-vtt.fr\/wp\/?p=2411","title":{"rendered":"Dimanhce 21 f\u00e9vrier \u00e0 Bouconne"},"content":{"rendered":"<div>Nous \u00e9tions sept, Christophe, St\u00e9phane, Thibault, Philippe, Romaric,\u00a0Martin\u00a0et son voisin Thierry \u00a0au rendez vous au stade de fontenilles ce dimanche matin. Nous avons eu le plaisir de saluer Bruno et J\u00e9rome accompagn\u00e9s par le team escapade.<\/div>\n<div><\/div>\n<div>Au programme balade dans Bouconne que nous esp\u00e9rons pas trop boueuse. Nous prenons la direction de Pujaudran via les centres \u00e9questres pour \u00e9viter les portions les plus souples. Premi\u00e8re bonne surprise, le terrain est plus sec que pr\u00e9vu. M\u00eame le single qui m\u00e8ne \u00e0 bouconne est peu boueux ainsi que le canyon. Le rythme est plut\u00f4t tranquille car c&rsquo;est la reprise pour beaucoup . Le single de la tour du t\u00e9l\u00e9graphe est partiellement coup\u00e9 par du d\u00e9boisement. Nous arrivons au centre de loisirs o\u00f9 nous faisons une petite pause.<\/div>\n<div>Il est l&rsquo;heure de rentrer car les kilom\u00e8tres se sont accumul\u00e9s et les jambes de certains sont lourdes.<\/div>\n<div>Au final toujours aussi g\u00e9n\u00e9reux nous avons fait 40 kilom\u00e8tres au lieu des 30 pr\u00e9vus sur un terrain tout \u00e0 fait praticable mais qui a n\u00e9cessit\u00e9\u00a0 un bon lavage du v\u00e9lo.<\/div>\n<div><a href=\"https:\/\/i0.wp.com\/fontenillesvtt.fr\/wp\/wp-content\/uploads\/2016\/03\/IMG_20160221_105650.jpg\"><img data-recalc-dims=\"1\" loading=\"lazy\" decoding=\"async\" data-attachment-id=\"2412\" data-permalink=\"https:\/\/fontenilles-vtt.fr\/wp\/?attachment_id=2412\" data-orig-file=\"https:\/\/i0.wp.com\/fontenilles-vtt.fr\/wp\/wp-content\/uploads\/2016\/03\/IMG_20160221_105650.jpg?fit=768%2C1024&amp;ssl=1\" data-orig-size=\"768,1024\" data-comments-opened=\"1\" data-image-meta=\"{&quot;aperture&quot;:&quot;0&quot;,&quot;credit&quot;:&quot;&quot;,&quot;camera&quot;:&quot;&quot;,&quot;caption&quot;:&quot;&quot;,&quot;created_timestamp&quot;:&quot;0&quot;,&quot;copyright&quot;:&quot;&quot;,&quot;focal_length&quot;:&quot;0&quot;,&quot;iso&quot;:&quot;0&quot;,&quot;shutter_speed&quot;:&quot;0&quot;,&quot;title&quot;:&quot;&quot;,&quot;orientation&quot;:&quot;0&quot;}\" data-image-title=\"IMG_20160221_105650\" data-image-description=\"\" data-image-caption=\"\" data-medium-file=\"https:\/\/i0.wp.com\/fontenilles-vtt.fr\/wp\/wp-content\/uploads\/2016\/03\/IMG_20160221_105650.jpg?fit=180%2C240&amp;ssl=1\" data-large-file=\"https:\/\/i0.wp.com\/fontenilles-vtt.fr\/wp\/wp-content\/uploads\/2016\/03\/IMG_20160221_105650.jpg?fit=576%2C768&amp;ssl=1\" class=\"aligncenter size-large wp-image-2412\" src=\"https:\/\/i0.wp.com\/fontenillesvtt.fr\/wp\/wp-content\/uploads\/2016\/03\/IMG_20160221_105650-576x768.jpg?resize=576%2C768\" alt=\"IMG_20160221_105650\" width=\"576\" height=\"768\" srcset=\"https:\/\/i0.wp.com\/fontenilles-vtt.fr\/wp\/wp-content\/uploads\/2016\/03\/IMG_20160221_105650.jpg?resize=576%2C768&amp;ssl=1 576w, https:\/\/i0.wp.com\/fontenilles-vtt.fr\/wp\/wp-content\/uploads\/2016\/03\/IMG_20160221_105650.jpg?resize=180%2C240&amp;ssl=1 180w, https:\/\/i0.wp.com\/fontenilles-vtt.fr\/wp\/wp-content\/uploads\/2016\/03\/IMG_20160221_105650.jpg?w=768&amp;ssl=1 768w\" sizes=\"(max-width: 576px) 100vw, 576px\" \/><\/a> <a href=\"https:\/\/i0.wp.com\/fontenillesvtt.fr\/wp\/wp-content\/uploads\/2016\/03\/IMG_20160221_105720.jpg\"><img data-recalc-dims=\"1\" loading=\"lazy\" decoding=\"async\" data-attachment-id=\"2413\" data-permalink=\"https:\/\/fontenilles-vtt.fr\/wp\/?attachment_id=2413\" data-orig-file=\"https:\/\/i0.wp.com\/fontenilles-vtt.fr\/wp\/wp-content\/uploads\/2016\/03\/IMG_20160221_105720.jpg?fit=1280%2C720&amp;ssl=1\" data-orig-size=\"1280,720\" data-comments-opened=\"1\" data-image-meta=\"{&quot;aperture&quot;:&quot;0&quot;,&quot;credit&quot;:&quot;&quot;,&quot;camera&quot;:&quot;&quot;,&quot;caption&quot;:&quot;&quot;,&quot;created_timestamp&quot;:&quot;0&quot;,&quot;copyright&quot;:&quot;&quot;,&quot;focal_length&quot;:&quot;0&quot;,&quot;iso&quot;:&quot;0&quot;,&quot;shutter_speed&quot;:&quot;0&quot;,&quot;title&quot;:&quot;&quot;,&quot;orientation&quot;:&quot;0&quot;}\" data-image-title=\"IMG_20160221_105720\" data-image-description=\"\" data-image-caption=\"\" data-medium-file=\"https:\/\/i0.wp.com\/fontenilles-vtt.fr\/wp\/wp-content\/uploads\/2016\/03\/IMG_20160221_105720.jpg?fit=300%2C169&amp;ssl=1\" data-large-file=\"https:\/\/i0.wp.com\/fontenilles-vtt.fr\/wp\/wp-content\/uploads\/2016\/03\/IMG_20160221_105720.jpg?fit=590%2C332&amp;ssl=1\" class=\"aligncenter size-large wp-image-2413\" src=\"https:\/\/i0.wp.com\/fontenillesvtt.fr\/wp\/wp-content\/uploads\/2016\/03\/IMG_20160221_105720-1024x576.jpg?resize=590%2C332\" alt=\"IMG_20160221_105720\" width=\"590\" height=\"332\" srcset=\"https:\/\/i0.wp.com\/fontenilles-vtt.fr\/wp\/wp-content\/uploads\/2016\/03\/IMG_20160221_105720.jpg?resize=1024%2C576&amp;ssl=1 1024w, https:\/\/i0.wp.com\/fontenilles-vtt.fr\/wp\/wp-content\/uploads\/2016\/03\/IMG_20160221_105720.jpg?resize=300%2C169&amp;ssl=1 300w, https:\/\/i0.wp.com\/fontenilles-vtt.fr\/wp\/wp-content\/uploads\/2016\/03\/IMG_20160221_105720.jpg?w=1280&amp;ssl=1 1280w, https:\/\/i0.wp.com\/fontenilles-vtt.fr\/wp\/wp-content\/uploads\/2016\/03\/IMG_20160221_105720.jpg?w=1180&amp;ssl=1 1180w\" sizes=\"(max-width: 590px) 100vw, 590px\" \/><\/a> <a href=\"https:\/\/i0.wp.com\/fontenillesvtt.fr\/wp\/wp-content\/uploads\/2016\/03\/IMG_20160221_105727.jpg\"><img data-recalc-dims=\"1\" loading=\"lazy\" decoding=\"async\" data-attachment-id=\"2414\" data-permalink=\"https:\/\/fontenilles-vtt.fr\/wp\/?attachment_id=2414\" data-orig-file=\"https:\/\/i0.wp.com\/fontenilles-vtt.fr\/wp\/wp-content\/uploads\/2016\/03\/IMG_20160221_105727.jpg?fit=1280%2C720&amp;ssl=1\" data-orig-size=\"1280,720\" data-comments-opened=\"1\" data-image-meta=\"{&quot;aperture&quot;:&quot;0&quot;,&quot;credit&quot;:&quot;&quot;,&quot;camera&quot;:&quot;&quot;,&quot;caption&quot;:&quot;&quot;,&quot;created_timestamp&quot;:&quot;0&quot;,&quot;copyright&quot;:&quot;&quot;,&quot;focal_length&quot;:&quot;0&quot;,&quot;iso&quot;:&quot;0&quot;,&quot;shutter_speed&quot;:&quot;0&quot;,&quot;title&quot;:&quot;&quot;,&quot;orientation&quot;:&quot;0&quot;}\" data-image-title=\"IMG_20160221_105727\" data-image-description=\"\" data-image-caption=\"\" data-medium-file=\"https:\/\/i0.wp.com\/fontenilles-vtt.fr\/wp\/wp-content\/uploads\/2016\/03\/IMG_20160221_105727.jpg?fit=300%2C169&amp;ssl=1\" data-large-file=\"https:\/\/i0.wp.com\/fontenilles-vtt.fr\/wp\/wp-content\/uploads\/2016\/03\/IMG_20160221_105727.jpg?fit=590%2C332&amp;ssl=1\" class=\"aligncenter size-large wp-image-2414\" src=\"https:\/\/i0.wp.com\/fontenillesvtt.fr\/wp\/wp-content\/uploads\/2016\/03\/IMG_20160221_105727-1024x576.jpg?resize=590%2C332\" alt=\"IMG_20160221_105727\" width=\"590\" height=\"332\" srcset=\"https:\/\/i0.wp.com\/fontenilles-vtt.fr\/wp\/wp-content\/uploads\/2016\/03\/IMG_20160221_105727.jpg?resize=1024%2C576&amp;ssl=1 1024w, https:\/\/i0.wp.com\/fontenilles-vtt.fr\/wp\/wp-content\/uploads\/2016\/03\/IMG_20160221_105727.jpg?resize=300%2C169&amp;ssl=1 300w, https:\/\/i0.wp.com\/fontenilles-vtt.fr\/wp\/wp-content\/uploads\/2016\/03\/IMG_20160221_105727.jpg?w=1280&amp;ssl=1 1280w, https:\/\/i0.wp.com\/fontenilles-vtt.fr\/wp\/wp-content\/uploads\/2016\/03\/IMG_20160221_105727.jpg?w=1180&amp;ssl=1 1180w\" sizes=\"(max-width: 590px) 100vw, 590px\" \/><\/a> <a href=\"https:\/\/i0.wp.com\/fontenillesvtt.fr\/wp\/wp-content\/uploads\/2016\/03\/IMG_20160221_105757.jpg\"><img data-recalc-dims=\"1\" loading=\"lazy\" decoding=\"async\" data-attachment-id=\"2415\" data-permalink=\"https:\/\/fontenilles-vtt.fr\/wp\/?attachment_id=2415\" data-orig-file=\"https:\/\/i0.wp.com\/fontenilles-vtt.fr\/wp\/wp-content\/uploads\/2016\/03\/IMG_20160221_105757.jpg?fit=1280%2C720&amp;ssl=1\" data-orig-size=\"1280,720\" data-comments-opened=\"1\" data-image-meta=\"{&quot;aperture&quot;:&quot;0&quot;,&quot;credit&quot;:&quot;&quot;,&quot;camera&quot;:&quot;&quot;,&quot;caption&quot;:&quot;&quot;,&quot;created_timestamp&quot;:&quot;0&quot;,&quot;copyright&quot;:&quot;&quot;,&quot;focal_length&quot;:&quot;0&quot;,&quot;iso&quot;:&quot;0&quot;,&quot;shutter_speed&quot;:&quot;0&quot;,&quot;title&quot;:&quot;&quot;,&quot;orientation&quot;:&quot;0&quot;}\" data-image-title=\"IMG_20160221_105757\" data-image-description=\"\" data-image-caption=\"\" data-medium-file=\"https:\/\/i0.wp.com\/fontenilles-vtt.fr\/wp\/wp-content\/uploads\/2016\/03\/IMG_20160221_105757.jpg?fit=300%2C169&amp;ssl=1\" data-large-file=\"https:\/\/i0.wp.com\/fontenilles-vtt.fr\/wp\/wp-content\/uploads\/2016\/03\/IMG_20160221_105757.jpg?fit=590%2C332&amp;ssl=1\" class=\"aligncenter size-large wp-image-2415\" src=\"https:\/\/i0.wp.com\/fontenillesvtt.fr\/wp\/wp-content\/uploads\/2016\/03\/IMG_20160221_105757-1024x576.jpg?resize=590%2C332\" alt=\"IMG_20160221_105757\" width=\"590\" height=\"332\" srcset=\"https:\/\/i0.wp.com\/fontenilles-vtt.fr\/wp\/wp-content\/uploads\/2016\/03\/IMG_20160221_105757.jpg?resize=1024%2C576&amp;ssl=1 1024w, https:\/\/i0.wp.com\/fontenilles-vtt.fr\/wp\/wp-content\/uploads\/2016\/03\/IMG_20160221_105757.jpg?resize=300%2C169&amp;ssl=1 300w, https:\/\/i0.wp.com\/fontenilles-vtt.fr\/wp\/wp-content\/uploads\/2016\/03\/IMG_20160221_105757.jpg?w=1280&amp;ssl=1 1280w, https:\/\/i0.wp.com\/fontenilles-vtt.fr\/wp\/wp-content\/uploads\/2016\/03\/IMG_20160221_105757.jpg?w=1180&amp;ssl=1 1180w\" sizes=\"(max-width: 590px) 100vw, 590px\" \/><\/a> <a href=\"https:\/\/i0.wp.com\/fontenillesvtt.fr\/wp\/wp-content\/uploads\/2016\/03\/IMG_20160221_105829.jpg\"><img data-recalc-dims=\"1\" loading=\"lazy\" decoding=\"async\" data-attachment-id=\"2416\" data-permalink=\"https:\/\/fontenilles-vtt.fr\/wp\/?attachment_id=2416\" data-orig-file=\"https:\/\/i0.wp.com\/fontenilles-vtt.fr\/wp\/wp-content\/uploads\/2016\/03\/IMG_20160221_105829.jpg?fit=1280%2C720&amp;ssl=1\" data-orig-size=\"1280,720\" data-comments-opened=\"1\" data-image-meta=\"{&quot;aperture&quot;:&quot;0&quot;,&quot;credit&quot;:&quot;&quot;,&quot;camera&quot;:&quot;&quot;,&quot;caption&quot;:&quot;&quot;,&quot;created_timestamp&quot;:&quot;0&quot;,&quot;copyright&quot;:&quot;&quot;,&quot;focal_length&quot;:&quot;0&quot;,&quot;iso&quot;:&quot;0&quot;,&quot;shutter_speed&quot;:&quot;0&quot;,&quot;title&quot;:&quot;&quot;,&quot;orientation&quot;:&quot;0&quot;}\" data-image-title=\"IMG_20160221_105829\" data-image-description=\"\" data-image-caption=\"\" data-medium-file=\"https:\/\/i0.wp.com\/fontenilles-vtt.fr\/wp\/wp-content\/uploads\/2016\/03\/IMG_20160221_105829.jpg?fit=300%2C169&amp;ssl=1\" data-large-file=\"https:\/\/i0.wp.com\/fontenilles-vtt.fr\/wp\/wp-content\/uploads\/2016\/03\/IMG_20160221_105829.jpg?fit=590%2C332&amp;ssl=1\" class=\"aligncenter size-large wp-image-2416\" src=\"https:\/\/i0.wp.com\/fontenillesvtt.fr\/wp\/wp-content\/uploads\/2016\/03\/IMG_20160221_105829-1024x576.jpg?resize=590%2C332\" alt=\"IMG_20160221_105829\" width=\"590\" height=\"332\" srcset=\"https:\/\/i0.wp.com\/fontenilles-vtt.fr\/wp\/wp-content\/uploads\/2016\/03\/IMG_20160221_105829.jpg?resize=1024%2C576&amp;ssl=1 1024w, https:\/\/i0.wp.com\/fontenilles-vtt.fr\/wp\/wp-content\/uploads\/2016\/03\/IMG_20160221_105829.jpg?resize=300%2C169&amp;ssl=1 300w, https:\/\/i0.wp.com\/fontenilles-vtt.fr\/wp\/wp-content\/uploads\/2016\/03\/IMG_20160221_105829.jpg?w=1280&amp;ssl=1 1280w, https:\/\/i0.wp.com\/fontenilles-vtt.fr\/wp\/wp-content\/uploads\/2016\/03\/IMG_20160221_105829.jpg?w=1180&amp;ssl=1 1180w\" sizes=\"(max-width: 590px) 100vw, 590px\" \/><\/a><\/div>\n","protected":false},"excerpt":{"rendered":"<p>Nous \u00e9tions sept, Christophe, St\u00e9phane, Thibault, Philippe, Romaric,\u00a0Martin\u00a0et son voisin Thierry \u00a0au rendez vous au stade de fontenilles ce dimanche matin. Nous avons eu le plaisir de saluer Bruno et&#8230; <\/p>\n<div class=\"read-more\"><a href=\"https:\/\/fontenilles-vtt.fr\/wp\/?p=2411\">Lire la suite<\/a><\/div>\n","protected":false},"author":1,"featured_media":0,"comment_status":"open","ping_status":"closed","sticky":false,"template":"","format":"standard","meta":{"om_disable_all_campaigns":false,"_monsterinsights_skip_tracking":false,"_monsterinsights_sitenote_active":false,"_monsterinsights_sitenote_note":"","_monsterinsights_sitenote_category":0,"ngg_post_thumbnail":0,"jetpack_post_was_ever_published":false,"_jetpack_newsletter_access":"","_jetpack_dont_email_post_to_subs":false,"_jetpack_newsletter_tier_id":0,"_jetpack_memberships_contains_paywalled_content":false,"_jetpack_memberships_contains_paid_content":false,"footnotes":"","jetpack_publicize_message":"","jetpack_publicize_feature_enabled":true,"jetpack_social_post_already_shared":false,"jetpack_social_options":{"image_generator_settings":{"template":"highway","enabled":false},"version":2}},"categories":[4],"tags":[],"jetpack_publicize_connections":[],"aioseo_notices":[],"jetpack_featured_media_url":"","jetpack_sharing_enabled":true,"jetpack_shortlink":"https:\/\/wp.me\/p9SYmx-CT","jetpack-related-posts":[],"post_mailing_queue_ids":[],"_links":{"self":[{"href":"https:\/\/fontenilles-vtt.fr\/wp\/index.php?rest_route=\/wp\/v2\/posts\/2411"}],"collection":[{"href":"https:\/\/fontenilles-vtt.fr\/wp\/index.php?rest_route=\/wp\/v2\/posts"}],"about":[{"href":"https:\/\/fontenilles-vtt.fr\/wp\/index.php?rest_route=\/wp\/v2\/types\/post"}],"author":[{"embeddable":true,"href":"https:\/\/fontenilles-vtt.fr\/wp\/index.php?rest_route=\/wp\/v2\/users\/1"}],"replies":[{"embeddable":true,"href":"https:\/\/fontenilles-vtt.fr\/wp\/index.php?rest_route=%2Fwp%2Fv2%2Fcomments&post=2411"}],"version-history":[{"count":1,"href":"https:\/\/fontenilles-vtt.fr\/wp\/index.php?rest_route=\/wp\/v2\/posts\/2411\/revisions"}],"predecessor-version":[{"id":2417,"href":"https:\/\/fontenilles-vtt.fr\/wp\/index.php?rest_route=\/wp\/v2\/posts\/2411\/revisions\/2417"}],"wp:attachment":[{"href":"https:\/\/fontenilles-vtt.fr\/wp\/index.php?rest_route=%2Fwp%2Fv2%2Fmedia&parent=2411"}],"wp:term":[{"taxonomy":"category","embeddable":true,"href":"https:\/\/fontenilles-vtt.fr\/wp\/index.php?rest_route=%2Fwp%2Fv2%2Fcategories&post=2411"},{"taxonomy":"post_tag","embeddable":true,"href":"https:\/\/fontenilles-vtt.fr\/wp\/index.php?rest_route=%2Fwp%2Fv2%2Ftags&post=2411"}],"curies":[{"name":"wp","href":"https:\/\/api.w.org\/{rel}","templated":true}]}}