{"id":2418,"date":"2016-04-03T21:34:35","date_gmt":"2016-04-03T19:34:35","guid":{"rendered":"http:\/\/fontenillesvtt.fr\/wp\/?p=2418"},"modified":"2016-04-03T21:34:35","modified_gmt":"2016-04-03T19:34:35","slug":"bruniquel-ou-cordiolo-tout-un-programme","status":"publish","type":"post","link":"https:\/\/fontenilles-vtt.fr\/wp\/?p=2418","title":{"rendered":"Bruniquel ou Cordiolo?? Tout un programme"},"content":{"rendered":"<p>Tr\u00e8s beau dimanche ce 3 avril, avec un programme all\u00e9chant, mais que choisir.<\/p>\n<p>Christophe, Guillaume P, Romaric, Philippe P, Tony et Lionel choississent la nouveaut\u00e9 en allant d\u00e9couvrir pour nombre d&rsquo;entre eux la Cordiolo et ses terres rouges.<\/p>\n<p>Thibault, St\u00e9phane et Laurent D. choississent eux la garantie d&rsquo;une belle et dure sortie \u00e0 Bruniquel.<\/p>\n<p>Commen\u00e7ons par eux:<\/p>\n<p><strong>Rapport de Thibault d&rsquo;abord:<\/strong><\/p>\n<p>Cette ann\u00e9e, le soleil est au RDV, nous verrons plus tard que le terrain est rest\u00e9 bien humide, avec des cailloux glissants (comme \u00e0 l&rsquo;habitude) mais surtout des trous d&rsquo;eau ci et l\u00e0.<br \/>\nD\u00e8s les premiers m\u00e8tres la couleur est annonc\u00e9 : \u00e7a grimpe fort!!<br \/>\nPuis nous commen\u00e7ons par un mono trace humide et glissant, je pars a la faute sans gravit\u00e9, juste le pied \u00e0 terre.<br \/>\nOn enchaine mont\u00e9e puis grosse descente avec des pierres, la aussi tr\u00e8s humide. Ce n&rsquo;est\u00a0 pas facile de rester sur les roues.<br \/>\nJ&rsquo;arrive le premier au ravito puis on repart de nouveau ensemble dans un petit chemin boueux.<br \/>\nQuelques km apr\u00e8s je perds mes comp\u00e8re&#8230; il y a du monde et c&rsquo;est dur de d\u00e9passer.<\/p>\n<p>Je continue donc seul.<br \/>\nEnchainement de mont\u00e9es et descente\u00a0 raides ou il est difficile de trouver l&rsquo;adh\u00e9rence sur les pierres humide.<\/p>\n<p>Nous arrivons sur une tr\u00e8s longues mont\u00e9e avec de beau pourcentage puis 2eme ravito.<br \/>\nQuelque km apr\u00e8s je trouve la bifurcation du 45 et 58km, je me sens bien je continu a monter vers le 58km.<br \/>\nBelle descente puis 3eme ravito (toujours bien fourni en sal\u00e9 et sucr\u00e9).<br \/>\nIl reste 11km annonc\u00e9.<\/p>\n<p>Et l\u00e0&#8230; grosse mont\u00e9e juste apr\u00e8s le ravito je commence a fatiguer, je pose pied a terre et monte a cot\u00e9 du v\u00e9lo (pas bien \u00e7a&#8230;)<br \/>\nArriv\u00e9 en haut il y a encore de la boue&#8230;<br \/>\nPuis nous redescendons par une descente dans le m\u00eame esprit que les pr\u00e9c\u00e9dentes: de la pierre et du gros d\u00e9nivel\u00e9.<\/p>\n<p>Un peu de plat puis c&rsquo;est arriv\u00e9e, le moment de manger l&rsquo;ALIGOT!!!<\/p>\n<p>Pour conclure : une belle rando avec de jolies paysages mais exigeante physiquement et techniquement (enfin je trouve).<\/p>\n<p><em><strong>La m\u00eame vue par St\u00e9phane:<\/strong><\/em><\/p>\n<p>Nous perdons Thibault juste apr\u00e8s le 1er ravitaillement. \u00c0 cette position, nous longeons les ruisseaux bien humides en sous bois.<\/p>\n<p>Nous nous retrouvons devant un gu\u00e9 de cailloux o\u00f9 tout le monde ou presque semble passer \u00e0 pied.<\/p>\n<p>L\u00e0, Laurent d\u00e9cide de passer sur le v\u00e9lo et se ramasse une premi\u00e8re fois, heureusement sans gravit\u00e9. Le temps pour moi d&rsquo;enlever mon maillot de bain, enfin plut\u00f4t mon coupe vent, et nous voici repartis.<\/p>\n<p>La suite se passera sans Thibault, qui a pris le large. Et puis quelques probl\u00e8mes nous obligent \u00e0 faire quelques arr\u00eats techniques.<\/p>\n<p>C&rsquo;est apr\u00e8s le 2nd ravitaillement, au bout d&rsquo;une c\u00f4te interminable, que Laurent, se ramasse une 2\u00e8me fois. Ce coup ci, c&rsquo;est en descendant un single en sous bois avec un l\u00e9ger d\u00e9vers.<\/p>\n<p>R\u00e9sultat, un flan du pneu avant d\u00e9chir\u00e9 et une belle chute sur la t\u00eate, heureusement et encore sans gravit\u00e9.<\/p>\n<p>Le pneu ne monte pas en le regonflant, nous ne voyons pas de suite l&rsquo;entaille du pneu. Une chambre \u00e0 air dans le pneu et nous repartons.<\/p>\n<p>Un peu plus loin, Laurent s&rsquo;arr\u00eate de nouveau. La chambre \u00e0 air d\u00e9passe du pneu par l&rsquo;entaille. Nouvelle pause technique; Laurent sort un empl\u00e2tre et le positionne devant l&rsquo;entaille.<\/p>\n<p>Il est temps de repartir, tous les retardataires nous sont pass\u00e9s devant.<\/p>\n<p>Le reste du parcours se passe sans encombre avec une belle descente et la traditionnelle mont\u00e9e vers Bruniquel, o\u00f9 se manifestent les premi\u00e8res crampes.<\/p>\n<p>Conclusion: une belle sortie comme on les aime avec n\u00e9anmoins beaucoup plus de chemins roulant que d&rsquo;habitude. Les singles caract\u00e9ristiques, avec les murs de pierres de chaque c\u00f4t\u00e9, ont \u00e9t\u00e9 plus rares, ce qui n&rsquo;a pas \u00e9t\u00e9 pour nous d\u00e9plaire pour cette premi\u00e8re sortie de la saison.<\/p>\n<p>Donc, 48 km et 1200 m de d\u00e9nivel\u00e9 pour cette sortie qui nous a fait mal aux jambes.<\/p>\n<p>&nbsp;<\/p>\n","protected":false},"excerpt":{"rendered":"<p>Tr\u00e8s beau dimanche ce 3 avril, avec un programme all\u00e9chant, mais que choisir. Christophe, Guillaume P, Romaric, Philippe P, Tony et Lionel choississent la nouveaut\u00e9 en allant d\u00e9couvrir pour nombre&#8230; <\/p>\n<div class=\"read-more\"><a href=\"https:\/\/fontenilles-vtt.fr\/wp\/?p=2418\">Lire la suite<\/a><\/div>\n","protected":false},"author":1,"featured_media":0,"comment_status":"open","ping_status":"closed","sticky":false,"template":"","format":"standard","meta":{"om_disable_all_campaigns":false,"_monsterinsights_skip_tracking":false,"_monsterinsights_sitenote_active":false,"_monsterinsights_sitenote_note":"","_monsterinsights_sitenote_category":0,"ngg_post_thumbnail":0,"jetpack_post_was_ever_published":false,"_jetpack_newsletter_access":"","_jetpack_dont_email_post_to_subs":false,"_jetpack_newsletter_tier_id":0,"_jetpack_memberships_contains_paywalled_content":false,"_jetpack_memberships_contains_paid_content":false,"footnotes":"","jetpack_publicize_message":"","jetpack_publicize_feature_enabled":true,"jetpack_social_post_already_shared":false,"jetpack_social_options":{"image_generator_settings":{"template":"highway","enabled":false},"version":2}},"categories":[4],"tags":[],"jetpack_publicize_connections":[],"aioseo_notices":[],"jetpack_featured_media_url":"","jetpack_sharing_enabled":true,"jetpack_shortlink":"https:\/\/wp.me\/p9SYmx-D0","jetpack-related-posts":[],"post_mailing_queue_ids":[],"_links":{"self":[{"href":"https:\/\/fontenilles-vtt.fr\/wp\/index.php?rest_route=\/wp\/v2\/posts\/2418"}],"collection":[{"href":"https:\/\/fontenilles-vtt.fr\/wp\/index.php?rest_route=\/wp\/v2\/posts"}],"about":[{"href":"https:\/\/fontenilles-vtt.fr\/wp\/index.php?rest_route=\/wp\/v2\/types\/post"}],"author":[{"embeddable":true,"href":"https:\/\/fontenilles-vtt.fr\/wp\/index.php?rest_route=\/wp\/v2\/users\/1"}],"replies":[{"embeddable":true,"href":"https:\/\/fontenilles-vtt.fr\/wp\/index.php?rest_route=%2Fwp%2Fv2%2Fcomments&post=2418"}],"version-history":[{"count":1,"href":"https:\/\/fontenilles-vtt.fr\/wp\/index.php?rest_route=\/wp\/v2\/posts\/2418\/revisions"}],"predecessor-version":[{"id":2419,"href":"https:\/\/fontenilles-vtt.fr\/wp\/index.php?rest_route=\/wp\/v2\/posts\/2418\/revisions\/2419"}],"wp:attachment":[{"href":"https:\/\/fontenilles-vtt.fr\/wp\/index.php?rest_route=%2Fwp%2Fv2%2Fmedia&parent=2418"}],"wp:term":[{"taxonomy":"category","embeddable":true,"href":"https:\/\/fontenilles-vtt.fr\/wp\/index.php?rest_route=%2Fwp%2Fv2%2Fcategories&post=2418"},{"taxonomy":"post_tag","embeddable":true,"href":"https:\/\/fontenilles-vtt.fr\/wp\/index.php?rest_route=%2Fwp%2Fv2%2Ftags&post=2418"}],"curies":[{"name":"wp","href":"https:\/\/api.w.org\/{rel}","templated":true}]}}