{"id":2420,"date":"2016-04-03T22:12:53","date_gmt":"2016-04-03T20:12:53","guid":{"rendered":"http:\/\/fontenillesvtt.fr\/wp\/?p=2420"},"modified":"2016-04-03T22:12:53","modified_gmt":"2016-04-03T20:12:53","slug":"et-la-cordiolo-alors","status":"publish","type":"post","link":"https:\/\/fontenilles-vtt.fr\/wp\/?p=2420","title":{"rendered":"Et la Cordiolo alors!"},"content":{"rendered":"<p><a href=\"https:\/\/i0.wp.com\/fontenillesvtt.fr\/wp\/wp-content\/uploads\/2016\/04\/2016-04-03-10.54.18.jpg\"><img data-recalc-dims=\"1\" loading=\"lazy\" decoding=\"async\" data-attachment-id=\"2424\" data-permalink=\"https:\/\/fontenilles-vtt.fr\/wp\/?attachment_id=2424\" data-orig-file=\"https:\/\/i0.wp.com\/fontenilles-vtt.fr\/wp\/wp-content\/uploads\/2016\/04\/2016-04-03-10.54.18.jpg?fit=4128%2C2322&amp;ssl=1\" data-orig-size=\"4128,2322\" data-comments-opened=\"1\" data-image-meta=\"{&quot;aperture&quot;:&quot;2.2&quot;,&quot;credit&quot;:&quot;&quot;,&quot;camera&quot;:&quot;GT-I9505&quot;,&quot;caption&quot;:&quot;&quot;,&quot;created_timestamp&quot;:&quot;1459680858&quot;,&quot;copyright&quot;:&quot;&quot;,&quot;focal_length&quot;:&quot;4.2&quot;,&quot;iso&quot;:&quot;50&quot;,&quot;shutter_speed&quot;:&quot;0.0047169811320755&quot;,&quot;title&quot;:&quot;&quot;,&quot;orientation&quot;:&quot;1&quot;}\" data-image-title=\"2016-04-03 10.54.18\" data-image-description=\"\" data-image-caption=\"\" data-medium-file=\"https:\/\/i0.wp.com\/fontenilles-vtt.fr\/wp\/wp-content\/uploads\/2016\/04\/2016-04-03-10.54.18.jpg?fit=300%2C169&amp;ssl=1\" data-large-file=\"https:\/\/i0.wp.com\/fontenilles-vtt.fr\/wp\/wp-content\/uploads\/2016\/04\/2016-04-03-10.54.18.jpg?fit=590%2C332&amp;ssl=1\" class=\"aligncenter size-large wp-image-2424\" src=\"https:\/\/i0.wp.com\/fontenillesvtt.fr\/wp\/wp-content\/uploads\/2016\/04\/2016-04-03-10.54.18-1024x576.jpg?resize=590%2C332\" alt=\"2016-04-03 10.54.18\" width=\"590\" height=\"332\" srcset=\"https:\/\/i0.wp.com\/fontenilles-vtt.fr\/wp\/wp-content\/uploads\/2016\/04\/2016-04-03-10.54.18.jpg?resize=1024%2C576&amp;ssl=1 1024w, https:\/\/i0.wp.com\/fontenilles-vtt.fr\/wp\/wp-content\/uploads\/2016\/04\/2016-04-03-10.54.18.jpg?resize=300%2C169&amp;ssl=1 300w, https:\/\/i0.wp.com\/fontenilles-vtt.fr\/wp\/wp-content\/uploads\/2016\/04\/2016-04-03-10.54.18.jpg?w=1180&amp;ssl=1 1180w, https:\/\/i0.wp.com\/fontenilles-vtt.fr\/wp\/wp-content\/uploads\/2016\/04\/2016-04-03-10.54.18.jpg?w=1770&amp;ssl=1 1770w\" sizes=\"(max-width: 590px) 100vw, 590px\" \/><\/a> <a href=\"https:\/\/i0.wp.com\/fontenillesvtt.fr\/wp\/wp-content\/uploads\/2016\/04\/2016-04-03-10.19.01.jpg\"><img data-recalc-dims=\"1\" loading=\"lazy\" decoding=\"async\" data-attachment-id=\"2423\" data-permalink=\"https:\/\/fontenilles-vtt.fr\/wp\/?attachment_id=2423\" data-orig-file=\"https:\/\/i0.wp.com\/fontenilles-vtt.fr\/wp\/wp-content\/uploads\/2016\/04\/2016-04-03-10.19.01.jpg?fit=4128%2C2322&amp;ssl=1\" data-orig-size=\"4128,2322\" data-comments-opened=\"1\" data-image-meta=\"{&quot;aperture&quot;:&quot;2.2&quot;,&quot;credit&quot;:&quot;&quot;,&quot;camera&quot;:&quot;GT-I9505&quot;,&quot;caption&quot;:&quot;&quot;,&quot;created_timestamp&quot;:&quot;1459678741&quot;,&quot;copyright&quot;:&quot;&quot;,&quot;focal_length&quot;:&quot;4.2&quot;,&quot;iso&quot;:&quot;50&quot;,&quot;shutter_speed&quot;:&quot;0.0012755102040816&quot;,&quot;title&quot;:&quot;&quot;,&quot;orientation&quot;:&quot;1&quot;}\" data-image-title=\"2016-04-03 10.19.01\" data-image-description=\"\" data-image-caption=\"\" data-medium-file=\"https:\/\/i0.wp.com\/fontenilles-vtt.fr\/wp\/wp-content\/uploads\/2016\/04\/2016-04-03-10.19.01.jpg?fit=300%2C169&amp;ssl=1\" data-large-file=\"https:\/\/i0.wp.com\/fontenilles-vtt.fr\/wp\/wp-content\/uploads\/2016\/04\/2016-04-03-10.19.01.jpg?fit=590%2C332&amp;ssl=1\" class=\"aligncenter size-large wp-image-2423\" src=\"https:\/\/i0.wp.com\/fontenillesvtt.fr\/wp\/wp-content\/uploads\/2016\/04\/2016-04-03-10.19.01-1024x576.jpg?resize=590%2C332\" alt=\"2016-04-03 10.19.01\" width=\"590\" height=\"332\" srcset=\"https:\/\/i0.wp.com\/fontenilles-vtt.fr\/wp\/wp-content\/uploads\/2016\/04\/2016-04-03-10.19.01.jpg?resize=1024%2C576&amp;ssl=1 1024w, https:\/\/i0.wp.com\/fontenilles-vtt.fr\/wp\/wp-content\/uploads\/2016\/04\/2016-04-03-10.19.01.jpg?resize=300%2C169&amp;ssl=1 300w, https:\/\/i0.wp.com\/fontenilles-vtt.fr\/wp\/wp-content\/uploads\/2016\/04\/2016-04-03-10.19.01.jpg?w=1180&amp;ssl=1 1180w, https:\/\/i0.wp.com\/fontenilles-vtt.fr\/wp\/wp-content\/uploads\/2016\/04\/2016-04-03-10.19.01.jpg?w=1770&amp;ssl=1 1770w\" sizes=\"(max-width: 590px) 100vw, 590px\" \/><\/a> <a href=\"https:\/\/i0.wp.com\/fontenillesvtt.fr\/wp\/wp-content\/uploads\/2016\/04\/2016-04-03-09.24.00.jpg\"><img data-recalc-dims=\"1\" loading=\"lazy\" decoding=\"async\" data-attachment-id=\"2422\" data-permalink=\"https:\/\/fontenilles-vtt.fr\/wp\/?attachment_id=2422\" data-orig-file=\"https:\/\/i0.wp.com\/fontenilles-vtt.fr\/wp\/wp-content\/uploads\/2016\/04\/2016-04-03-09.24.00.jpg?fit=4128%2C2322&amp;ssl=1\" data-orig-size=\"4128,2322\" data-comments-opened=\"1\" data-image-meta=\"{&quot;aperture&quot;:&quot;2.2&quot;,&quot;credit&quot;:&quot;&quot;,&quot;camera&quot;:&quot;GT-I9505&quot;,&quot;caption&quot;:&quot;&quot;,&quot;created_timestamp&quot;:&quot;1459675440&quot;,&quot;copyright&quot;:&quot;&quot;,&quot;focal_length&quot;:&quot;4.2&quot;,&quot;iso&quot;:&quot;50&quot;,&quot;shutter_speed&quot;:&quot;0.0015337423312883&quot;,&quot;title&quot;:&quot;&quot;,&quot;orientation&quot;:&quot;1&quot;}\" data-image-title=\"2016-04-03 09.24.00\" data-image-description=\"\" data-image-caption=\"\" data-medium-file=\"https:\/\/i0.wp.com\/fontenilles-vtt.fr\/wp\/wp-content\/uploads\/2016\/04\/2016-04-03-09.24.00.jpg?fit=300%2C169&amp;ssl=1\" data-large-file=\"https:\/\/i0.wp.com\/fontenilles-vtt.fr\/wp\/wp-content\/uploads\/2016\/04\/2016-04-03-09.24.00.jpg?fit=590%2C332&amp;ssl=1\" class=\"aligncenter size-large wp-image-2422\" src=\"https:\/\/i0.wp.com\/fontenillesvtt.fr\/wp\/wp-content\/uploads\/2016\/04\/2016-04-03-09.24.00-1024x576.jpg?resize=590%2C332\" alt=\"2016-04-03 09.24.00\" width=\"590\" height=\"332\" srcset=\"https:\/\/i0.wp.com\/fontenilles-vtt.fr\/wp\/wp-content\/uploads\/2016\/04\/2016-04-03-09.24.00.jpg?resize=1024%2C576&amp;ssl=1 1024w, https:\/\/i0.wp.com\/fontenilles-vtt.fr\/wp\/wp-content\/uploads\/2016\/04\/2016-04-03-09.24.00.jpg?resize=300%2C169&amp;ssl=1 300w, https:\/\/i0.wp.com\/fontenilles-vtt.fr\/wp\/wp-content\/uploads\/2016\/04\/2016-04-03-09.24.00.jpg?w=1180&amp;ssl=1 1180w, https:\/\/i0.wp.com\/fontenilles-vtt.fr\/wp\/wp-content\/uploads\/2016\/04\/2016-04-03-09.24.00.jpg?w=1770&amp;ssl=1 1770w\" sizes=\"(max-width: 590px) 100vw, 590px\" \/><\/a>Sur la Cordiolo, nous retrouvons donc 3 paires de bikers:<\/p>\n<p>Tony et Lionel, qui partent sur le 49km, Guillaume et Philippe sur le 36, Romaric et Christophe aussi mais plus tranquillement.<\/p>\n<p>Cela commence par un peu de plat, puis on monte vers les vagues rouges pour descendre dans un superbe panorama de terres rouges malheureusement tr\u00e8s boueuses, la partie basse est tr\u00e8s collante, glissante, et les raidillons juste infranchissables sur le v\u00e9lo.<\/p>\n<p>Apr\u00e8s cette premi\u00e8re partie tr\u00e8s originale mais \u00e9puisante, nous grimpons de fa\u00e7on r\u00e9guli\u00e8re pour trouver le premier ravito plutot bien fourni.<\/p>\n<p>La deuxi\u00e8me partie nous fait d\u00e9couvrir une boucle du 49 plut\u00f4t chouette, commen\u00e7ant par un single droit forestier, puis une belle descente rejoignant un ruisseau dans un paysage de mousse arboricole superbe. Le retour sur le parcours classique est moins original, mais apr\u00e8s un long bout de chemin, nous reprenons des mont\u00e9es et descentes anim\u00e9es. 25 bornes apr\u00e8s le 1er ravito, nous retrouvons les 2 autres paires de bikers sous les cavernes tr\u00e8s chouettes ou un petit trac\u00e9 \u00e9tait organis\u00e9, puis ravito, quasi vide !!<\/p>\n<p>Lionel tente la descente \u00ab\u00a0Cap ou pas Cap\u00a0\u00bb raide et caillouteuse magr\u00e9 un \u00e9chec sur le freinage final, c&rsquo;\u00e9tait fun .<\/p>\n<p>Nous reprenons le parcours avec Cordes en vue, derni\u00e8re boucle dans les hauteurs, puis arriv\u00e9e avec 50 km et 1200m de D+, un maigre sandwich nous attend.<\/p>\n<p><a href=\"https:\/\/i0.wp.com\/fontenillesvtt.fr\/wp\/wp-content\/uploads\/2016\/04\/2016-04-03-11.51.01.jpg\"><img data-recalc-dims=\"1\" loading=\"lazy\" decoding=\"async\" data-attachment-id=\"2425\" data-permalink=\"https:\/\/fontenilles-vtt.fr\/wp\/?attachment_id=2425\" data-orig-file=\"https:\/\/i0.wp.com\/fontenilles-vtt.fr\/wp\/wp-content\/uploads\/2016\/04\/2016-04-03-11.51.01.jpg?fit=2322%2C4128&amp;ssl=1\" data-orig-size=\"2322,4128\" data-comments-opened=\"1\" data-image-meta=\"{&quot;aperture&quot;:&quot;2.2&quot;,&quot;credit&quot;:&quot;&quot;,&quot;camera&quot;:&quot;GT-I9505&quot;,&quot;caption&quot;:&quot;&quot;,&quot;created_timestamp&quot;:&quot;1459684261&quot;,&quot;copyright&quot;:&quot;&quot;,&quot;focal_length&quot;:&quot;4.2&quot;,&quot;iso&quot;:&quot;50&quot;,&quot;shutter_speed&quot;:&quot;0.02&quot;,&quot;title&quot;:&quot;&quot;,&quot;orientation&quot;:&quot;1&quot;}\" data-image-title=\"2016-04-03 11.51.01\" data-image-description=\"\" data-image-caption=\"\" data-medium-file=\"https:\/\/i0.wp.com\/fontenilles-vtt.fr\/wp\/wp-content\/uploads\/2016\/04\/2016-04-03-11.51.01.jpg?fit=135%2C240&amp;ssl=1\" data-large-file=\"https:\/\/i0.wp.com\/fontenilles-vtt.fr\/wp\/wp-content\/uploads\/2016\/04\/2016-04-03-11.51.01.jpg?fit=432%2C768&amp;ssl=1\" class=\"aligncenter size-large wp-image-2425\" src=\"https:\/\/i0.wp.com\/fontenillesvtt.fr\/wp\/wp-content\/uploads\/2016\/04\/2016-04-03-11.51.01-432x768.jpg?resize=432%2C768\" alt=\"2016-04-03 11.51.01\" width=\"432\" height=\"768\" srcset=\"https:\/\/i0.wp.com\/fontenilles-vtt.fr\/wp\/wp-content\/uploads\/2016\/04\/2016-04-03-11.51.01.jpg?resize=432%2C768&amp;ssl=1 432w, https:\/\/i0.wp.com\/fontenilles-vtt.fr\/wp\/wp-content\/uploads\/2016\/04\/2016-04-03-11.51.01.jpg?resize=135%2C240&amp;ssl=1 135w, https:\/\/i0.wp.com\/fontenilles-vtt.fr\/wp\/wp-content\/uploads\/2016\/04\/2016-04-03-11.51.01.jpg?w=1180&amp;ssl=1 1180w, https:\/\/i0.wp.com\/fontenilles-vtt.fr\/wp\/wp-content\/uploads\/2016\/04\/2016-04-03-11.51.01.jpg?w=1770&amp;ssl=1 1770w\" sizes=\"(max-width: 432px) 100vw, 432px\" \/><\/a> <a href=\"https:\/\/i0.wp.com\/fontenillesvtt.fr\/wp\/wp-content\/uploads\/2016\/04\/2016-04-03-11.55.03.jpg\"><img data-recalc-dims=\"1\" loading=\"lazy\" decoding=\"async\" data-attachment-id=\"2426\" data-permalink=\"https:\/\/fontenilles-vtt.fr\/wp\/?attachment_id=2426\" data-orig-file=\"https:\/\/i0.wp.com\/fontenilles-vtt.fr\/wp\/wp-content\/uploads\/2016\/04\/2016-04-03-11.55.03.jpg?fit=4128%2C2322&amp;ssl=1\" data-orig-size=\"4128,2322\" data-comments-opened=\"1\" data-image-meta=\"{&quot;aperture&quot;:&quot;2.2&quot;,&quot;credit&quot;:&quot;&quot;,&quot;camera&quot;:&quot;GT-I9505&quot;,&quot;caption&quot;:&quot;&quot;,&quot;created_timestamp&quot;:&quot;1459684503&quot;,&quot;copyright&quot;:&quot;&quot;,&quot;focal_length&quot;:&quot;4.2&quot;,&quot;iso&quot;:&quot;50&quot;,&quot;shutter_speed&quot;:&quot;0.0076335877862595&quot;,&quot;title&quot;:&quot;&quot;,&quot;orientation&quot;:&quot;1&quot;}\" data-image-title=\"2016-04-03 11.55.03\" data-image-description=\"\" data-image-caption=\"\" data-medium-file=\"https:\/\/i0.wp.com\/fontenilles-vtt.fr\/wp\/wp-content\/uploads\/2016\/04\/2016-04-03-11.55.03.jpg?fit=300%2C169&amp;ssl=1\" data-large-file=\"https:\/\/i0.wp.com\/fontenilles-vtt.fr\/wp\/wp-content\/uploads\/2016\/04\/2016-04-03-11.55.03.jpg?fit=590%2C332&amp;ssl=1\" class=\"aligncenter size-large wp-image-2426\" src=\"https:\/\/i0.wp.com\/fontenillesvtt.fr\/wp\/wp-content\/uploads\/2016\/04\/2016-04-03-11.55.03-1024x576.jpg?resize=590%2C332\" alt=\"2016-04-03 11.55.03\" width=\"590\" height=\"332\" srcset=\"https:\/\/i0.wp.com\/fontenilles-vtt.fr\/wp\/wp-content\/uploads\/2016\/04\/2016-04-03-11.55.03.jpg?resize=1024%2C576&amp;ssl=1 1024w, https:\/\/i0.wp.com\/fontenilles-vtt.fr\/wp\/wp-content\/uploads\/2016\/04\/2016-04-03-11.55.03.jpg?resize=300%2C169&amp;ssl=1 300w, https:\/\/i0.wp.com\/fontenilles-vtt.fr\/wp\/wp-content\/uploads\/2016\/04\/2016-04-03-11.55.03.jpg?w=1180&amp;ssl=1 1180w, https:\/\/i0.wp.com\/fontenilles-vtt.fr\/wp\/wp-content\/uploads\/2016\/04\/2016-04-03-11.55.03.jpg?w=1770&amp;ssl=1 1770w\" sizes=\"(max-width: 590px) 100vw, 590px\" \/><\/a><a href=\"https:\/\/i0.wp.com\/fontenillesvtt.fr\/wp\/wp-content\/uploads\/2016\/04\/2016-04-03-13.01.33-1.jpg\"><img data-recalc-dims=\"1\" loading=\"lazy\" decoding=\"async\" data-attachment-id=\"2427\" data-permalink=\"https:\/\/fontenilles-vtt.fr\/wp\/?attachment_id=2427\" data-orig-file=\"https:\/\/i0.wp.com\/fontenilles-vtt.fr\/wp\/wp-content\/uploads\/2016\/04\/2016-04-03-13.01.33-1.jpg?fit=4128%2C2322&amp;ssl=1\" data-orig-size=\"4128,2322\" data-comments-opened=\"1\" data-image-meta=\"{&quot;aperture&quot;:&quot;2.2&quot;,&quot;credit&quot;:&quot;&quot;,&quot;camera&quot;:&quot;GT-I9505&quot;,&quot;caption&quot;:&quot;&quot;,&quot;created_timestamp&quot;:&quot;1459688493&quot;,&quot;copyright&quot;:&quot;&quot;,&quot;focal_length&quot;:&quot;4.2&quot;,&quot;iso&quot;:&quot;1000&quot;,&quot;shutter_speed&quot;:&quot;0.066666666666667&quot;,&quot;title&quot;:&quot;&quot;,&quot;orientation&quot;:&quot;1&quot;}\" data-image-title=\"2016-04-03 13.01.33-1\" data-image-description=\"\" data-image-caption=\"\" data-medium-file=\"https:\/\/i0.wp.com\/fontenilles-vtt.fr\/wp\/wp-content\/uploads\/2016\/04\/2016-04-03-13.01.33-1.jpg?fit=300%2C169&amp;ssl=1\" data-large-file=\"https:\/\/i0.wp.com\/fontenilles-vtt.fr\/wp\/wp-content\/uploads\/2016\/04\/2016-04-03-13.01.33-1.jpg?fit=590%2C332&amp;ssl=1\" class=\"aligncenter size-large wp-image-2427\" src=\"https:\/\/i0.wp.com\/fontenillesvtt.fr\/wp\/wp-content\/uploads\/2016\/04\/2016-04-03-13.01.33-1-1024x576.jpg?resize=590%2C332\" alt=\"2016-04-03 13.01.33-1\" width=\"590\" height=\"332\" srcset=\"https:\/\/i0.wp.com\/fontenilles-vtt.fr\/wp\/wp-content\/uploads\/2016\/04\/2016-04-03-13.01.33-1.jpg?resize=1024%2C576&amp;ssl=1 1024w, https:\/\/i0.wp.com\/fontenilles-vtt.fr\/wp\/wp-content\/uploads\/2016\/04\/2016-04-03-13.01.33-1.jpg?resize=300%2C169&amp;ssl=1 300w, https:\/\/i0.wp.com\/fontenilles-vtt.fr\/wp\/wp-content\/uploads\/2016\/04\/2016-04-03-13.01.33-1.jpg?w=1180&amp;ssl=1 1180w, https:\/\/i0.wp.com\/fontenilles-vtt.fr\/wp\/wp-content\/uploads\/2016\/04\/2016-04-03-13.01.33-1.jpg?w=1770&amp;ssl=1 1770w\" sizes=\"(max-width: 590px) 100vw, 590px\" \/><\/a><\/p>\n<p>&nbsp;<\/p>\n","protected":false},"excerpt":{"rendered":"<p>Sur la Cordiolo, nous retrouvons donc 3 paires de bikers: Tony et Lionel, qui partent sur le 49km, Guillaume et Philippe sur le 36, Romaric et Christophe aussi mais plus&#8230; <\/p>\n<div class=\"read-more\"><a href=\"https:\/\/fontenilles-vtt.fr\/wp\/?p=2420\">Lire la suite<\/a><\/div>\n","protected":false},"author":1,"featured_media":0,"comment_status":"open","ping_status":"closed","sticky":false,"template":"","format":"standard","meta":{"om_disable_all_campaigns":false,"_monsterinsights_skip_tracking":false,"_monsterinsights_sitenote_active":false,"_monsterinsights_sitenote_note":"","_monsterinsights_sitenote_category":0,"ngg_post_thumbnail":0,"jetpack_post_was_ever_published":false,"_jetpack_newsletter_access":"","_jetpack_dont_email_post_to_subs":false,"_jetpack_newsletter_tier_id":0,"_jetpack_memberships_contains_paywalled_content":false,"_jetpack_memberships_contains_paid_content":false,"footnotes":"","jetpack_publicize_message":"","jetpack_publicize_feature_enabled":true,"jetpack_social_post_already_shared":false,"jetpack_social_options":{"image_generator_settings":{"template":"highway","enabled":false},"version":2}},"categories":[4],"tags":[],"jetpack_publicize_connections":[],"aioseo_notices":[],"jetpack_featured_media_url":"","jetpack_sharing_enabled":true,"jetpack_shortlink":"https:\/\/wp.me\/p9SYmx-D2","jetpack-related-posts":[],"post_mailing_queue_ids":[],"_links":{"self":[{"href":"https:\/\/fontenilles-vtt.fr\/wp\/index.php?rest_route=\/wp\/v2\/posts\/2420"}],"collection":[{"href":"https:\/\/fontenilles-vtt.fr\/wp\/index.php?rest_route=\/wp\/v2\/posts"}],"about":[{"href":"https:\/\/fontenilles-vtt.fr\/wp\/index.php?rest_route=\/wp\/v2\/types\/post"}],"author":[{"embeddable":true,"href":"https:\/\/fontenilles-vtt.fr\/wp\/index.php?rest_route=\/wp\/v2\/users\/1"}],"replies":[{"embeddable":true,"href":"https:\/\/fontenilles-vtt.fr\/wp\/index.php?rest_route=%2Fwp%2Fv2%2Fcomments&post=2420"}],"version-history":[{"count":2,"href":"https:\/\/fontenilles-vtt.fr\/wp\/index.php?rest_route=\/wp\/v2\/posts\/2420\/revisions"}],"predecessor-version":[{"id":2428,"href":"https:\/\/fontenilles-vtt.fr\/wp\/index.php?rest_route=\/wp\/v2\/posts\/2420\/revisions\/2428"}],"wp:attachment":[{"href":"https:\/\/fontenilles-vtt.fr\/wp\/index.php?rest_route=%2Fwp%2Fv2%2Fmedia&parent=2420"}],"wp:term":[{"taxonomy":"category","embeddable":true,"href":"https:\/\/fontenilles-vtt.fr\/wp\/index.php?rest_route=%2Fwp%2Fv2%2Fcategories&post=2420"},{"taxonomy":"post_tag","embeddable":true,"href":"https:\/\/fontenilles-vtt.fr\/wp\/index.php?rest_route=%2Fwp%2Fv2%2Ftags&post=2420"}],"curies":[{"name":"wp","href":"https:\/\/api.w.org\/{rel}","templated":true}]}}