{"id":2447,"date":"2016-05-04T11:04:48","date_gmt":"2016-05-04T09:04:48","guid":{"rendered":"http:\/\/fontenillesvtt.fr\/wp\/?p=2447"},"modified":"2016-05-04T11:04:48","modified_gmt":"2016-05-04T09:04:48","slug":"randonnees-vtt-en-ardeche-par-stephane","status":"publish","type":"post","link":"https:\/\/fontenilles-vtt.fr\/wp\/?p=2447","title":{"rendered":"Randonn\u00e9es vtt en Ard\u00e8che par St\u00e9phane"},"content":{"rendered":"<p>Voici le compte rendu d&rsquo;une semaine de vacances en Ard\u00e8che.<\/p>\n<p>La r\u00e9gion se pr\u00eate tr\u00e8s bien au VTT pour celui qui aime le cailloux et le d\u00e9nivel\u00e9 important. A l&rsquo;image de nos diff\u00e9rents WE sportifs, l&rsquo;Ard\u00e8che se positionne entre Ainsa et les Corbi\u00e8res. C&rsquo;est \u00e9galement un des d\u00e9partement les plus sauvage.<\/p>\n<p>La 1\u00e8re sortie (bleu) se passe donc en dessous de Salavas, o\u00f9 nous avions notre r\u00e9sidence de vacances. Je d\u00e9marre par un chemin de cailloux, histoire de donner le ton de ce que sont les chemins Ard\u00e9chois. Pas beaucoup de maison dans le coin, je pense que j&rsquo;ai du voir 2 maisons sur 15 km de roulage. Mieux vaut ne pas tomber en panne. J&rsquo;arrive enfin sur le village de Labatiste de Virac et son beau ch\u00e2teau des Roure. Je continue au travers des cr\u00eates bois\u00e9es et je me retrouve dans le village de Vagnas. Je d\u00e9cide de couper la trace pour me permettre de rentrer plus t\u00f4t.<\/p>\n<p>J&rsquo;arrive dans la for\u00eat de Salavas avec un peu plus de terre que de cailloux. Le temps est sec et je retrouve le confort de nos singles habituels de Bouconne. J&rsquo;en profite pour jardiner un peu et me voici sur un single devenu non-praticable: les arbres et le ruissellement des orages pass\u00e9s ont rendu le chemin tr\u00e8s difficile. Seule une moto peu y monter.<\/p>\n<p>Quelques kilom\u00e8tres plus loin, me voici au point culminant o\u00f9 se trouve le r\u00e9servoir d&rsquo;eau de Salavas. Un single de plus se pr\u00e9sente \u00e0 moi: il est du tonnerre et m&#8217;emm\u00e8nera jusqu&rsquo;en bas.<\/p>\n<p>Bilan: une sortie tr\u00e8s ludique et une premi\u00e8re prise de contact avec le cailloux et les chemins forestiers que nous connaissons bien. <strong>35 km et 765 m de D+.<\/strong><\/p>\n<p>&nbsp;<\/p>\n<p>La 2nde sortie (verte) est un remake de la pr\u00e9c\u00e9dente, avec une grosse coupure, quelques boucles non faites la premi\u00e8re fois, et de nouveau la descente dans la for\u00eat de Salavas.<\/p>\n<p>Bilan: <strong>16km et 400 m de D+.<\/strong><\/p>\n<p>&nbsp;<\/p>\n<p>La 3\u00e8me sortie (rouge) est plus engag\u00e9e, et heureusement pour moi, je l&rsquo;ai faite involontairement en sens contraire. 10 km de route pour arriver \u00e0 la mont\u00e9e, histoire de s&rsquo;\u00e9chauffer les jambes. Ensuite, un mur sur un sentier forestier: tant\u00f4t du cailloux, tant\u00f4t du goudron ou du b\u00e9ton, et l\u00e0 c&rsquo;est que \u00e7a grimpe dur.<\/p>\n<p>J&rsquo;arrive au tiers de la mont\u00e9e et je me retrouve au milieu d&rsquo;un attroupement d&rsquo;oiseaux en tout genre: aigles, corbeaux et vautours. J&rsquo;ai vu sur les CR que c&rsquo;est apparemment l&rsquo;endroits o\u00f9 sont nourris les oiseaux. Pas d&rsquo;hommes \u00e0 l&rsquo;horizon \u00e0 part moi. Je prends quelques photos et je repart illico presto, on ne sait jamais avec ces oiseaux l\u00e0. La mont\u00e9e continue et je me retrouve enfin (1h30 de mont\u00e9e) en haut, sur le point culminant de l&rsquo;Ard\u00e8che: la dent de Rez et ses 719 m d&rsquo;altitude. Super point de vue sur la vall\u00e9e du Rh\u00f4ne et des ses affluents.<\/p>\n<p>La descente, qui devait \u00eatre la mont\u00e9e est pleine de cailloux. Je descend au plus vite de mes capacit\u00e9s, et j&rsquo;en attrape des fourmis aux mains. Des impacts \u00e7a et l\u00e0 me font peur: mon cadre va t&rsquo;il tenir le coup. Un retour au village et me voila arriv\u00e9. Un contr\u00f4le g\u00e9n\u00e9ral de ma monture ne montre rien d&rsquo;anormal.<\/p>\n<p>Bilan: une sortie plut\u00f4t physique pour se former les jambes sur une longue mont\u00e9e praticable. Descente sur le cailloux habituel en Ard\u00e8che. <strong>39 km et 1000 m de D+.<\/strong><\/p>\n<p>&nbsp;<\/p>\n<p>La 4\u00e8me et derni\u00e8re sortie (violet) se passe entre le massif de la dent de Rez et l&rsquo;Ard\u00e8che. D\u00e9part de Vallon Pont d&rsquo;Arc vers Lagorce par routes et chemins tr\u00e8s roulants. Je d\u00e9cide de couper la trace et de redescendre plus rapidement vers l&rsquo;Ibie que je traverse \u00e0 sec. Je remonte aussit\u00f4t par du chemin large et plut\u00f4t caillouteux. Tout n&rsquo;est pas faisable en v\u00e9lo, ou alors il faut laisser une \u00e9nergie importante. Je ne connais pas la suite des festivit\u00e9s et je d\u00e9cide de m&rsquo;\u00e9conomiser je pousse donc sur quelques centaines de m\u00e8tres, sur les portions les plus difficiles. La mont\u00e9e est assez longue et le final est tout \u00e0 fait praticable. La travers\u00e9e de la route se fait \u00e0 moment donn\u00e9e par une buse en b\u00e9ton et des palettes pos\u00e9es \u00e7a et l\u00e0 pour y acc\u00e9der.<\/p>\n<p>Le sommet est atteint, et je m&rsquo;attend \u00e0 une descente rapide. Mauvaise appr\u00e9ciation; la trace m&#8217;emm\u00e8ne sur un single \u00e0 flanc de cr\u00eate, au beau milieu des arbres. Plut\u00f4t sportif le trac\u00e9. La suite est plus cool, avec une longue descente sur un single praticable.<\/p>\n<p>J&rsquo;arrive sur le pont d&rsquo;Arc, site majestueux de la r\u00e9gion, et je rentre par la route; je suis en retard sur mon horaire.<\/p>\n<p>Bilan: une sortie \u00e0 la fois physique et technique avec une descente qui d\u00e9chire, sur le final. Les mont\u00e9es en cailloux demandent \u00e0 \u00eatre mieux maitris\u00e9es. Nous reviendrons, ou pas.<strong>40 km et 900 m de D+.<\/strong><\/p>\n<p>Une r\u00e9gion d\u00e9paysante o\u00f9 la pratique du VTT est exigeante. Les points de vues sont \u00e0 couper le souffle et les descentes engag\u00e9es et techniques. Un bon entrainement en perspective de notre WE sportif de Mai.<\/p>\n<p>Ci-dessous la localisation, le d\u00e9tail des traces effectu\u00e9es, et quelques photos.<\/p>\n<p><a href=\"https:\/\/i0.wp.com\/fontenillesvtt.fr\/wp\/wp-content\/uploads\/2016\/05\/steph1.png\"><img data-recalc-dims=\"1\" loading=\"lazy\" decoding=\"async\" data-attachment-id=\"2448\" data-permalink=\"https:\/\/fontenilles-vtt.fr\/wp\/?attachment_id=2448\" data-orig-file=\"https:\/\/i0.wp.com\/fontenilles-vtt.fr\/wp\/wp-content\/uploads\/2016\/05\/steph1.png?fit=465%2C490&amp;ssl=1\" data-orig-size=\"465,490\" data-comments-opened=\"1\" data-image-meta=\"{&quot;aperture&quot;:&quot;0&quot;,&quot;credit&quot;:&quot;&quot;,&quot;camera&quot;:&quot;&quot;,&quot;caption&quot;:&quot;&quot;,&quot;created_timestamp&quot;:&quot;0&quot;,&quot;copyright&quot;:&quot;&quot;,&quot;focal_length&quot;:&quot;0&quot;,&quot;iso&quot;:&quot;0&quot;,&quot;shutter_speed&quot;:&quot;0&quot;,&quot;title&quot;:&quot;&quot;,&quot;orientation&quot;:&quot;0&quot;}\" data-image-title=\"steph1\" data-image-description=\"\" data-image-caption=\"\" data-medium-file=\"https:\/\/i0.wp.com\/fontenilles-vtt.fr\/wp\/wp-content\/uploads\/2016\/05\/steph1.png?fit=228%2C240&amp;ssl=1\" data-large-file=\"https:\/\/i0.wp.com\/fontenilles-vtt.fr\/wp\/wp-content\/uploads\/2016\/05\/steph1.png?fit=465%2C490&amp;ssl=1\" class=\"aligncenter size-full wp-image-2448\" src=\"https:\/\/i0.wp.com\/fontenillesvtt.fr\/wp\/wp-content\/uploads\/2016\/05\/steph1.png?resize=465%2C490\" alt=\"steph1\" width=\"465\" height=\"490\" srcset=\"https:\/\/i0.wp.com\/fontenilles-vtt.fr\/wp\/wp-content\/uploads\/2016\/05\/steph1.png?w=465&amp;ssl=1 465w, https:\/\/i0.wp.com\/fontenilles-vtt.fr\/wp\/wp-content\/uploads\/2016\/05\/steph1.png?resize=228%2C240&amp;ssl=1 228w\" sizes=\"(max-width: 465px) 100vw, 465px\" \/><\/a><\/p>\n<div id=\"attachment_2449\" style=\"width: 1034px\" class=\"wp-caption aligncenter\"><a href=\"https:\/\/i0.wp.com\/fontenillesvtt.fr\/wp\/wp-content\/uploads\/2016\/05\/steph2.jpg\"><img data-recalc-dims=\"1\" loading=\"lazy\" decoding=\"async\" aria-describedby=\"caption-attachment-2449\" data-attachment-id=\"2449\" data-permalink=\"https:\/\/fontenilles-vtt.fr\/wp\/?attachment_id=2449\" data-orig-file=\"https:\/\/i0.wp.com\/fontenilles-vtt.fr\/wp\/wp-content\/uploads\/2016\/05\/steph2.jpg?fit=1241%2C930&amp;ssl=1\" data-orig-size=\"1241,930\" data-comments-opened=\"1\" data-image-meta=\"{&quot;aperture&quot;:&quot;0&quot;,&quot;credit&quot;:&quot;&quot;,&quot;camera&quot;:&quot;&quot;,&quot;caption&quot;:&quot;&quot;,&quot;created_timestamp&quot;:&quot;0&quot;,&quot;copyright&quot;:&quot;&quot;,&quot;focal_length&quot;:&quot;0&quot;,&quot;iso&quot;:&quot;0&quot;,&quot;shutter_speed&quot;:&quot;0&quot;,&quot;title&quot;:&quot;&quot;,&quot;orientation&quot;:&quot;0&quot;}\" data-image-title=\"steph2\" data-image-description=\"\" data-image-caption=\"&lt;p&gt;Le village de Labastide de Virac et le chateaux des Roure&lt;\/p&gt;\n\" data-medium-file=\"https:\/\/i0.wp.com\/fontenilles-vtt.fr\/wp\/wp-content\/uploads\/2016\/05\/steph2.jpg?fit=300%2C225&amp;ssl=1\" data-large-file=\"https:\/\/i0.wp.com\/fontenilles-vtt.fr\/wp\/wp-content\/uploads\/2016\/05\/steph2.jpg?fit=590%2C443&amp;ssl=1\" class=\"size-large wp-image-2449\" src=\"https:\/\/i0.wp.com\/fontenillesvtt.fr\/wp\/wp-content\/uploads\/2016\/05\/steph2-1024x768.jpg?resize=590%2C443\" alt=\"Le village de Labastide de Virac et le chateaux des Roure\" width=\"590\" height=\"443\" srcset=\"https:\/\/i0.wp.com\/fontenilles-vtt.fr\/wp\/wp-content\/uploads\/2016\/05\/steph2.jpg?resize=1024%2C768&amp;ssl=1 1024w, https:\/\/i0.wp.com\/fontenilles-vtt.fr\/wp\/wp-content\/uploads\/2016\/05\/steph2.jpg?resize=300%2C225&amp;ssl=1 300w, https:\/\/i0.wp.com\/fontenilles-vtt.fr\/wp\/wp-content\/uploads\/2016\/05\/steph2.jpg?w=1241&amp;ssl=1 1241w, https:\/\/i0.wp.com\/fontenilles-vtt.fr\/wp\/wp-content\/uploads\/2016\/05\/steph2.jpg?w=1180&amp;ssl=1 1180w\" sizes=\"(max-width: 590px) 100vw, 590px\" \/><\/a><p id=\"caption-attachment-2449\" class=\"wp-caption-text\">Le village de Labastide de Virac et le chateaux des Roure<\/p><\/div>\n<div id=\"attachment_2450\" style=\"width: 1034px\" class=\"wp-caption aligncenter\"><a href=\"https:\/\/i0.wp.com\/fontenillesvtt.fr\/wp\/wp-content\/uploads\/2016\/05\/steph3.jpg\"><img data-recalc-dims=\"1\" loading=\"lazy\" decoding=\"async\" aria-describedby=\"caption-attachment-2450\" data-attachment-id=\"2450\" data-permalink=\"https:\/\/fontenilles-vtt.fr\/wp\/?attachment_id=2450\" data-orig-file=\"https:\/\/i0.wp.com\/fontenilles-vtt.fr\/wp\/wp-content\/uploads\/2016\/05\/steph3.jpg?fit=1263%2C948&amp;ssl=1\" data-orig-size=\"1263,948\" data-comments-opened=\"1\" data-image-meta=\"{&quot;aperture&quot;:&quot;0&quot;,&quot;credit&quot;:&quot;&quot;,&quot;camera&quot;:&quot;&quot;,&quot;caption&quot;:&quot;&quot;,&quot;created_timestamp&quot;:&quot;0&quot;,&quot;copyright&quot;:&quot;&quot;,&quot;focal_length&quot;:&quot;0&quot;,&quot;iso&quot;:&quot;0&quot;,&quot;shutter_speed&quot;:&quot;0&quot;,&quot;title&quot;:&quot;&quot;,&quot;orientation&quot;:&quot;0&quot;}\" data-image-title=\"steph3\" data-image-description=\"\" data-image-caption=\"&lt;p&gt;Point de vue depuis la dent de Rez.&lt;\/p&gt;\n\" data-medium-file=\"https:\/\/i0.wp.com\/fontenilles-vtt.fr\/wp\/wp-content\/uploads\/2016\/05\/steph3.jpg?fit=300%2C225&amp;ssl=1\" data-large-file=\"https:\/\/i0.wp.com\/fontenilles-vtt.fr\/wp\/wp-content\/uploads\/2016\/05\/steph3.jpg?fit=590%2C443&amp;ssl=1\" class=\"size-large wp-image-2450\" src=\"https:\/\/i0.wp.com\/fontenillesvtt.fr\/wp\/wp-content\/uploads\/2016\/05\/steph3-1024x768.jpg?resize=590%2C443\" alt=\"Point de vue depuis la dent de Rez.\" width=\"590\" height=\"443\" srcset=\"https:\/\/i0.wp.com\/fontenilles-vtt.fr\/wp\/wp-content\/uploads\/2016\/05\/steph3.jpg?resize=1024%2C768&amp;ssl=1 1024w, https:\/\/i0.wp.com\/fontenilles-vtt.fr\/wp\/wp-content\/uploads\/2016\/05\/steph3.jpg?resize=300%2C225&amp;ssl=1 300w, https:\/\/i0.wp.com\/fontenilles-vtt.fr\/wp\/wp-content\/uploads\/2016\/05\/steph3.jpg?w=1263&amp;ssl=1 1263w, https:\/\/i0.wp.com\/fontenilles-vtt.fr\/wp\/wp-content\/uploads\/2016\/05\/steph3.jpg?w=1180&amp;ssl=1 1180w\" sizes=\"(max-width: 590px) 100vw, 590px\" \/><\/a><p id=\"caption-attachment-2450\" class=\"wp-caption-text\">Point de vue depuis la dent de Rez.<\/p><\/div>\n<div id=\"attachment_2451\" style=\"width: 1034px\" class=\"wp-caption aligncenter\"><a href=\"https:\/\/i0.wp.com\/fontenillesvtt.fr\/wp\/wp-content\/uploads\/2016\/05\/steph4.jpg\"><img data-recalc-dims=\"1\" loading=\"lazy\" decoding=\"async\" aria-describedby=\"caption-attachment-2451\" data-attachment-id=\"2451\" data-permalink=\"https:\/\/fontenilles-vtt.fr\/wp\/?attachment_id=2451\" data-orig-file=\"https:\/\/i0.wp.com\/fontenilles-vtt.fr\/wp\/wp-content\/uploads\/2016\/05\/steph4.jpg?fit=1126%2C844&amp;ssl=1\" data-orig-size=\"1126,844\" data-comments-opened=\"1\" data-image-meta=\"{&quot;aperture&quot;:&quot;0&quot;,&quot;credit&quot;:&quot;&quot;,&quot;camera&quot;:&quot;&quot;,&quot;caption&quot;:&quot;&quot;,&quot;created_timestamp&quot;:&quot;0&quot;,&quot;copyright&quot;:&quot;&quot;,&quot;focal_length&quot;:&quot;0&quot;,&quot;iso&quot;:&quot;0&quot;,&quot;shutter_speed&quot;:&quot;0&quot;,&quot;title&quot;:&quot;&quot;,&quot;orientation&quot;:&quot;0&quot;}\" data-image-title=\"Point de vue sur la descente vers le pont d&amp;rsquo;Arc\" data-image-description=\"\" data-image-caption=\"&lt;p&gt;Point de vue sur la descente vers le pont d&amp;rsquo;Arc&lt;\/p&gt;\n\" data-medium-file=\"https:\/\/i0.wp.com\/fontenilles-vtt.fr\/wp\/wp-content\/uploads\/2016\/05\/steph4.jpg?fit=300%2C225&amp;ssl=1\" data-large-file=\"https:\/\/i0.wp.com\/fontenilles-vtt.fr\/wp\/wp-content\/uploads\/2016\/05\/steph4.jpg?fit=590%2C443&amp;ssl=1\" class=\"size-large wp-image-2451\" src=\"https:\/\/i0.wp.com\/fontenillesvtt.fr\/wp\/wp-content\/uploads\/2016\/05\/steph4-1024x768.jpg?resize=590%2C443\" alt=\"Point de vue sur la descente vers le pont d'Arc\" width=\"590\" height=\"443\" srcset=\"https:\/\/i0.wp.com\/fontenilles-vtt.fr\/wp\/wp-content\/uploads\/2016\/05\/steph4.jpg?resize=1024%2C768&amp;ssl=1 1024w, https:\/\/i0.wp.com\/fontenilles-vtt.fr\/wp\/wp-content\/uploads\/2016\/05\/steph4.jpg?resize=300%2C225&amp;ssl=1 300w, https:\/\/i0.wp.com\/fontenilles-vtt.fr\/wp\/wp-content\/uploads\/2016\/05\/steph4.jpg?w=1126&amp;ssl=1 1126w\" sizes=\"(max-width: 590px) 100vw, 590px\" \/><\/a><p id=\"caption-attachment-2451\" class=\"wp-caption-text\">Point de vue sur la descente vers le pont d&rsquo;Arc<\/p><\/div>\n<div id=\"attachment_2452\" style=\"width: 1034px\" class=\"wp-caption aligncenter\"><a href=\"https:\/\/i0.wp.com\/fontenillesvtt.fr\/wp\/wp-content\/uploads\/2016\/05\/steph5.jpg\"><img data-recalc-dims=\"1\" loading=\"lazy\" decoding=\"async\" aria-describedby=\"caption-attachment-2452\" data-attachment-id=\"2452\" data-permalink=\"https:\/\/fontenilles-vtt.fr\/wp\/?attachment_id=2452\" data-orig-file=\"https:\/\/i0.wp.com\/fontenilles-vtt.fr\/wp\/wp-content\/uploads\/2016\/05\/steph5.jpg?fit=1126%2C844&amp;ssl=1\" data-orig-size=\"1126,844\" data-comments-opened=\"1\" data-image-meta=\"{&quot;aperture&quot;:&quot;0&quot;,&quot;credit&quot;:&quot;&quot;,&quot;camera&quot;:&quot;&quot;,&quot;caption&quot;:&quot;&quot;,&quot;created_timestamp&quot;:&quot;0&quot;,&quot;copyright&quot;:&quot;&quot;,&quot;focal_length&quot;:&quot;0&quot;,&quot;iso&quot;:&quot;0&quot;,&quot;shutter_speed&quot;:&quot;0&quot;,&quot;title&quot;:&quot;&quot;,&quot;orientation&quot;:&quot;0&quot;}\" data-image-title=\"steph5\" data-image-description=\"\" data-image-caption=\"&lt;p&gt;Les gorges de l&amp;rsquo;Ard\u00e8che&lt;\/p&gt;\n\" data-medium-file=\"https:\/\/i0.wp.com\/fontenilles-vtt.fr\/wp\/wp-content\/uploads\/2016\/05\/steph5.jpg?fit=300%2C225&amp;ssl=1\" data-large-file=\"https:\/\/i0.wp.com\/fontenilles-vtt.fr\/wp\/wp-content\/uploads\/2016\/05\/steph5.jpg?fit=590%2C443&amp;ssl=1\" class=\"size-large wp-image-2452\" src=\"https:\/\/i0.wp.com\/fontenillesvtt.fr\/wp\/wp-content\/uploads\/2016\/05\/steph5-1024x768.jpg?resize=590%2C443\" alt=\"Les gorges de l'Ard\u00e8che\" width=\"590\" height=\"443\" srcset=\"https:\/\/i0.wp.com\/fontenilles-vtt.fr\/wp\/wp-content\/uploads\/2016\/05\/steph5.jpg?resize=1024%2C768&amp;ssl=1 1024w, https:\/\/i0.wp.com\/fontenilles-vtt.fr\/wp\/wp-content\/uploads\/2016\/05\/steph5.jpg?resize=300%2C225&amp;ssl=1 300w, https:\/\/i0.wp.com\/fontenilles-vtt.fr\/wp\/wp-content\/uploads\/2016\/05\/steph5.jpg?w=1126&amp;ssl=1 1126w\" sizes=\"(max-width: 590px) 100vw, 590px\" \/><\/a><p id=\"caption-attachment-2452\" class=\"wp-caption-text\">Les gorges de l&rsquo;Ard\u00e8che<\/p><\/div>\n<div id=\"attachment_2453\" style=\"width: 1034px\" class=\"wp-caption aligncenter\"><a href=\"https:\/\/i0.wp.com\/fontenillesvtt.fr\/wp\/wp-content\/uploads\/2016\/05\/steph6.jpg\"><img data-recalc-dims=\"1\" loading=\"lazy\" decoding=\"async\" aria-describedby=\"caption-attachment-2453\" data-attachment-id=\"2453\" data-permalink=\"https:\/\/fontenilles-vtt.fr\/wp\/?attachment_id=2453\" data-orig-file=\"https:\/\/i0.wp.com\/fontenilles-vtt.fr\/wp\/wp-content\/uploads\/2016\/05\/steph6.jpg?fit=1386%2C1039&amp;ssl=1\" data-orig-size=\"1386,1039\" data-comments-opened=\"1\" data-image-meta=\"{&quot;aperture&quot;:&quot;0&quot;,&quot;credit&quot;:&quot;&quot;,&quot;camera&quot;:&quot;&quot;,&quot;caption&quot;:&quot;&quot;,&quot;created_timestamp&quot;:&quot;0&quot;,&quot;copyright&quot;:&quot;&quot;,&quot;focal_length&quot;:&quot;0&quot;,&quot;iso&quot;:&quot;0&quot;,&quot;shutter_speed&quot;:&quot;0&quot;,&quot;title&quot;:&quot;&quot;,&quot;orientation&quot;:&quot;0&quot;}\" data-image-title=\"steph6\" data-image-description=\"\" data-image-caption=\"&lt;p&gt;Le pont d&amp;rsquo;Arc&lt;\/p&gt;\n\" data-medium-file=\"https:\/\/i0.wp.com\/fontenilles-vtt.fr\/wp\/wp-content\/uploads\/2016\/05\/steph6.jpg?fit=300%2C225&amp;ssl=1\" data-large-file=\"https:\/\/i0.wp.com\/fontenilles-vtt.fr\/wp\/wp-content\/uploads\/2016\/05\/steph6.jpg?fit=590%2C443&amp;ssl=1\" class=\"size-large wp-image-2453\" src=\"https:\/\/i0.wp.com\/fontenillesvtt.fr\/wp\/wp-content\/uploads\/2016\/05\/steph6-1024x768.jpg?resize=590%2C443\" alt=\"Le pont d'Arc\" width=\"590\" height=\"443\" srcset=\"https:\/\/i0.wp.com\/fontenilles-vtt.fr\/wp\/wp-content\/uploads\/2016\/05\/steph6.jpg?resize=1024%2C768&amp;ssl=1 1024w, https:\/\/i0.wp.com\/fontenilles-vtt.fr\/wp\/wp-content\/uploads\/2016\/05\/steph6.jpg?resize=300%2C225&amp;ssl=1 300w, https:\/\/i0.wp.com\/fontenilles-vtt.fr\/wp\/wp-content\/uploads\/2016\/05\/steph6.jpg?w=1386&amp;ssl=1 1386w, https:\/\/i0.wp.com\/fontenilles-vtt.fr\/wp\/wp-content\/uploads\/2016\/05\/steph6.jpg?w=1180&amp;ssl=1 1180w\" sizes=\"(max-width: 590px) 100vw, 590px\" \/><\/a><p id=\"caption-attachment-2453\" class=\"wp-caption-text\">Le pont d&rsquo;Arc<\/p><\/div>\n<p>&nbsp;<\/p>\n","protected":false},"excerpt":{"rendered":"<p>Voici le compte rendu d&rsquo;une semaine de vacances en Ard\u00e8che. La r\u00e9gion se pr\u00eate tr\u00e8s bien au VTT pour celui qui aime le cailloux et le d\u00e9nivel\u00e9 important. A l&rsquo;image&#8230; <\/p>\n<div class=\"read-more\"><a href=\"https:\/\/fontenilles-vtt.fr\/wp\/?p=2447\">Lire la suite<\/a><\/div>\n","protected":false},"author":1,"featured_media":0,"comment_status":"open","ping_status":"closed","sticky":false,"template":"","format":"standard","meta":{"om_disable_all_campaigns":false,"_monsterinsights_skip_tracking":false,"_monsterinsights_sitenote_active":false,"_monsterinsights_sitenote_note":"","_monsterinsights_sitenote_category":0,"ngg_post_thumbnail":0,"jetpack_post_was_ever_published":false,"_jetpack_newsletter_access":"","_jetpack_dont_email_post_to_subs":false,"_jetpack_newsletter_tier_id":0,"_jetpack_memberships_contains_paywalled_content":false,"_jetpack_memberships_contains_paid_content":false,"footnotes":"","jetpack_publicize_message":"","jetpack_publicize_feature_enabled":true,"jetpack_social_post_already_shared":false,"jetpack_social_options":{"image_generator_settings":{"template":"highway","enabled":false},"version":2}},"categories":[4],"tags":[],"jetpack_publicize_connections":[],"aioseo_notices":[],"jetpack_featured_media_url":"","jetpack_sharing_enabled":true,"jetpack_shortlink":"https:\/\/wp.me\/p9SYmx-Dt","jetpack-related-posts":[],"post_mailing_queue_ids":[],"_links":{"self":[{"href":"https:\/\/fontenilles-vtt.fr\/wp\/index.php?rest_route=\/wp\/v2\/posts\/2447"}],"collection":[{"href":"https:\/\/fontenilles-vtt.fr\/wp\/index.php?rest_route=\/wp\/v2\/posts"}],"about":[{"href":"https:\/\/fontenilles-vtt.fr\/wp\/index.php?rest_route=\/wp\/v2\/types\/post"}],"author":[{"embeddable":true,"href":"https:\/\/fontenilles-vtt.fr\/wp\/index.php?rest_route=\/wp\/v2\/users\/1"}],"replies":[{"embeddable":true,"href":"https:\/\/fontenilles-vtt.fr\/wp\/index.php?rest_route=%2Fwp%2Fv2%2Fcomments&post=2447"}],"version-history":[{"count":1,"href":"https:\/\/fontenilles-vtt.fr\/wp\/index.php?rest_route=\/wp\/v2\/posts\/2447\/revisions"}],"predecessor-version":[{"id":2454,"href":"https:\/\/fontenilles-vtt.fr\/wp\/index.php?rest_route=\/wp\/v2\/posts\/2447\/revisions\/2454"}],"wp:attachment":[{"href":"https:\/\/fontenilles-vtt.fr\/wp\/index.php?rest_route=%2Fwp%2Fv2%2Fmedia&parent=2447"}],"wp:term":[{"taxonomy":"category","embeddable":true,"href":"https:\/\/fontenilles-vtt.fr\/wp\/index.php?rest_route=%2Fwp%2Fv2%2Fcategories&post=2447"},{"taxonomy":"post_tag","embeddable":true,"href":"https:\/\/fontenilles-vtt.fr\/wp\/index.php?rest_route=%2Fwp%2Fv2%2Ftags&post=2447"}],"curies":[{"name":"wp","href":"https:\/\/api.w.org\/{rel}","templated":true}]}}