{"id":2467,"date":"2016-05-13T17:45:28","date_gmt":"2016-05-13T15:45:28","guid":{"rendered":"http:\/\/fontenillesvtt.fr\/wp\/?p=2467"},"modified":"2016-05-13T17:45:28","modified_gmt":"2016-05-13T15:45:28","slug":"week-end-club-et-prepa-des-cotes-gasconnes","status":"publish","type":"post","link":"https:\/\/fontenilles-vtt.fr\/wp\/?p=2467","title":{"rendered":"Week End Club et Prepa des Cotes Gasconnes"},"content":{"rendered":"<p>Le Week End dernier, nous avons pass\u00e9 3 superbes journ\u00e9es venteuses vers Brassac dans le Sidobre.<\/p>\n<p>Le Compte-Rendu est dispo sur la page\u00a0http:\/\/fontenillesvtt.fr\/wp\/?page_id=2455.<\/p>\n<p>&nbsp;<\/p>\n<p>En parall\u00e8le, nous avons finalis\u00e9 les circuits de la randonn\u00e9e, il faut maintenant aller d\u00e9broussailler.<\/p>\n<p>Si vous voulez nous aider, munissez-vous d&rsquo;un s\u00e9cateur sur vos sorties locales et coupez les ronces \ud83d\ude42<\/p>\n","protected":false},"excerpt":{"rendered":"<p>Le Week End dernier, nous avons pass\u00e9 3 superbes journ\u00e9es venteuses vers Brassac dans le Sidobre. Le Compte-Rendu est dispo sur la page\u00a0http:\/\/fontenillesvtt.fr\/wp\/?page_id=2455. &nbsp; En parall\u00e8le, nous avons finalis\u00e9 les&#8230; <\/p>\n<div class=\"read-more\"><a href=\"https:\/\/fontenilles-vtt.fr\/wp\/?p=2467\">Lire la suite<\/a><\/div>\n","protected":false},"author":1,"featured_media":0,"comment_status":"open","ping_status":"closed","sticky":false,"template":"","format":"standard","meta":{"om_disable_all_campaigns":false,"_monsterinsights_skip_tracking":false,"_monsterinsights_sitenote_active":false,"_monsterinsights_sitenote_note":"","_monsterinsights_sitenote_category":0,"ngg_post_thumbnail":0,"jetpack_post_was_ever_published":false,"_jetpack_newsletter_access":"","_jetpack_dont_email_post_to_subs":false,"_jetpack_newsletter_tier_id":0,"_jetpack_memberships_contains_paywalled_content":false,"_jetpack_memberships_contains_paid_content":false,"footnotes":"","jetpack_publicize_message":"","jetpack_publicize_feature_enabled":true,"jetpack_social_post_already_shared":false,"jetpack_social_options":{"image_generator_settings":{"template":"highway","enabled":false},"version":2}},"categories":[4],"tags":[],"jetpack_publicize_connections":[],"aioseo_notices":[],"jetpack_featured_media_url":"","jetpack_sharing_enabled":true,"jetpack_shortlink":"https:\/\/wp.me\/p9SYmx-DN","jetpack-related-posts":[],"post_mailing_queue_ids":[],"_links":{"self":[{"href":"https:\/\/fontenilles-vtt.fr\/wp\/index.php?rest_route=\/wp\/v2\/posts\/2467"}],"collection":[{"href":"https:\/\/fontenilles-vtt.fr\/wp\/index.php?rest_route=\/wp\/v2\/posts"}],"about":[{"href":"https:\/\/fontenilles-vtt.fr\/wp\/index.php?rest_route=\/wp\/v2\/types\/post"}],"author":[{"embeddable":true,"href":"https:\/\/fontenilles-vtt.fr\/wp\/index.php?rest_route=\/wp\/v2\/users\/1"}],"replies":[{"embeddable":true,"href":"https:\/\/fontenilles-vtt.fr\/wp\/index.php?rest_route=%2Fwp%2Fv2%2Fcomments&post=2467"}],"version-history":[{"count":1,"href":"https:\/\/fontenilles-vtt.fr\/wp\/index.php?rest_route=\/wp\/v2\/posts\/2467\/revisions"}],"predecessor-version":[{"id":2468,"href":"https:\/\/fontenilles-vtt.fr\/wp\/index.php?rest_route=\/wp\/v2\/posts\/2467\/revisions\/2468"}],"wp:attachment":[{"href":"https:\/\/fontenilles-vtt.fr\/wp\/index.php?rest_route=%2Fwp%2Fv2%2Fmedia&parent=2467"}],"wp:term":[{"taxonomy":"category","embeddable":true,"href":"https:\/\/fontenilles-vtt.fr\/wp\/index.php?rest_route=%2Fwp%2Fv2%2Fcategories&post=2467"},{"taxonomy":"post_tag","embeddable":true,"href":"https:\/\/fontenilles-vtt.fr\/wp\/index.php?rest_route=%2Fwp%2Fv2%2Ftags&post=2467"}],"curies":[{"name":"wp","href":"https:\/\/api.w.org\/{rel}","templated":true}]}}