{"id":2475,"date":"2016-05-31T22:03:23","date_gmt":"2016-05-31T20:03:23","guid":{"rendered":"http:\/\/fontenillesvtt.fr\/wp\/?p=2475"},"modified":"2016-05-31T22:05:43","modified_gmt":"2016-05-31T20:05:43","slug":"bonne-nouvelle-de-derniere-minute-nous-rajoutons-un-parcours-intermediaire-de-30-km-sur-les-cotes-gasconnes","status":"publish","type":"post","link":"https:\/\/fontenilles-vtt.fr\/wp\/?p=2475","title":{"rendered":"Bonne nouvelle de derni\u00e8re minute: nous rajoutons un parcours interm\u00e9diaire de 30 km sur les C\u00f4tes Gasconnes"},"content":{"rendered":"<p>Avis \u00e0 tous, suite \u00e0 des demandes pertinentes de copains v\u00e9t\u00e9tistes, nous avons d\u00e9cid\u00e9 de baliser un parcours additionnel interm\u00e9diaire pour ceux que le 45 km effraient et qui trouvent que le 20km est trop simple (car destin\u00e9 aux plus jeunes et sans trop de difficult\u00e9s).<\/p>\n<p>Ce nouveau parcours, bas\u00e9 sur les parcours existants sera plus ludique et plus technique que le 20km. Il empruntera le d\u00e9but du 45km et le final du 60km pour un total de 30km avec 550m de D+.<\/p>\n<p>N&rsquo;h\u00e9sitez pas \u00e0 venir l&rsquo;essayer.<\/p>\n<p>Rendez-vous \u00e0 tous dimanche entre 8 et 10h au stade de Rugby de Fontenilles ou \u00e0 la maison du tourisme de l&rsquo;Isle Jourdain sur les bords du Lac.<\/p>\n","protected":false},"excerpt":{"rendered":"<p>Avis \u00e0 tous, suite \u00e0 des demandes pertinentes de copains v\u00e9t\u00e9tistes, nous avons d\u00e9cid\u00e9 de baliser un parcours additionnel interm\u00e9diaire pour ceux que le 45 km effraient et qui trouvent&#8230; <\/p>\n<div class=\"read-more\"><a href=\"https:\/\/fontenilles-vtt.fr\/wp\/?p=2475\">Lire la suite<\/a><\/div>\n","protected":false},"author":1,"featured_media":0,"comment_status":"open","ping_status":"closed","sticky":false,"template":"","format":"standard","meta":{"om_disable_all_campaigns":false,"_monsterinsights_skip_tracking":false,"_monsterinsights_sitenote_active":false,"_monsterinsights_sitenote_note":"","_monsterinsights_sitenote_category":0,"ngg_post_thumbnail":0,"jetpack_post_was_ever_published":false,"_jetpack_newsletter_access":"","_jetpack_dont_email_post_to_subs":false,"_jetpack_newsletter_tier_id":0,"_jetpack_memberships_contains_paywalled_content":false,"_jetpack_memberships_contains_paid_content":false,"footnotes":"","jetpack_publicize_message":"","jetpack_publicize_feature_enabled":true,"jetpack_social_post_already_shared":false,"jetpack_social_options":{"image_generator_settings":{"template":"highway","enabled":false},"version":2}},"categories":[4],"tags":[],"jetpack_publicize_connections":[],"aioseo_notices":[],"jetpack_featured_media_url":"","jetpack_sharing_enabled":true,"jetpack_shortlink":"https:\/\/wp.me\/p9SYmx-DV","jetpack-related-posts":[],"post_mailing_queue_ids":[],"_links":{"self":[{"href":"https:\/\/fontenilles-vtt.fr\/wp\/index.php?rest_route=\/wp\/v2\/posts\/2475"}],"collection":[{"href":"https:\/\/fontenilles-vtt.fr\/wp\/index.php?rest_route=\/wp\/v2\/posts"}],"about":[{"href":"https:\/\/fontenilles-vtt.fr\/wp\/index.php?rest_route=\/wp\/v2\/types\/post"}],"author":[{"embeddable":true,"href":"https:\/\/fontenilles-vtt.fr\/wp\/index.php?rest_route=\/wp\/v2\/users\/1"}],"replies":[{"embeddable":true,"href":"https:\/\/fontenilles-vtt.fr\/wp\/index.php?rest_route=%2Fwp%2Fv2%2Fcomments&post=2475"}],"version-history":[{"count":1,"href":"https:\/\/fontenilles-vtt.fr\/wp\/index.php?rest_route=\/wp\/v2\/posts\/2475\/revisions"}],"predecessor-version":[{"id":2476,"href":"https:\/\/fontenilles-vtt.fr\/wp\/index.php?rest_route=\/wp\/v2\/posts\/2475\/revisions\/2476"}],"wp:attachment":[{"href":"https:\/\/fontenilles-vtt.fr\/wp\/index.php?rest_route=%2Fwp%2Fv2%2Fmedia&parent=2475"}],"wp:term":[{"taxonomy":"category","embeddable":true,"href":"https:\/\/fontenilles-vtt.fr\/wp\/index.php?rest_route=%2Fwp%2Fv2%2Fcategories&post=2475"},{"taxonomy":"post_tag","embeddable":true,"href":"https:\/\/fontenilles-vtt.fr\/wp\/index.php?rest_route=%2Fwp%2Fv2%2Ftags&post=2475"}],"curies":[{"name":"wp","href":"https:\/\/api.w.org\/{rel}","templated":true}]}}