{"id":2482,"date":"2016-06-06T17:22:54","date_gmt":"2016-06-06T15:22:54","guid":{"rendered":"http:\/\/fontenillesvtt.fr\/wp\/?p=2482"},"modified":"2016-06-07T13:21:34","modified_gmt":"2016-06-07T11:21:34","slug":"grand-succes-des-12e-cotes-gasconnes","status":"publish","type":"post","link":"https:\/\/fontenilles-vtt.fr\/wp\/?p=2482","title":{"rendered":"Grand succ\u00e8s des 12e C\u00f4tes Gasconnes"},"content":{"rendered":"<p>Dimanche 5 juin, se sont donc d\u00e9roul\u00e9es dans une ambiance de premier week-end ensoleill\u00e9 de l&rsquo;ann\u00e9e les 12e C\u00f4tes Gasconnes.<\/p>\n<p>La foule des grandes ann\u00e9es \u00e9tait au rendez-vous. Les premiers Riders arrivent \u00e0 7h15 alors que nous sommes encore en train de monter les stands.<\/p>\n<p>De 8h \u00e0 9h se succ\u00e8dent les vttistes d\u00e9sireux d&rsquo;affronter les grandes distances, alors que de 9 \u00e0 10h arrivent une majorit\u00e9 de candidats aux p\u00e9destre, 20km et 30km, tr\u00e8s pl\u00e9biscit\u00e9.<\/p>\n<p>Le soleil est l\u00e0, et le samedi chaud a s\u00e9ch\u00e9 les sols plut\u00f4t boueux apr\u00e8s les nombreuses pluies de la semaine.<\/p>\n<p>Les cr\u00e8pes propos\u00e9es d\u00e8s le petit d\u00e9jeuner s&rsquo;arrachent sur le stand avec les caf\u00e9s et muffins \u00e0 la cerise faits maison.<\/p>\n<p>A 10h, le convoi des jeunes accompagn\u00e9s s&rsquo;\u00e9lancent alors que les duathl\u00e8tes repartent d\u00e9j\u00e0 pour le v\u00e9lo.<\/p>\n<p>Bient\u00f4t, les vttistes venus de l&rsquo;Isle-Jourdain vont arriver, il faut donc pr\u00e9parer le ravitaillement, qui s&rsquo;ajoute aux ravitos de Lias, l&rsquo;Isle et Bon Repos. Les cr\u00e8pes sont de nouveau \u00e0 la f\u00eate sur tous les ravitaillements, jusqu&rsquo;\u00e0 manquer \u00e0 certains moments.<\/p>\n<p>Enfin, les premi\u00e8res arriv\u00e9es, par flots successifs, sont accueillies par de fraiches bi\u00e8res et un barbecue \u00e0 la saucisse de Lias.<\/p>\n<p>Au total, pr\u00e8s de 600 personnes se sont retrouv\u00e9es sur nos chemins, courant, p\u00e9dalant, buvant et mangeant.<\/p>\n<p>&nbsp;<\/p>\n<p>Merci \u00e0 tous d&rsquo;avoir fait de cet \u00e9v\u00e8nement un succ\u00e8s.<\/p>\n<p>(ps: joli t\u00e9moignage de Yves sur son blog:\u00a0<a href=\"http:\/\/yves-vtt.blogspot.co.uk\/2016\/06\/fontenilles-cotes-gasconnes-2016.html\">http:\/\/yves-vtt.blogspot.co.uk\/2016\/06\/fontenilles-cotes-gasconnes-2016.html)<\/a><\/p>\n<p><a href=\"https:\/\/i0.wp.com\/fontenillesvtt.fr\/wp\/wp-content\/uploads\/2016\/06\/20160605_0800351.jpg\"><img data-recalc-dims=\"1\" loading=\"lazy\" decoding=\"async\" data-attachment-id=\"2483\" data-permalink=\"https:\/\/fontenilles-vtt.fr\/wp\/?attachment_id=2483\" data-orig-file=\"https:\/\/i0.wp.com\/fontenilles-vtt.fr\/wp\/wp-content\/uploads\/2016\/06\/20160605_0800351.jpg?fit=4128%2C2322&amp;ssl=1\" data-orig-size=\"4128,2322\" data-comments-opened=\"1\" data-image-meta=\"{&quot;aperture&quot;:&quot;2.2&quot;,&quot;credit&quot;:&quot;&quot;,&quot;camera&quot;:&quot;GT-I9505&quot;,&quot;caption&quot;:&quot;&quot;,&quot;created_timestamp&quot;:&quot;1465113635&quot;,&quot;copyright&quot;:&quot;&quot;,&quot;focal_length&quot;:&quot;4.2&quot;,&quot;iso&quot;:&quot;50&quot;,&quot;shutter_speed&quot;:&quot;0.0014084507042254&quot;,&quot;title&quot;:&quot;&quot;,&quot;orientation&quot;:&quot;1&quot;}\" data-image-title=\"20160605_080035[1]\" data-image-description=\"\" data-image-caption=\"\" data-medium-file=\"https:\/\/i0.wp.com\/fontenilles-vtt.fr\/wp\/wp-content\/uploads\/2016\/06\/20160605_0800351.jpg?fit=300%2C169&amp;ssl=1\" data-large-file=\"https:\/\/i0.wp.com\/fontenilles-vtt.fr\/wp\/wp-content\/uploads\/2016\/06\/20160605_0800351.jpg?fit=590%2C332&amp;ssl=1\" class=\"aligncenter size-large wp-image-2483\" src=\"https:\/\/i0.wp.com\/fontenillesvtt.fr\/wp\/wp-content\/uploads\/2016\/06\/20160605_0800351-1024x576.jpg?resize=590%2C332\" alt=\"20160605_080035[1]\" width=\"590\" height=\"332\" srcset=\"https:\/\/i0.wp.com\/fontenilles-vtt.fr\/wp\/wp-content\/uploads\/2016\/06\/20160605_0800351.jpg?resize=1024%2C576&amp;ssl=1 1024w, https:\/\/i0.wp.com\/fontenilles-vtt.fr\/wp\/wp-content\/uploads\/2016\/06\/20160605_0800351.jpg?resize=300%2C169&amp;ssl=1 300w, https:\/\/i0.wp.com\/fontenilles-vtt.fr\/wp\/wp-content\/uploads\/2016\/06\/20160605_0800351.jpg?resize=768%2C432&amp;ssl=1 768w, https:\/\/i0.wp.com\/fontenilles-vtt.fr\/wp\/wp-content\/uploads\/2016\/06\/20160605_0800351.jpg?w=1180&amp;ssl=1 1180w, https:\/\/i0.wp.com\/fontenilles-vtt.fr\/wp\/wp-content\/uploads\/2016\/06\/20160605_0800351.jpg?w=1770&amp;ssl=1 1770w\" sizes=\"(max-width: 590px) 100vw, 590px\" \/><\/a> <a href=\"https:\/\/i0.wp.com\/fontenillesvtt.fr\/wp\/wp-content\/uploads\/2016\/06\/20160605_0831101.jpg\"><img data-recalc-dims=\"1\" loading=\"lazy\" decoding=\"async\" data-attachment-id=\"2484\" data-permalink=\"https:\/\/fontenilles-vtt.fr\/wp\/?attachment_id=2484\" data-orig-file=\"https:\/\/i0.wp.com\/fontenilles-vtt.fr\/wp\/wp-content\/uploads\/2016\/06\/20160605_0831101.jpg?fit=4128%2C2322&amp;ssl=1\" data-orig-size=\"4128,2322\" data-comments-opened=\"1\" data-image-meta=\"{&quot;aperture&quot;:&quot;2.2&quot;,&quot;credit&quot;:&quot;&quot;,&quot;camera&quot;:&quot;GT-I9505&quot;,&quot;caption&quot;:&quot;&quot;,&quot;created_timestamp&quot;:&quot;1465115469&quot;,&quot;copyright&quot;:&quot;&quot;,&quot;focal_length&quot;:&quot;4.2&quot;,&quot;iso&quot;:&quot;50&quot;,&quot;shutter_speed&quot;:&quot;0.03030303030303&quot;,&quot;title&quot;:&quot;&quot;,&quot;orientation&quot;:&quot;1&quot;}\" data-image-title=\"20160605_083110[1]\" data-image-description=\"\" data-image-caption=\"\" data-medium-file=\"https:\/\/i0.wp.com\/fontenilles-vtt.fr\/wp\/wp-content\/uploads\/2016\/06\/20160605_0831101.jpg?fit=300%2C169&amp;ssl=1\" data-large-file=\"https:\/\/i0.wp.com\/fontenilles-vtt.fr\/wp\/wp-content\/uploads\/2016\/06\/20160605_0831101.jpg?fit=590%2C332&amp;ssl=1\" class=\"aligncenter size-large wp-image-2484\" src=\"https:\/\/i0.wp.com\/fontenillesvtt.fr\/wp\/wp-content\/uploads\/2016\/06\/20160605_0831101-1024x576.jpg?resize=590%2C332\" alt=\"20160605_083110[1]\" width=\"590\" height=\"332\" srcset=\"https:\/\/i0.wp.com\/fontenilles-vtt.fr\/wp\/wp-content\/uploads\/2016\/06\/20160605_0831101.jpg?resize=1024%2C576&amp;ssl=1 1024w, https:\/\/i0.wp.com\/fontenilles-vtt.fr\/wp\/wp-content\/uploads\/2016\/06\/20160605_0831101.jpg?resize=300%2C169&amp;ssl=1 300w, https:\/\/i0.wp.com\/fontenilles-vtt.fr\/wp\/wp-content\/uploads\/2016\/06\/20160605_0831101.jpg?resize=768%2C432&amp;ssl=1 768w, https:\/\/i0.wp.com\/fontenilles-vtt.fr\/wp\/wp-content\/uploads\/2016\/06\/20160605_0831101.jpg?w=1180&amp;ssl=1 1180w, https:\/\/i0.wp.com\/fontenilles-vtt.fr\/wp\/wp-content\/uploads\/2016\/06\/20160605_0831101.jpg?w=1770&amp;ssl=1 1770w\" sizes=\"(max-width: 590px) 100vw, 590px\" \/><\/a> <a href=\"https:\/\/i0.wp.com\/fontenillesvtt.fr\/wp\/wp-content\/uploads\/2016\/06\/20160605_0830541.jpg\"><img data-recalc-dims=\"1\" loading=\"lazy\" decoding=\"async\" data-attachment-id=\"2485\" data-permalink=\"https:\/\/fontenilles-vtt.fr\/wp\/?attachment_id=2485\" data-orig-file=\"https:\/\/i0.wp.com\/fontenilles-vtt.fr\/wp\/wp-content\/uploads\/2016\/06\/20160605_0830541.jpg?fit=4128%2C2322&amp;ssl=1\" data-orig-size=\"4128,2322\" data-comments-opened=\"1\" data-image-meta=\"{&quot;aperture&quot;:&quot;2.2&quot;,&quot;credit&quot;:&quot;&quot;,&quot;camera&quot;:&quot;GT-I9505&quot;,&quot;caption&quot;:&quot;&quot;,&quot;created_timestamp&quot;:&quot;1465115454&quot;,&quot;copyright&quot;:&quot;&quot;,&quot;focal_length&quot;:&quot;4.2&quot;,&quot;iso&quot;:&quot;50&quot;,&quot;shutter_speed&quot;:&quot;0.0065359477124183&quot;,&quot;title&quot;:&quot;&quot;,&quot;orientation&quot;:&quot;1&quot;}\" data-image-title=\"20160605_083054[1]\" data-image-description=\"\" data-image-caption=\"\" data-medium-file=\"https:\/\/i0.wp.com\/fontenilles-vtt.fr\/wp\/wp-content\/uploads\/2016\/06\/20160605_0830541.jpg?fit=300%2C169&amp;ssl=1\" data-large-file=\"https:\/\/i0.wp.com\/fontenilles-vtt.fr\/wp\/wp-content\/uploads\/2016\/06\/20160605_0830541.jpg?fit=590%2C332&amp;ssl=1\" class=\"aligncenter size-large wp-image-2485\" src=\"https:\/\/i0.wp.com\/fontenillesvtt.fr\/wp\/wp-content\/uploads\/2016\/06\/20160605_0830541-1024x576.jpg?resize=590%2C332\" alt=\"20160605_083054[1]\" width=\"590\" height=\"332\" srcset=\"https:\/\/i0.wp.com\/fontenilles-vtt.fr\/wp\/wp-content\/uploads\/2016\/06\/20160605_0830541.jpg?resize=1024%2C576&amp;ssl=1 1024w, https:\/\/i0.wp.com\/fontenilles-vtt.fr\/wp\/wp-content\/uploads\/2016\/06\/20160605_0830541.jpg?resize=300%2C169&amp;ssl=1 300w, https:\/\/i0.wp.com\/fontenilles-vtt.fr\/wp\/wp-content\/uploads\/2016\/06\/20160605_0830541.jpg?resize=768%2C432&amp;ssl=1 768w, https:\/\/i0.wp.com\/fontenilles-vtt.fr\/wp\/wp-content\/uploads\/2016\/06\/20160605_0830541.jpg?w=1180&amp;ssl=1 1180w, https:\/\/i0.wp.com\/fontenilles-vtt.fr\/wp\/wp-content\/uploads\/2016\/06\/20160605_0830541.jpg?w=1770&amp;ssl=1 1770w\" sizes=\"(max-width: 590px) 100vw, 590px\" \/><\/a><\/p>\n<p>FontenillesVTT<\/p>\n<p>&nbsp;<\/p>\n","protected":false},"excerpt":{"rendered":"<p>Dimanche 5 juin, se sont donc d\u00e9roul\u00e9es dans une ambiance de premier week-end ensoleill\u00e9 de l&rsquo;ann\u00e9e les 12e C\u00f4tes Gasconnes. La foule des grandes ann\u00e9es \u00e9tait au rendez-vous. Les premiers&#8230; <\/p>\n<div class=\"read-more\"><a href=\"https:\/\/fontenilles-vtt.fr\/wp\/?p=2482\">Lire la suite<\/a><\/div>\n","protected":false},"author":1,"featured_media":0,"comment_status":"open","ping_status":"closed","sticky":false,"template":"","format":"standard","meta":{"om_disable_all_campaigns":false,"_monsterinsights_skip_tracking":false,"_monsterinsights_sitenote_active":false,"_monsterinsights_sitenote_note":"","_monsterinsights_sitenote_category":0,"ngg_post_thumbnail":0,"jetpack_post_was_ever_published":false,"_jetpack_newsletter_access":"","_jetpack_dont_email_post_to_subs":false,"_jetpack_newsletter_tier_id":0,"_jetpack_memberships_contains_paywalled_content":false,"_jetpack_memberships_contains_paid_content":false,"footnotes":"","jetpack_publicize_message":"","jetpack_publicize_feature_enabled":true,"jetpack_social_post_already_shared":false,"jetpack_social_options":{"image_generator_settings":{"template":"highway","enabled":false},"version":2}},"categories":[4],"tags":[],"jetpack_publicize_connections":[],"aioseo_notices":[],"jetpack_featured_media_url":"","jetpack_sharing_enabled":true,"jetpack_shortlink":"https:\/\/wp.me\/p9SYmx-E2","jetpack-related-posts":[],"post_mailing_queue_ids":[],"_links":{"self":[{"href":"https:\/\/fontenilles-vtt.fr\/wp\/index.php?rest_route=\/wp\/v2\/posts\/2482"}],"collection":[{"href":"https:\/\/fontenilles-vtt.fr\/wp\/index.php?rest_route=\/wp\/v2\/posts"}],"about":[{"href":"https:\/\/fontenilles-vtt.fr\/wp\/index.php?rest_route=\/wp\/v2\/types\/post"}],"author":[{"embeddable":true,"href":"https:\/\/fontenilles-vtt.fr\/wp\/index.php?rest_route=\/wp\/v2\/users\/1"}],"replies":[{"embeddable":true,"href":"https:\/\/fontenilles-vtt.fr\/wp\/index.php?rest_route=%2Fwp%2Fv2%2Fcomments&post=2482"}],"version-history":[{"count":2,"href":"https:\/\/fontenilles-vtt.fr\/wp\/index.php?rest_route=\/wp\/v2\/posts\/2482\/revisions"}],"predecessor-version":[{"id":2487,"href":"https:\/\/fontenilles-vtt.fr\/wp\/index.php?rest_route=\/wp\/v2\/posts\/2482\/revisions\/2487"}],"wp:attachment":[{"href":"https:\/\/fontenilles-vtt.fr\/wp\/index.php?rest_route=%2Fwp%2Fv2%2Fmedia&parent=2482"}],"wp:term":[{"taxonomy":"category","embeddable":true,"href":"https:\/\/fontenilles-vtt.fr\/wp\/index.php?rest_route=%2Fwp%2Fv2%2Fcategories&post=2482"},{"taxonomy":"post_tag","embeddable":true,"href":"https:\/\/fontenilles-vtt.fr\/wp\/index.php?rest_route=%2Fwp%2Fv2%2Ftags&post=2482"}],"curies":[{"name":"wp","href":"https:\/\/api.w.org\/{rel}","templated":true}]}}