{"id":2508,"date":"2016-06-27T11:29:58","date_gmt":"2016-06-27T09:29:58","guid":{"rendered":"http:\/\/fontenillesvtt.fr\/wp\/?p=2508"},"modified":"2016-06-27T11:31:37","modified_gmt":"2016-06-27T09:31:37","slug":"coteaux-gersois-et-calvetout-a-revel-sous-le-soleil","status":"publish","type":"post","link":"https:\/\/fontenilles-vtt.fr\/wp\/?p=2508","title":{"rendered":"Coteaux Gersois et Calvetout \u00e0 Revel, sous le soleil"},"content":{"rendered":"<p><a href=\"https:\/\/i0.wp.com\/fontenillesvtt.fr\/wp\/wp-content\/uploads\/2016\/06\/20160626_0914301-e1467019885734.jpg\"><img data-recalc-dims=\"1\" loading=\"lazy\" decoding=\"async\" data-attachment-id=\"2509\" data-permalink=\"https:\/\/fontenilles-vtt.fr\/wp\/?attachment_id=2509\" data-orig-file=\"https:\/\/i0.wp.com\/fontenilles-vtt.fr\/wp\/wp-content\/uploads\/2016\/06\/20160626_0914301-e1467019885734.jpg?fit=4128%2C2322&amp;ssl=1\" data-orig-size=\"4128,2322\" data-comments-opened=\"1\" data-image-meta=\"{&quot;aperture&quot;:&quot;2.2&quot;,&quot;credit&quot;:&quot;&quot;,&quot;camera&quot;:&quot;GT-I9505&quot;,&quot;caption&quot;:&quot;&quot;,&quot;created_timestamp&quot;:&quot;1466932470&quot;,&quot;copyright&quot;:&quot;&quot;,&quot;focal_length&quot;:&quot;4.2&quot;,&quot;iso&quot;:&quot;50&quot;,&quot;shutter_speed&quot;:&quot;0.0036231884057971&quot;,&quot;title&quot;:&quot;&quot;,&quot;orientation&quot;:&quot;3&quot;}\" data-image-title=\"20160626_091430[1]\" data-image-description=\"\" data-image-caption=\"\" data-medium-file=\"https:\/\/i0.wp.com\/fontenilles-vtt.fr\/wp\/wp-content\/uploads\/2016\/06\/20160626_0914301-e1467019885734.jpg?fit=300%2C169&amp;ssl=1\" data-large-file=\"https:\/\/i0.wp.com\/fontenilles-vtt.fr\/wp\/wp-content\/uploads\/2016\/06\/20160626_0914301-e1467019885734.jpg?fit=590%2C332&amp;ssl=1\" class=\"aligncenter size-large wp-image-2509\" src=\"https:\/\/i0.wp.com\/fontenillesvtt.fr\/wp\/wp-content\/uploads\/2016\/06\/20160626_0914301-e1467019885734-1024x576.jpg?resize=590%2C332\" alt=\"20160626_091430[1]\" width=\"590\" height=\"332\" srcset=\"https:\/\/i0.wp.com\/fontenilles-vtt.fr\/wp\/wp-content\/uploads\/2016\/06\/20160626_0914301-e1467019885734.jpg?resize=1024%2C576&amp;ssl=1 1024w, https:\/\/i0.wp.com\/fontenilles-vtt.fr\/wp\/wp-content\/uploads\/2016\/06\/20160626_0914301-e1467019885734.jpg?resize=300%2C169&amp;ssl=1 300w, https:\/\/i0.wp.com\/fontenilles-vtt.fr\/wp\/wp-content\/uploads\/2016\/06\/20160626_0914301-e1467019885734.jpg?resize=768%2C432&amp;ssl=1 768w, https:\/\/i0.wp.com\/fontenilles-vtt.fr\/wp\/wp-content\/uploads\/2016\/06\/20160626_0914301-e1467019885734.jpg?w=1180&amp;ssl=1 1180w, https:\/\/i0.wp.com\/fontenilles-vtt.fr\/wp\/wp-content\/uploads\/2016\/06\/20160626_0914301-e1467019885734.jpg?w=1770&amp;ssl=1 1770w\" sizes=\"(max-width: 590px) 100vw, 590px\" \/><\/a>Ce dimanche, Florent, Lionel et CandeLolo ont d\u00e9cid\u00e9 de se rendre au lac de St Ferr\u00e9ol pour faire la Calvetout, d\u00e9sormais fin juin.<\/p>\n<p>Candelolo, guerrier, revenait tout juste de l&rsquo;Ari\u00e9geoise XXL, ce qui fait que j&rsquo;ai r\u00e9ussi \u00e0 le suivre tellement les jambes n&rsquo;y \u00e9taient pas.<\/p>\n<p>Au programme, une premi\u00e8re boucle de 28 km c\u00f4t\u00e9 Ouest puis Sud du lac. D\u00e9part roulant mais vite nous nous r\u00e9galons dans les singles forestiers et le long du canal. Apr\u00e8s la mise en bouche c\u00f4t\u00e9 Ouest et un ravito sponsoris\u00e9 par Isostar, et franchement tr\u00e8s appr\u00e9ci\u00e9, grosse mont\u00e9e vers le Sud, longue, par la route d&rsquo;abord, puis un peu de singles, puis un chemin forestier. En haut, nous avons le choix de prendre une variante plus raide, tr\u00e8s sympa, rocailleuse et ludique.<\/p>\n<p>Retour au lac par les plages, puis nous nous relan\u00e7ons sur la boucle de 21km c\u00f4t\u00e9 Est et le Roc de l&rsquo;homme. Tout de suite, \u00e7a grimpe s\u00e9v\u00e8re en 2 grosses bosses. Nous longeons ensuite les canalisations, puis prenons la derni\u00e8re descente en variante aussi, dans les sous bois, en d\u00e9vers et en terre meuble mais qui accroche, c&rsquo;est trialisant et vraiment tr\u00e8s chouette. Lolo, \u00e9puis\u00e9, coupe par la descente directe.<\/p>\n<p>Nous le retrouvons au lac o\u00f9 nous r\u00e9cup\u00e9rons une belle assiette de charcuterie, chips, coca, fruits ainsi que pour moi un joli lot au tirage au sort avec un compteur v\u00e9lo en cadeau. La veille de mon anniversaire, c&rsquo;est sympa.<\/p>\n<p>Au total, 50km avec 1440m de D+ \u00e0 13km\/h de moyenne, sur un terrain sec et bien roulant, tr\u00e8s ludique et vari\u00e9 comme d&rsquo;habitude, tr\u00e8s bien balis\u00e9 m\u00eame si les histoires de boucles et variantes nous ont fait douter plus d&rsquo;une fois.<\/p>\n<p>Lionel<a href=\"https:\/\/i0.wp.com\/fontenillesvtt.fr\/wp\/wp-content\/uploads\/2016\/06\/20160626_124800.jpg\"><img data-recalc-dims=\"1\" loading=\"lazy\" decoding=\"async\" data-attachment-id=\"2510\" data-permalink=\"https:\/\/fontenilles-vtt.fr\/wp\/?attachment_id=2510\" data-orig-file=\"https:\/\/i0.wp.com\/fontenilles-vtt.fr\/wp\/wp-content\/uploads\/2016\/06\/20160626_124800.jpg?fit=1920%2C1080&amp;ssl=1\" data-orig-size=\"1920,1080\" data-comments-opened=\"1\" data-image-meta=\"{&quot;aperture&quot;:&quot;2.45&quot;,&quot;credit&quot;:&quot;&quot;,&quot;camera&quot;:&quot;GT-I9505&quot;,&quot;caption&quot;:&quot;&quot;,&quot;created_timestamp&quot;:&quot;1466945280&quot;,&quot;copyright&quot;:&quot;&quot;,&quot;focal_length&quot;:&quot;1.85&quot;,&quot;iso&quot;:&quot;50&quot;,&quot;shutter_speed&quot;:&quot;0.00097087378640777&quot;,&quot;title&quot;:&quot;&quot;,&quot;orientation&quot;:&quot;1&quot;}\" data-image-title=\"20160626_124800\" data-image-description=\"\" data-image-caption=\"\" data-medium-file=\"https:\/\/i0.wp.com\/fontenilles-vtt.fr\/wp\/wp-content\/uploads\/2016\/06\/20160626_124800.jpg?fit=300%2C169&amp;ssl=1\" data-large-file=\"https:\/\/i0.wp.com\/fontenilles-vtt.fr\/wp\/wp-content\/uploads\/2016\/06\/20160626_124800.jpg?fit=590%2C332&amp;ssl=1\" class=\"aligncenter size-large wp-image-2510\" src=\"https:\/\/i0.wp.com\/fontenillesvtt.fr\/wp\/wp-content\/uploads\/2016\/06\/20160626_124800-1024x576.jpg?resize=590%2C332\" alt=\"20160626_124800\" width=\"590\" height=\"332\" srcset=\"https:\/\/i0.wp.com\/fontenilles-vtt.fr\/wp\/wp-content\/uploads\/2016\/06\/20160626_124800.jpg?resize=1024%2C576&amp;ssl=1 1024w, https:\/\/i0.wp.com\/fontenilles-vtt.fr\/wp\/wp-content\/uploads\/2016\/06\/20160626_124800.jpg?resize=300%2C169&amp;ssl=1 300w, https:\/\/i0.wp.com\/fontenilles-vtt.fr\/wp\/wp-content\/uploads\/2016\/06\/20160626_124800.jpg?resize=768%2C432&amp;ssl=1 768w, https:\/\/i0.wp.com\/fontenilles-vtt.fr\/wp\/wp-content\/uploads\/2016\/06\/20160626_124800.jpg?w=1920&amp;ssl=1 1920w, https:\/\/i0.wp.com\/fontenilles-vtt.fr\/wp\/wp-content\/uploads\/2016\/06\/20160626_124800.jpg?w=1180&amp;ssl=1 1180w, https:\/\/i0.wp.com\/fontenilles-vtt.fr\/wp\/wp-content\/uploads\/2016\/06\/20160626_124800.jpg?w=1770&amp;ssl=1 1770w\" sizes=\"(max-width: 590px) 100vw, 590px\" \/><\/a> <a href=\"https:\/\/i0.wp.com\/fontenillesvtt.fr\/wp\/wp-content\/uploads\/2016\/06\/20160626_124825.jpg\"><img data-recalc-dims=\"1\" loading=\"lazy\" decoding=\"async\" data-attachment-id=\"2511\" data-permalink=\"https:\/\/fontenilles-vtt.fr\/wp\/?attachment_id=2511\" data-orig-file=\"https:\/\/i0.wp.com\/fontenilles-vtt.fr\/wp\/wp-content\/uploads\/2016\/06\/20160626_124825.jpg?fit=4128%2C2322&amp;ssl=1\" data-orig-size=\"4128,2322\" data-comments-opened=\"1\" data-image-meta=\"{&quot;aperture&quot;:&quot;2.2&quot;,&quot;credit&quot;:&quot;&quot;,&quot;camera&quot;:&quot;GT-I9505&quot;,&quot;caption&quot;:&quot;&quot;,&quot;created_timestamp&quot;:&quot;1466945304&quot;,&quot;copyright&quot;:&quot;&quot;,&quot;focal_length&quot;:&quot;4.2&quot;,&quot;iso&quot;:&quot;50&quot;,&quot;shutter_speed&quot;:&quot;0.001008064516129&quot;,&quot;title&quot;:&quot;&quot;,&quot;orientation&quot;:&quot;1&quot;}\" data-image-title=\"20160626_124825\" data-image-description=\"\" data-image-caption=\"\" data-medium-file=\"https:\/\/i0.wp.com\/fontenilles-vtt.fr\/wp\/wp-content\/uploads\/2016\/06\/20160626_124825.jpg?fit=300%2C169&amp;ssl=1\" data-large-file=\"https:\/\/i0.wp.com\/fontenilles-vtt.fr\/wp\/wp-content\/uploads\/2016\/06\/20160626_124825.jpg?fit=590%2C332&amp;ssl=1\" class=\"aligncenter size-large wp-image-2511\" src=\"https:\/\/i0.wp.com\/fontenillesvtt.fr\/wp\/wp-content\/uploads\/2016\/06\/20160626_124825-1024x576.jpg?resize=590%2C332\" alt=\"20160626_124825\" width=\"590\" height=\"332\" srcset=\"https:\/\/i0.wp.com\/fontenilles-vtt.fr\/wp\/wp-content\/uploads\/2016\/06\/20160626_124825.jpg?resize=1024%2C576&amp;ssl=1 1024w, https:\/\/i0.wp.com\/fontenilles-vtt.fr\/wp\/wp-content\/uploads\/2016\/06\/20160626_124825.jpg?resize=300%2C169&amp;ssl=1 300w, https:\/\/i0.wp.com\/fontenilles-vtt.fr\/wp\/wp-content\/uploads\/2016\/06\/20160626_124825.jpg?resize=768%2C432&amp;ssl=1 768w, https:\/\/i0.wp.com\/fontenilles-vtt.fr\/wp\/wp-content\/uploads\/2016\/06\/20160626_124825.jpg?w=1180&amp;ssl=1 1180w, https:\/\/i0.wp.com\/fontenilles-vtt.fr\/wp\/wp-content\/uploads\/2016\/06\/20160626_124825.jpg?w=1770&amp;ssl=1 1770w\" sizes=\"(max-width: 590px) 100vw, 590px\" \/><\/a> <a href=\"https:\/\/i0.wp.com\/fontenillesvtt.fr\/wp\/wp-content\/uploads\/2016\/06\/20160626_124828.jpg\"><img data-recalc-dims=\"1\" loading=\"lazy\" decoding=\"async\" data-attachment-id=\"2512\" data-permalink=\"https:\/\/fontenilles-vtt.fr\/wp\/?attachment_id=2512\" data-orig-file=\"https:\/\/i0.wp.com\/fontenilles-vtt.fr\/wp\/wp-content\/uploads\/2016\/06\/20160626_124828.jpg?fit=4128%2C2322&amp;ssl=1\" data-orig-size=\"4128,2322\" data-comments-opened=\"1\" data-image-meta=\"{&quot;aperture&quot;:&quot;2.2&quot;,&quot;credit&quot;:&quot;&quot;,&quot;camera&quot;:&quot;GT-I9505&quot;,&quot;caption&quot;:&quot;&quot;,&quot;created_timestamp&quot;:&quot;1466945308&quot;,&quot;copyright&quot;:&quot;&quot;,&quot;focal_length&quot;:&quot;4.2&quot;,&quot;iso&quot;:&quot;50&quot;,&quot;shutter_speed&quot;:&quot;0.00078369905956113&quot;,&quot;title&quot;:&quot;&quot;,&quot;orientation&quot;:&quot;1&quot;}\" data-image-title=\"20160626_124828\" data-image-description=\"\" data-image-caption=\"\" data-medium-file=\"https:\/\/i0.wp.com\/fontenilles-vtt.fr\/wp\/wp-content\/uploads\/2016\/06\/20160626_124828.jpg?fit=300%2C169&amp;ssl=1\" data-large-file=\"https:\/\/i0.wp.com\/fontenilles-vtt.fr\/wp\/wp-content\/uploads\/2016\/06\/20160626_124828.jpg?fit=590%2C332&amp;ssl=1\" class=\"aligncenter size-large wp-image-2512\" src=\"https:\/\/i0.wp.com\/fontenillesvtt.fr\/wp\/wp-content\/uploads\/2016\/06\/20160626_124828-1024x576.jpg?resize=590%2C332\" alt=\"20160626_124828\" width=\"590\" height=\"332\" srcset=\"https:\/\/i0.wp.com\/fontenilles-vtt.fr\/wp\/wp-content\/uploads\/2016\/06\/20160626_124828.jpg?resize=1024%2C576&amp;ssl=1 1024w, https:\/\/i0.wp.com\/fontenilles-vtt.fr\/wp\/wp-content\/uploads\/2016\/06\/20160626_124828.jpg?resize=300%2C169&amp;ssl=1 300w, https:\/\/i0.wp.com\/fontenilles-vtt.fr\/wp\/wp-content\/uploads\/2016\/06\/20160626_124828.jpg?resize=768%2C432&amp;ssl=1 768w, https:\/\/i0.wp.com\/fontenilles-vtt.fr\/wp\/wp-content\/uploads\/2016\/06\/20160626_124828.jpg?w=1180&amp;ssl=1 1180w, https:\/\/i0.wp.com\/fontenilles-vtt.fr\/wp\/wp-content\/uploads\/2016\/06\/20160626_124828.jpg?w=1770&amp;ssl=1 1770w\" sizes=\"(max-width: 590px) 100vw, 590px\" \/><\/a><\/p>\n","protected":false},"excerpt":{"rendered":"<p>Ce dimanche, Florent, Lionel et CandeLolo ont d\u00e9cid\u00e9 de se rendre au lac de St Ferr\u00e9ol pour faire la Calvetout, d\u00e9sormais fin juin. Candelolo, guerrier, revenait tout juste de l&rsquo;Ari\u00e9geoise&#8230; <\/p>\n<div class=\"read-more\"><a href=\"https:\/\/fontenilles-vtt.fr\/wp\/?p=2508\">Lire la suite<\/a><\/div>\n","protected":false},"author":1,"featured_media":0,"comment_status":"open","ping_status":"closed","sticky":false,"template":"","format":"standard","meta":{"om_disable_all_campaigns":false,"_monsterinsights_skip_tracking":false,"_monsterinsights_sitenote_active":false,"_monsterinsights_sitenote_note":"","_monsterinsights_sitenote_category":0,"ngg_post_thumbnail":0,"jetpack_post_was_ever_published":false,"_jetpack_newsletter_access":"","_jetpack_dont_email_post_to_subs":false,"_jetpack_newsletter_tier_id":0,"_jetpack_memberships_contains_paywalled_content":false,"_jetpack_memberships_contains_paid_content":false,"footnotes":"","jetpack_publicize_message":"","jetpack_publicize_feature_enabled":true,"jetpack_social_post_already_shared":false,"jetpack_social_options":{"image_generator_settings":{"template":"highway","enabled":false},"version":2}},"categories":[4],"tags":[],"jetpack_publicize_connections":[],"aioseo_notices":[],"jetpack_featured_media_url":"","jetpack_sharing_enabled":true,"jetpack_shortlink":"https:\/\/wp.me\/p9SYmx-Es","jetpack-related-posts":[],"post_mailing_queue_ids":[],"_links":{"self":[{"href":"https:\/\/fontenilles-vtt.fr\/wp\/index.php?rest_route=\/wp\/v2\/posts\/2508"}],"collection":[{"href":"https:\/\/fontenilles-vtt.fr\/wp\/index.php?rest_route=\/wp\/v2\/posts"}],"about":[{"href":"https:\/\/fontenilles-vtt.fr\/wp\/index.php?rest_route=\/wp\/v2\/types\/post"}],"author":[{"embeddable":true,"href":"https:\/\/fontenilles-vtt.fr\/wp\/index.php?rest_route=\/wp\/v2\/users\/1"}],"replies":[{"embeddable":true,"href":"https:\/\/fontenilles-vtt.fr\/wp\/index.php?rest_route=%2Fwp%2Fv2%2Fcomments&post=2508"}],"version-history":[{"count":3,"href":"https:\/\/fontenilles-vtt.fr\/wp\/index.php?rest_route=\/wp\/v2\/posts\/2508\/revisions"}],"predecessor-version":[{"id":2515,"href":"https:\/\/fontenilles-vtt.fr\/wp\/index.php?rest_route=\/wp\/v2\/posts\/2508\/revisions\/2515"}],"wp:attachment":[{"href":"https:\/\/fontenilles-vtt.fr\/wp\/index.php?rest_route=%2Fwp%2Fv2%2Fmedia&parent=2508"}],"wp:term":[{"taxonomy":"category","embeddable":true,"href":"https:\/\/fontenilles-vtt.fr\/wp\/index.php?rest_route=%2Fwp%2Fv2%2Fcategories&post=2508"},{"taxonomy":"post_tag","embeddable":true,"href":"https:\/\/fontenilles-vtt.fr\/wp\/index.php?rest_route=%2Fwp%2Fv2%2Ftags&post=2508"}],"curies":[{"name":"wp","href":"https:\/\/api.w.org\/{rel}","templated":true}]}}