{"id":2517,"date":"2016-07-11T12:12:23","date_gmt":"2016-07-11T10:12:23","guid":{"rendered":"http:\/\/fontenillesvtt.fr\/wp\/?p=2517"},"modified":"2016-07-11T12:12:23","modified_gmt":"2016-07-11T10:12:23","slug":"au-revoir-laurent","status":"publish","type":"post","link":"https:\/\/fontenilles-vtt.fr\/wp\/?p=2517","title":{"rendered":"Au revoir Laurent"},"content":{"rendered":"<p>En l&rsquo;honneur de Laurent qui d\u00e9m\u00e9nage sur Bordeaux, nous avons fait ce dimanche une sortie locale avec le best of des collines de l&rsquo;Ouest.<\/p>\n<p><a href=\"https:\/\/i0.wp.com\/fontenillesvtt.fr\/wp\/wp-content\/uploads\/2016\/07\/20160710_120657.jpg\"><img data-recalc-dims=\"1\" loading=\"lazy\" decoding=\"async\" data-attachment-id=\"2519\" data-permalink=\"https:\/\/fontenilles-vtt.fr\/wp\/?attachment_id=2519\" data-orig-file=\"https:\/\/i0.wp.com\/fontenilles-vtt.fr\/wp\/wp-content\/uploads\/2016\/07\/20160710_120657.jpg?fit=4128%2C2322&amp;ssl=1\" data-orig-size=\"4128,2322\" data-comments-opened=\"1\" data-image-meta=\"{&quot;aperture&quot;:&quot;2.2&quot;,&quot;credit&quot;:&quot;&quot;,&quot;camera&quot;:&quot;GT-I9505&quot;,&quot;caption&quot;:&quot;&quot;,&quot;created_timestamp&quot;:&quot;1468152417&quot;,&quot;copyright&quot;:&quot;&quot;,&quot;focal_length&quot;:&quot;4.2&quot;,&quot;iso&quot;:&quot;50&quot;,&quot;shutter_speed&quot;:&quot;0.0017730496453901&quot;,&quot;title&quot;:&quot;&quot;,&quot;orientation&quot;:&quot;1&quot;}\" data-image-title=\"20160710_120657\" data-image-description=\"\" data-image-caption=\"\" data-medium-file=\"https:\/\/i0.wp.com\/fontenilles-vtt.fr\/wp\/wp-content\/uploads\/2016\/07\/20160710_120657.jpg?fit=300%2C169&amp;ssl=1\" data-large-file=\"https:\/\/i0.wp.com\/fontenilles-vtt.fr\/wp\/wp-content\/uploads\/2016\/07\/20160710_120657.jpg?fit=590%2C332&amp;ssl=1\" class=\"aligncenter size-large wp-image-2519\" src=\"https:\/\/i0.wp.com\/fontenillesvtt.fr\/wp\/wp-content\/uploads\/2016\/07\/20160710_120657-1024x576.jpg?resize=590%2C332\" alt=\"20160710_120657\" width=\"590\" height=\"332\" srcset=\"https:\/\/i0.wp.com\/fontenilles-vtt.fr\/wp\/wp-content\/uploads\/2016\/07\/20160710_120657.jpg?resize=1024%2C576&amp;ssl=1 1024w, https:\/\/i0.wp.com\/fontenilles-vtt.fr\/wp\/wp-content\/uploads\/2016\/07\/20160710_120657.jpg?resize=300%2C169&amp;ssl=1 300w, https:\/\/i0.wp.com\/fontenilles-vtt.fr\/wp\/wp-content\/uploads\/2016\/07\/20160710_120657.jpg?resize=768%2C432&amp;ssl=1 768w, https:\/\/i0.wp.com\/fontenilles-vtt.fr\/wp\/wp-content\/uploads\/2016\/07\/20160710_120657.jpg?w=1180&amp;ssl=1 1180w, https:\/\/i0.wp.com\/fontenilles-vtt.fr\/wp\/wp-content\/uploads\/2016\/07\/20160710_120657.jpg?w=1770&amp;ssl=1 1770w\" sizes=\"(max-width: 590px) 100vw, 590px\" \/><\/a><\/p>\n<p>Il faisait d\u00e9j\u00e0 une chaleur caniculaire \u00e0 8H30 quand nous nous \u00e9lan\u00e7ons, Laurent, St\u00e9phane, Candelolo, Martin, Thomas, DDP, Lionel et Eric, un nouveau, sur le parcours du 30 km, enfin sec. Au programme, mont\u00e9e \u00e0 travers le bois d&rsquo;Aramous, puis on se fait les cr\u00eates de Lias jusqu&rsquo;\u00e0 rejoindre la voie romaine. Petite boucle dans le bois de Saigu\u00e8de pour un retour au parking o\u00f9 nous attend la bi\u00e8re de circonstance et Castor, venu saluer Laurent.<\/p>\n<p>&nbsp;<\/p>\n<p>Nous souhaitons tous \u00e0 Laurent beaucoup de VTT et de vin dans sa r\u00e9gion d&rsquo;origine, en esp\u00e8rant le voir soit l\u00e0-bas, soit aussi le plus souvent possible.<\/p>\n","protected":false},"excerpt":{"rendered":"<p>En l&rsquo;honneur de Laurent qui d\u00e9m\u00e9nage sur Bordeaux, nous avons fait ce dimanche une sortie locale avec le best of des collines de l&rsquo;Ouest. Il faisait d\u00e9j\u00e0 une chaleur caniculaire&#8230; <\/p>\n<div class=\"read-more\"><a href=\"https:\/\/fontenilles-vtt.fr\/wp\/?p=2517\">Lire la suite<\/a><\/div>\n","protected":false},"author":1,"featured_media":0,"comment_status":"open","ping_status":"closed","sticky":false,"template":"","format":"standard","meta":{"om_disable_all_campaigns":false,"_monsterinsights_skip_tracking":false,"_monsterinsights_sitenote_active":false,"_monsterinsights_sitenote_note":"","_monsterinsights_sitenote_category":0,"ngg_post_thumbnail":0,"jetpack_post_was_ever_published":false,"_jetpack_newsletter_access":"","_jetpack_dont_email_post_to_subs":false,"_jetpack_newsletter_tier_id":0,"_jetpack_memberships_contains_paywalled_content":false,"_jetpack_memberships_contains_paid_content":false,"footnotes":"","jetpack_publicize_message":"","jetpack_publicize_feature_enabled":true,"jetpack_social_post_already_shared":false,"jetpack_social_options":{"image_generator_settings":{"template":"highway","enabled":false},"version":2}},"categories":[4],"tags":[],"jetpack_publicize_connections":[],"aioseo_notices":[],"jetpack_featured_media_url":"","jetpack_sharing_enabled":true,"jetpack_shortlink":"https:\/\/wp.me\/p9SYmx-EB","jetpack-related-posts":[],"post_mailing_queue_ids":[],"_links":{"self":[{"href":"https:\/\/fontenilles-vtt.fr\/wp\/index.php?rest_route=\/wp\/v2\/posts\/2517"}],"collection":[{"href":"https:\/\/fontenilles-vtt.fr\/wp\/index.php?rest_route=\/wp\/v2\/posts"}],"about":[{"href":"https:\/\/fontenilles-vtt.fr\/wp\/index.php?rest_route=\/wp\/v2\/types\/post"}],"author":[{"embeddable":true,"href":"https:\/\/fontenilles-vtt.fr\/wp\/index.php?rest_route=\/wp\/v2\/users\/1"}],"replies":[{"embeddable":true,"href":"https:\/\/fontenilles-vtt.fr\/wp\/index.php?rest_route=%2Fwp%2Fv2%2Fcomments&post=2517"}],"version-history":[{"count":2,"href":"https:\/\/fontenilles-vtt.fr\/wp\/index.php?rest_route=\/wp\/v2\/posts\/2517\/revisions"}],"predecessor-version":[{"id":2521,"href":"https:\/\/fontenilles-vtt.fr\/wp\/index.php?rest_route=\/wp\/v2\/posts\/2517\/revisions\/2521"}],"wp:attachment":[{"href":"https:\/\/fontenilles-vtt.fr\/wp\/index.php?rest_route=%2Fwp%2Fv2%2Fmedia&parent=2517"}],"wp:term":[{"taxonomy":"category","embeddable":true,"href":"https:\/\/fontenilles-vtt.fr\/wp\/index.php?rest_route=%2Fwp%2Fv2%2Fcategories&post=2517"},{"taxonomy":"post_tag","embeddable":true,"href":"https:\/\/fontenilles-vtt.fr\/wp\/index.php?rest_route=%2Fwp%2Fv2%2Ftags&post=2517"}],"curies":[{"name":"wp","href":"https:\/\/api.w.org\/{rel}","templated":true}]}}