{"id":2523,"date":"2016-07-17T20:47:10","date_gmt":"2016-07-17T18:47:10","guid":{"rendered":"http:\/\/fontenillesvtt.fr\/wp\/?p=2523"},"modified":"2016-07-17T20:47:10","modified_gmt":"2016-07-17T18:47:10","slug":"rando-a-palaja-sur-les-traces-des-sangliers","status":"publish","type":"post","link":"https:\/\/fontenilles-vtt.fr\/wp\/?p=2523","title":{"rendered":"Rando \u00e0 Palaja, sur les traces des sangliers"},"content":{"rendered":"<p>Jeudi 14 jullet, nous avons d\u00e9cid\u00e9 de red\u00e9couvrir les c\u00f4teaux de Palaja.<\/p>\n<p>Rendez-vous \u00e0 9h30 sur place, avec Lionel, Florent, Steph, GuiPro, Martin et Candelolo.<\/p>\n<p>Florent nous a concoct\u00e9 une trace issue de la c\u00e9l\u00e8bre \u00ab\u00a0trace des sangliers\u00a0\u00bb, et nous nous y \u00e9lan\u00e7ons avant les grandes chaleurs. Le parcours est comme pr\u00e9vu: que du single, des mont\u00e9es tr\u00e8s robustes. Le d\u00e9but est plut\u00f4t tr\u00e8s ludique, avec le passage avant le lac en single \u00e9poustouflant.<\/p>\n<p>Au lac, nous faisons une belle pause repas dans un cadre enchanteur.<\/p>\n<div id=\"attachment_2524\" style=\"width: 1034px\" class=\"wp-caption aligncenter\"><a href=\"https:\/\/i0.wp.com\/fontenillesvtt.fr\/wp\/wp-content\/uploads\/2016\/07\/P_20160714_125035.jpg\"><img data-recalc-dims=\"1\" loading=\"lazy\" decoding=\"async\" aria-describedby=\"caption-attachment-2524\" data-attachment-id=\"2524\" data-permalink=\"https:\/\/fontenilles-vtt.fr\/wp\/?attachment_id=2524\" data-orig-file=\"https:\/\/i0.wp.com\/fontenilles-vtt.fr\/wp\/wp-content\/uploads\/2016\/07\/P_20160714_125035.jpg?fit=4096%2C2304&amp;ssl=1\" data-orig-size=\"4096,2304\" data-comments-opened=\"1\" data-image-meta=\"{&quot;aperture&quot;:&quot;2&quot;,&quot;credit&quot;:&quot;&quot;,&quot;camera&quot;:&quot;Z00AD&quot;,&quot;caption&quot;:&quot;Jpeg&quot;,&quot;created_timestamp&quot;:&quot;1468500634&quot;,&quot;copyright&quot;:&quot;&quot;,&quot;focal_length&quot;:&quot;3.78&quot;,&quot;iso&quot;:&quot;50&quot;,&quot;shutter_speed&quot;:&quot;0.0015&quot;,&quot;title&quot;:&quot;Jpeg&quot;,&quot;orientation&quot;:&quot;1&quot;}\" data-image-title=\"Jpeg\" data-image-description=\"\" data-image-caption=\"&lt;p&gt;Jpeg&lt;\/p&gt;\n\" data-medium-file=\"https:\/\/i0.wp.com\/fontenilles-vtt.fr\/wp\/wp-content\/uploads\/2016\/07\/P_20160714_125035.jpg?fit=300%2C169&amp;ssl=1\" data-large-file=\"https:\/\/i0.wp.com\/fontenilles-vtt.fr\/wp\/wp-content\/uploads\/2016\/07\/P_20160714_125035.jpg?fit=590%2C332&amp;ssl=1\" class=\"size-large wp-image-2524\" src=\"https:\/\/i0.wp.com\/fontenillesvtt.fr\/wp\/wp-content\/uploads\/2016\/07\/P_20160714_125035-1024x576.jpg?resize=590%2C332\" alt=\"Jpeg\" width=\"590\" height=\"332\" srcset=\"https:\/\/i0.wp.com\/fontenilles-vtt.fr\/wp\/wp-content\/uploads\/2016\/07\/P_20160714_125035.jpg?resize=1024%2C576&amp;ssl=1 1024w, https:\/\/i0.wp.com\/fontenilles-vtt.fr\/wp\/wp-content\/uploads\/2016\/07\/P_20160714_125035.jpg?resize=300%2C169&amp;ssl=1 300w, https:\/\/i0.wp.com\/fontenilles-vtt.fr\/wp\/wp-content\/uploads\/2016\/07\/P_20160714_125035.jpg?resize=768%2C432&amp;ssl=1 768w, https:\/\/i0.wp.com\/fontenilles-vtt.fr\/wp\/wp-content\/uploads\/2016\/07\/P_20160714_125035.jpg?w=1180&amp;ssl=1 1180w, https:\/\/i0.wp.com\/fontenilles-vtt.fr\/wp\/wp-content\/uploads\/2016\/07\/P_20160714_125035.jpg?w=1770&amp;ssl=1 1770w\" sizes=\"(max-width: 590px) 100vw, 590px\" \/><\/a><p id=\"caption-attachment-2524\" class=\"wp-caption-text\">Jpeg<\/p><\/div>\n<div id=\"attachment_2525\" style=\"width: 1034px\" class=\"wp-caption aligncenter\"><a href=\"https:\/\/i0.wp.com\/fontenillesvtt.fr\/wp\/wp-content\/uploads\/2016\/07\/P_20160714_125018_BF-1.jpg\"><img data-recalc-dims=\"1\" loading=\"lazy\" decoding=\"async\" aria-describedby=\"caption-attachment-2525\" data-attachment-id=\"2525\" data-permalink=\"https:\/\/fontenilles-vtt.fr\/wp\/?attachment_id=2525\" data-orig-file=\"https:\/\/i0.wp.com\/fontenilles-vtt.fr\/wp\/wp-content\/uploads\/2016\/07\/P_20160714_125018_BF-1.jpg?fit=2560%2C1920&amp;ssl=1\" data-orig-size=\"2560,1920\" data-comments-opened=\"1\" data-image-meta=\"{&quot;aperture&quot;:&quot;2&quot;,&quot;credit&quot;:&quot;&quot;,&quot;camera&quot;:&quot;Z00AD&quot;,&quot;caption&quot;:&quot;Jpeg&quot;,&quot;created_timestamp&quot;:&quot;1468500618&quot;,&quot;copyright&quot;:&quot;&quot;,&quot;focal_length&quot;:&quot;3.34&quot;,&quot;iso&quot;:&quot;60&quot;,&quot;shutter_speed&quot;:&quot;0.01&quot;,&quot;title&quot;:&quot;Jpeg&quot;,&quot;orientation&quot;:&quot;1&quot;}\" data-image-title=\"Jpeg\" data-image-description=\"\" data-image-caption=\"&lt;p&gt;Jpeg&lt;\/p&gt;\n\" data-medium-file=\"https:\/\/i0.wp.com\/fontenilles-vtt.fr\/wp\/wp-content\/uploads\/2016\/07\/P_20160714_125018_BF-1.jpg?fit=300%2C225&amp;ssl=1\" data-large-file=\"https:\/\/i0.wp.com\/fontenilles-vtt.fr\/wp\/wp-content\/uploads\/2016\/07\/P_20160714_125018_BF-1.jpg?fit=590%2C443&amp;ssl=1\" class=\"size-large wp-image-2525\" src=\"https:\/\/i0.wp.com\/fontenillesvtt.fr\/wp\/wp-content\/uploads\/2016\/07\/P_20160714_125018_BF-1-1024x768.jpg?resize=590%2C443\" alt=\"Jpeg\" width=\"590\" height=\"443\" srcset=\"https:\/\/i0.wp.com\/fontenilles-vtt.fr\/wp\/wp-content\/uploads\/2016\/07\/P_20160714_125018_BF-1.jpg?resize=1024%2C768&amp;ssl=1 1024w, https:\/\/i0.wp.com\/fontenilles-vtt.fr\/wp\/wp-content\/uploads\/2016\/07\/P_20160714_125018_BF-1.jpg?resize=300%2C225&amp;ssl=1 300w, https:\/\/i0.wp.com\/fontenilles-vtt.fr\/wp\/wp-content\/uploads\/2016\/07\/P_20160714_125018_BF-1.jpg?resize=768%2C576&amp;ssl=1 768w, https:\/\/i0.wp.com\/fontenilles-vtt.fr\/wp\/wp-content\/uploads\/2016\/07\/P_20160714_125018_BF-1.jpg?w=1180&amp;ssl=1 1180w, https:\/\/i0.wp.com\/fontenilles-vtt.fr\/wp\/wp-content\/uploads\/2016\/07\/P_20160714_125018_BF-1.jpg?w=1770&amp;ssl=1 1770w\" sizes=\"(max-width: 590px) 100vw, 590px\" \/><\/a><p id=\"caption-attachment-2525\" class=\"wp-caption-text\">Jpeg<\/p><\/div>\n<p>Candelolo et Flo en t\u00eate, nous repartons pour une remont\u00e9e avec pouss\u00e9e o\u00f9 Lionel rate un virage et se tape 100m de D+ en trop en poussant le v\u00e9lo dans les caillasses avant de faire demi-tour.<\/p>\n<p>Le parcours devient plus exigeant, Martin d\u00e9cide de couper la derni\u00e8re partie qui se r\u00e9v\u00e8le en effet tr\u00e8s dure.<\/p>\n<p>Nous retrouvons les voitures apr\u00e8s 1700m de D+ et 55km, juste \u00e0 temps pour croiser les touristes venus voir le feu d&rsquo;artifice de Carcassone.<\/p>\n","protected":false},"excerpt":{"rendered":"<p>Jeudi 14 jullet, nous avons d\u00e9cid\u00e9 de red\u00e9couvrir les c\u00f4teaux de Palaja. Rendez-vous \u00e0 9h30 sur place, avec Lionel, Florent, Steph, GuiPro, Martin et Candelolo. Florent nous a concoct\u00e9 une&#8230; <\/p>\n<div class=\"read-more\"><a href=\"https:\/\/fontenilles-vtt.fr\/wp\/?p=2523\">Lire la suite<\/a><\/div>\n","protected":false},"author":1,"featured_media":0,"comment_status":"open","ping_status":"closed","sticky":false,"template":"","format":"standard","meta":{"om_disable_all_campaigns":false,"_monsterinsights_skip_tracking":false,"_monsterinsights_sitenote_active":false,"_monsterinsights_sitenote_note":"","_monsterinsights_sitenote_category":0,"ngg_post_thumbnail":0,"jetpack_post_was_ever_published":false,"_jetpack_newsletter_access":"","_jetpack_dont_email_post_to_subs":false,"_jetpack_newsletter_tier_id":0,"_jetpack_memberships_contains_paywalled_content":false,"_jetpack_memberships_contains_paid_content":false,"footnotes":"","jetpack_publicize_message":"","jetpack_publicize_feature_enabled":true,"jetpack_social_post_already_shared":false,"jetpack_social_options":{"image_generator_settings":{"template":"highway","enabled":false},"version":2}},"categories":[4],"tags":[],"jetpack_publicize_connections":[],"aioseo_notices":[],"jetpack_featured_media_url":"","jetpack_sharing_enabled":true,"jetpack_shortlink":"https:\/\/wp.me\/p9SYmx-EH","jetpack-related-posts":[],"post_mailing_queue_ids":[],"_links":{"self":[{"href":"https:\/\/fontenilles-vtt.fr\/wp\/index.php?rest_route=\/wp\/v2\/posts\/2523"}],"collection":[{"href":"https:\/\/fontenilles-vtt.fr\/wp\/index.php?rest_route=\/wp\/v2\/posts"}],"about":[{"href":"https:\/\/fontenilles-vtt.fr\/wp\/index.php?rest_route=\/wp\/v2\/types\/post"}],"author":[{"embeddable":true,"href":"https:\/\/fontenilles-vtt.fr\/wp\/index.php?rest_route=\/wp\/v2\/users\/1"}],"replies":[{"embeddable":true,"href":"https:\/\/fontenilles-vtt.fr\/wp\/index.php?rest_route=%2Fwp%2Fv2%2Fcomments&post=2523"}],"version-history":[{"count":1,"href":"https:\/\/fontenilles-vtt.fr\/wp\/index.php?rest_route=\/wp\/v2\/posts\/2523\/revisions"}],"predecessor-version":[{"id":2526,"href":"https:\/\/fontenilles-vtt.fr\/wp\/index.php?rest_route=\/wp\/v2\/posts\/2523\/revisions\/2526"}],"wp:attachment":[{"href":"https:\/\/fontenilles-vtt.fr\/wp\/index.php?rest_route=%2Fwp%2Fv2%2Fmedia&parent=2523"}],"wp:term":[{"taxonomy":"category","embeddable":true,"href":"https:\/\/fontenilles-vtt.fr\/wp\/index.php?rest_route=%2Fwp%2Fv2%2Fcategories&post=2523"},{"taxonomy":"post_tag","embeddable":true,"href":"https:\/\/fontenilles-vtt.fr\/wp\/index.php?rest_route=%2Fwp%2Fv2%2Ftags&post=2523"}],"curies":[{"name":"wp","href":"https:\/\/api.w.org\/{rel}","templated":true}]}}