{"id":2542,"date":"2016-09-05T11:49:52","date_gmt":"2016-09-05T09:49:52","guid":{"rendered":"http:\/\/fontenillesvtt.fr\/wp\/?p=2542"},"modified":"2016-09-06T09:37:02","modified_gmt":"2016-09-06T07:37:02","slug":"journee-des-associations-et-sortie-decouverte-a-succes","status":"publish","type":"post","link":"https:\/\/fontenilles-vtt.fr\/wp\/?p=2542","title":{"rendered":"Journ\u00e9e des associations et sortie d\u00e9couverte \u00e0 succ\u00e8s"},"content":{"rendered":"<p>Ce Week-End, nous avons tenu un stand au forum des associations de Fontenilles samedi matin.<\/p>\n<p><a href=\"https:\/\/i0.wp.com\/fontenillesvtt.fr\/wp\/wp-content\/uploads\/2016\/09\/IMG_0486.jpg\"><img data-recalc-dims=\"1\" loading=\"lazy\" decoding=\"async\" data-attachment-id=\"2547\" data-permalink=\"https:\/\/fontenilles-vtt.fr\/wp\/?attachment_id=2547\" data-orig-file=\"https:\/\/i0.wp.com\/fontenilles-vtt.fr\/wp\/wp-content\/uploads\/2016\/09\/IMG_0486.jpg?fit=4032%2C3024&amp;ssl=1\" data-orig-size=\"4032,3024\" data-comments-opened=\"1\" data-image-meta=\"{&quot;aperture&quot;:&quot;2.2&quot;,&quot;credit&quot;:&quot;&quot;,&quot;camera&quot;:&quot;iPhone SE&quot;,&quot;caption&quot;:&quot;&quot;,&quot;created_timestamp&quot;:&quot;1472894740&quot;,&quot;copyright&quot;:&quot;&quot;,&quot;focal_length&quot;:&quot;4.15&quot;,&quot;iso&quot;:&quot;40&quot;,&quot;shutter_speed&quot;:&quot;0.01&quot;,&quot;title&quot;:&quot;&quot;,&quot;orientation&quot;:&quot;1&quot;}\" data-image-title=\"IMG_0486\" data-image-description=\"\" data-image-caption=\"\" data-medium-file=\"https:\/\/i0.wp.com\/fontenilles-vtt.fr\/wp\/wp-content\/uploads\/2016\/09\/IMG_0486.jpg?fit=300%2C225&amp;ssl=1\" data-large-file=\"https:\/\/i0.wp.com\/fontenilles-vtt.fr\/wp\/wp-content\/uploads\/2016\/09\/IMG_0486.jpg?fit=590%2C443&amp;ssl=1\" class=\"aligncenter wp-image-2547 size-medium\" src=\"https:\/\/i0.wp.com\/fontenillesvtt.fr\/wp\/wp-content\/uploads\/2016\/09\/IMG_0486-300x225.jpg?resize=300%2C225\" alt=\"IMG_0486\" width=\"300\" height=\"225\" srcset=\"https:\/\/i0.wp.com\/fontenilles-vtt.fr\/wp\/wp-content\/uploads\/2016\/09\/IMG_0486.jpg?resize=300%2C225&amp;ssl=1 300w, https:\/\/i0.wp.com\/fontenilles-vtt.fr\/wp\/wp-content\/uploads\/2016\/09\/IMG_0486.jpg?resize=768%2C576&amp;ssl=1 768w, https:\/\/i0.wp.com\/fontenilles-vtt.fr\/wp\/wp-content\/uploads\/2016\/09\/IMG_0486.jpg?resize=1024%2C768&amp;ssl=1 1024w, https:\/\/i0.wp.com\/fontenilles-vtt.fr\/wp\/wp-content\/uploads\/2016\/09\/IMG_0486.jpg?w=1180&amp;ssl=1 1180w, https:\/\/i0.wp.com\/fontenilles-vtt.fr\/wp\/wp-content\/uploads\/2016\/09\/IMG_0486.jpg?w=1770&amp;ssl=1 1770w\" sizes=\"(max-width: 300px) 100vw, 300px\" \/><\/a><\/p>\n<p>Si le d\u00e9but de la matin\u00e9e a \u00e9t\u00e9 plut\u00f4t calme, les visites se sont succ\u00e9d\u00e9es entre 11h et 13h, ,avec les classiques besoins de club pour jeune, que nous avons renvoy\u00e9s vers l&rsquo;\u00e9cole de v\u00e9lo de L&rsquo;Isle-Jourdain, et les demandes de d\u00e9couverte de participants plus ou moins exp\u00e9riment\u00e9s.<\/p>\n<p>Bilan plut\u00f4t bon avec des inscrits sur la liste de diffusion des sorties, et de potentielles recrues que nous avons invit\u00e9es \u00e0 la sortie d\u00e9couverte propos\u00e9e dimanche.<\/p>\n<p>Dimanche donc, rendez-vous \u00e0 9h au stade pour une sortie pas si simple que \u00e7a dans les c\u00f4teaux.<\/p>\n<p>Nous \u00e9tions 18 au d\u00e9part, avec de nombreux nouveaux, et quelques (tr\u00e8s) jeunes t\u00e9m\u00e9raires comme Maxime, Nathan et Jehan.<\/p>\n<p>Au programme, les haies, la mont\u00e9e vers le radar, puis on bascule sur les Aramous, Lias, la carri\u00e8re, le bois de Goujon puis retour par Bon Repos et la ferme au dessus des Magnolias.<\/p>\n<p>Le groupe, tr\u00e8s vaillant, a tr\u00e8s bien suivi, les jeunes n&rsquo;ont pas \u00e9t\u00e9 \u00e0 la traine du tout, et m\u00eame si quelques nouveaux ont fini \u00e9puis\u00e9s, voire avec les crampes, ils ont eu le cran et le courage de tenir.<\/p>\n<p>Au final, 3 cyclistes nous ont adopt\u00e9s (ils ne savent pas encore ce qui les attend), et quelques autres se tatent ou s&rsquo;entrainent encore.<\/p>\n<p>Merci \u00e0 tous de votre participation , et au plaisir de vous revoir lors des prochaines sorties.<a href=\"https:\/\/i0.wp.com\/fontenillesvtt.fr\/wp\/wp-content\/uploads\/2016\/09\/369.jpeg\"><img data-recalc-dims=\"1\" loading=\"lazy\" decoding=\"async\" data-attachment-id=\"2543\" data-permalink=\"https:\/\/fontenilles-vtt.fr\/wp\/?attachment_id=2543\" data-orig-file=\"https:\/\/i0.wp.com\/fontenilles-vtt.fr\/wp\/wp-content\/uploads\/2016\/09\/369.jpeg?fit=1920%2C1080&amp;ssl=1\" data-orig-size=\"1920,1080\" data-comments-opened=\"1\" data-image-meta=\"{&quot;aperture&quot;:&quot;0&quot;,&quot;credit&quot;:&quot;&quot;,&quot;camera&quot;:&quot;&quot;,&quot;caption&quot;:&quot;&quot;,&quot;created_timestamp&quot;:&quot;0&quot;,&quot;copyright&quot;:&quot;&quot;,&quot;focal_length&quot;:&quot;0&quot;,&quot;iso&quot;:&quot;0&quot;,&quot;shutter_speed&quot;:&quot;0&quot;,&quot;title&quot;:&quot;&quot;,&quot;orientation&quot;:&quot;0&quot;}\" data-image-title=\"369\" data-image-description=\"\" data-image-caption=\"\" data-medium-file=\"https:\/\/i0.wp.com\/fontenilles-vtt.fr\/wp\/wp-content\/uploads\/2016\/09\/369.jpeg?fit=300%2C169&amp;ssl=1\" data-large-file=\"https:\/\/i0.wp.com\/fontenilles-vtt.fr\/wp\/wp-content\/uploads\/2016\/09\/369.jpeg?fit=590%2C332&amp;ssl=1\" class=\"aligncenter size-large wp-image-2543\" src=\"https:\/\/i0.wp.com\/fontenillesvtt.fr\/wp\/wp-content\/uploads\/2016\/09\/369-1024x576.jpeg?resize=590%2C332\" alt=\"369\" width=\"590\" height=\"332\" srcset=\"https:\/\/i0.wp.com\/fontenilles-vtt.fr\/wp\/wp-content\/uploads\/2016\/09\/369.jpeg?resize=1024%2C576&amp;ssl=1 1024w, https:\/\/i0.wp.com\/fontenilles-vtt.fr\/wp\/wp-content\/uploads\/2016\/09\/369.jpeg?resize=300%2C169&amp;ssl=1 300w, https:\/\/i0.wp.com\/fontenilles-vtt.fr\/wp\/wp-content\/uploads\/2016\/09\/369.jpeg?resize=768%2C432&amp;ssl=1 768w, https:\/\/i0.wp.com\/fontenilles-vtt.fr\/wp\/wp-content\/uploads\/2016\/09\/369.jpeg?w=1920&amp;ssl=1 1920w, https:\/\/i0.wp.com\/fontenilles-vtt.fr\/wp\/wp-content\/uploads\/2016\/09\/369.jpeg?w=1180&amp;ssl=1 1180w, https:\/\/i0.wp.com\/fontenilles-vtt.fr\/wp\/wp-content\/uploads\/2016\/09\/369.jpeg?w=1770&amp;ssl=1 1770w\" sizes=\"(max-width: 590px) 100vw, 590px\" \/><\/a><\/p>\n","protected":false},"excerpt":{"rendered":"<p>Ce Week-End, nous avons tenu un stand au forum des associations de Fontenilles samedi matin. Si le d\u00e9but de la matin\u00e9e a \u00e9t\u00e9 plut\u00f4t calme, les visites se sont succ\u00e9d\u00e9es&#8230; <\/p>\n<div class=\"read-more\"><a href=\"https:\/\/fontenilles-vtt.fr\/wp\/?p=2542\">Lire la suite<\/a><\/div>\n","protected":false},"author":1,"featured_media":0,"comment_status":"open","ping_status":"closed","sticky":false,"template":"","format":"standard","meta":{"om_disable_all_campaigns":false,"_monsterinsights_skip_tracking":false,"_monsterinsights_sitenote_active":false,"_monsterinsights_sitenote_note":"","_monsterinsights_sitenote_category":0,"ngg_post_thumbnail":0,"jetpack_post_was_ever_published":false,"_jetpack_newsletter_access":"","_jetpack_dont_email_post_to_subs":false,"_jetpack_newsletter_tier_id":0,"_jetpack_memberships_contains_paywalled_content":false,"_jetpack_memberships_contains_paid_content":false,"footnotes":"","jetpack_publicize_message":"","jetpack_publicize_feature_enabled":true,"jetpack_social_post_already_shared":false,"jetpack_social_options":{"image_generator_settings":{"template":"highway","enabled":false},"version":2}},"categories":[4],"tags":[],"jetpack_publicize_connections":[],"aioseo_notices":[],"jetpack_featured_media_url":"","jetpack_sharing_enabled":true,"jetpack_shortlink":"https:\/\/wp.me\/p9SYmx-F0","jetpack-related-posts":[],"post_mailing_queue_ids":[],"_links":{"self":[{"href":"https:\/\/fontenilles-vtt.fr\/wp\/index.php?rest_route=\/wp\/v2\/posts\/2542"}],"collection":[{"href":"https:\/\/fontenilles-vtt.fr\/wp\/index.php?rest_route=\/wp\/v2\/posts"}],"about":[{"href":"https:\/\/fontenilles-vtt.fr\/wp\/index.php?rest_route=\/wp\/v2\/types\/post"}],"author":[{"embeddable":true,"href":"https:\/\/fontenilles-vtt.fr\/wp\/index.php?rest_route=\/wp\/v2\/users\/1"}],"replies":[{"embeddable":true,"href":"https:\/\/fontenilles-vtt.fr\/wp\/index.php?rest_route=%2Fwp%2Fv2%2Fcomments&post=2542"}],"version-history":[{"count":2,"href":"https:\/\/fontenilles-vtt.fr\/wp\/index.php?rest_route=\/wp\/v2\/posts\/2542\/revisions"}],"predecessor-version":[{"id":2548,"href":"https:\/\/fontenilles-vtt.fr\/wp\/index.php?rest_route=\/wp\/v2\/posts\/2542\/revisions\/2548"}],"wp:attachment":[{"href":"https:\/\/fontenilles-vtt.fr\/wp\/index.php?rest_route=%2Fwp%2Fv2%2Fmedia&parent=2542"}],"wp:term":[{"taxonomy":"category","embeddable":true,"href":"https:\/\/fontenilles-vtt.fr\/wp\/index.php?rest_route=%2Fwp%2Fv2%2Fcategories&post=2542"},{"taxonomy":"post_tag","embeddable":true,"href":"https:\/\/fontenilles-vtt.fr\/wp\/index.php?rest_route=%2Fwp%2Fv2%2Ftags&post=2542"}],"curies":[{"name":"wp","href":"https:\/\/api.w.org\/{rel}","templated":true}]}}