{"id":2552,"date":"2016-09-18T17:33:38","date_gmt":"2016-09-18T15:33:38","guid":{"rendered":"http:\/\/fontenillesvtt.fr\/wp\/?p=2552"},"modified":"2016-09-18T21:01:38","modified_gmt":"2016-09-18T19:01:38","slug":"lesignan-brax-ou-fontenilles-il-y-avait-du-choix-ce-we","status":"publish","type":"post","link":"https:\/\/fontenilles-vtt.fr\/wp\/?p=2552","title":{"rendered":"Lesignan, Brax ou Fontenilles, il y avait du choix ce WE"},"content":{"rendered":"<h2>La L\u00e9signanaise<\/h2>\n<p>Florent et Lionel ont voulu tester leurs jambes avant le Roc dans les Corbi\u00e8res.<\/p>\n<p>Destination L\u00e9signan pour la rando du club local. D\u00e9part du centre ville \u00e0 8:30 pour le plateau de Conhilac, avec un single c\u00f4t\u00e9 Nord de totue beaut\u00e9. Des petites bosses, du devers, des passages techniques ou rapides, c&rsquo;est un plaisir de glisser dans ce paysage avec une superbe vue vers la plaine. 10 km de bonheur. Nous basculons ensuite toujours vers l&rsquo;Ouest direction l&rsquo;Alaric. Travers\u00e9e de Moux, puis nous commen\u00e7ons les vraies c\u00f4tes, avec un d\u00e9but tr\u00e8s raide et qui fait monter dans les tours (1820 pulsations pour Florent, 172 pour moi), le cul sur la pointe de la selle. Arrive le premier ravito , avec sucr\u00e9 et sal\u00e9, saucisses incluses. Puis nous repartons pour une longue mont\u00e9e avant d&rsquo;arriver \u00e0 la longue et tr\u00e8s joueuse descente en bordure d&rsquo;Alaric, pierrier, caillasses, marches, pilotage rigoureux obligatoire, et c&rsquo;est plus fatigu\u00e9s qu&rsquo;en haut que nous abordons le retour par cette fois la partie sud du plateau de Conhilac allong\u00e9e par une partie au Nord de L\u00e9signan. 2e ravito identique au premier bien appr\u00e9ci\u00e9. A force de suivre Florent, les crampes me viennent, et je mouline un peu pour arriver heureux en ville. La fatigue aidant, quelques chutes au ralenti sans gravit\u00e9 me laissent des \u00e9raflures juste comme il faut dans la partie finale tr\u00e8s rude, tr\u00e8s difficile mais toujours tr\u00e8s joueuse.<\/p>\n<p>Tr\u00e8s belle sortie, beau balisage et belle atmosph\u00e8re.<\/p>\n<p>Un joli film de la sortie, mont\u00e9 par mon fiston sur facebook\u00a0<a href=\"https:\/\/www.facebook.com\/209914579044552\/videos\/1195751177127549\/\">https:\/\/www.facebook.com\/209914579044552\/videos\/1195751177127549\/<\/a><\/p>\n<p>&nbsp;<\/p>\n<div id=\"attachment_2555\" style=\"width: 1034px\" class=\"wp-caption aligncenter\"><a href=\"https:\/\/i0.wp.com\/fontenillesvtt.fr\/wp\/wp-content\/uploads\/2016\/09\/IMG_0513.jpg\"><img data-recalc-dims=\"1\" loading=\"lazy\" decoding=\"async\" aria-describedby=\"caption-attachment-2555\" data-attachment-id=\"2555\" data-permalink=\"https:\/\/fontenilles-vtt.fr\/wp\/?attachment_id=2555\" data-orig-file=\"https:\/\/i0.wp.com\/fontenilles-vtt.fr\/wp\/wp-content\/uploads\/2016\/09\/IMG_0513.jpg?fit=1280%2C960&amp;ssl=1\" data-orig-size=\"1280,960\" data-comments-opened=\"1\" data-image-meta=\"{&quot;aperture&quot;:&quot;2.4&quot;,&quot;credit&quot;:&quot;&quot;,&quot;camera&quot;:&quot;iPhone SE&quot;,&quot;caption&quot;:&quot;&quot;,&quot;created_timestamp&quot;:&quot;1474201645&quot;,&quot;copyright&quot;:&quot;&quot;,&quot;focal_length&quot;:&quot;2.15&quot;,&quot;iso&quot;:&quot;50&quot;,&quot;shutter_speed&quot;:&quot;0.0051282051282051&quot;,&quot;title&quot;:&quot;&quot;,&quot;orientation&quot;:&quot;1&quot;}\" data-image-title=\"img_0513\" data-image-description=\"\" data-image-caption=\"&lt;p&gt;d&amp;rsquo;accord, y avait aussi la biere \u00e0 l&amp;rsquo;arriv\u00e9e&lt;\/p&gt;\n\" data-medium-file=\"https:\/\/i0.wp.com\/fontenilles-vtt.fr\/wp\/wp-content\/uploads\/2016\/09\/IMG_0513.jpg?fit=300%2C225&amp;ssl=1\" data-large-file=\"https:\/\/i0.wp.com\/fontenilles-vtt.fr\/wp\/wp-content\/uploads\/2016\/09\/IMG_0513.jpg?fit=590%2C443&amp;ssl=1\" class=\"size-large wp-image-2555\" src=\"https:\/\/i0.wp.com\/fontenillesvtt.fr\/wp\/wp-content\/uploads\/2016\/09\/IMG_0513-1024x768.jpg?resize=590%2C443\" alt=\"d'accord, y avait aussi la biere \u00e0 l'arriv\u00e9e\" width=\"590\" height=\"443\" srcset=\"https:\/\/i0.wp.com\/fontenilles-vtt.fr\/wp\/wp-content\/uploads\/2016\/09\/IMG_0513.jpg?resize=1024%2C768&amp;ssl=1 1024w, https:\/\/i0.wp.com\/fontenilles-vtt.fr\/wp\/wp-content\/uploads\/2016\/09\/IMG_0513.jpg?resize=300%2C225&amp;ssl=1 300w, https:\/\/i0.wp.com\/fontenilles-vtt.fr\/wp\/wp-content\/uploads\/2016\/09\/IMG_0513.jpg?resize=768%2C576&amp;ssl=1 768w, https:\/\/i0.wp.com\/fontenilles-vtt.fr\/wp\/wp-content\/uploads\/2016\/09\/IMG_0513.jpg?w=1280&amp;ssl=1 1280w, https:\/\/i0.wp.com\/fontenilles-vtt.fr\/wp\/wp-content\/uploads\/2016\/09\/IMG_0513.jpg?w=1180&amp;ssl=1 1180w\" sizes=\"(max-width: 590px) 100vw, 590px\" \/><\/a><p id=\"caption-attachment-2555\" class=\"wp-caption-text\">d&rsquo;accord, y avait aussi la biere \u00e0 l&rsquo;arriv\u00e9e<\/p><\/div>\n<h2><strong style=\"font-size: 12.16px; line-height: 1.7em;\">Petit CR de la rando de Brax.<\/strong><\/h2>\n<p>Nous \u00e9tions deux du club ce matin \u00e0 BRAX, Guillaume PROST avec ses enfants pour faire le 25kms et moi avec un pote, Jehan, le fils de Tony retenu pour devoir parental et deux jeunes de l\u2019\u00e9cole de v\u00e9lo. Tout le monde \u00e9tant partant pour le 40, nous laissons Guillaume partir de son c\u00f4t\u00e9 et nous nous donnons RDV pour l\u2019ap\u00e9ro de fin de matin\u00e9e.<\/p>\n<p>Pas de surprise pour le circuit, une bouconnade bien s\u00e9che, roulant et sans grande difficult\u00e9. Pour cela nous \u00e9tablissons un bon rythme et Beaucoup de concurrent sont surpris de se faire doubler par des avions en culotte courte. Un ravito moyen mais un bon accueil par un petit club de la FFCT.<\/p>\n<p>Au final, 43.5km et 360D+ en 2h27\u2019.<\/p>\n<p>On se retrouve avec Guillaume qui a pass\u00e9\u00a0un bon moment en famille autour des chips et remise de r\u00e9compense.<\/p>\n<p>Un bon petit entrainement de dimanche\u2026<\/p>\n<h2>Et Fontenilles<\/h2>\n<div>Nous \u00e9tions sept \u00e0 nous retrouver \u00e0 9h au stade de Fontenilles pour une nouvelle sortie locale . C&rsquo;\u00e9tait la reprise pour Romaric et St\u00e9phane et une premi\u00e8re pour Pierre, nouvelle recrue du club. Et oui encore un autre v\u00e9t\u00e9tiste qui a pris son courage a deux mains ainsi que le guidon de son v\u00e9lo pour rouler avec nous.<\/div>\n<div>Au programme une trentaine de kilom\u00e8tres sur nos chers coteaux gascons.<\/div>\n<div>D\u00e9s le d\u00e9part Fred est ennuy\u00e9 par sa tige de selle t\u00e9lescopique qui reste bloqu\u00e9e en position basse. Une fuite d\u2019huile semble en \u00eatre la cause. Pas grave il d\u00e9cide de rouler comme\u00a0\u00e7a. Pas efficace non plus. Les c\u00f4tes\u00a0s&rsquo;encha\u00eenent,aramous,<wbr \/>lias, Gougeon\u00a0o\u00f9 nous croisons les saint Lysiens en reconnaissance de leur raid . Apr\u00e8s avoir \u00e9t\u00e9\u00a0vivement invit\u00e9s comme tous les ans, nous repartons vers le ludique bois de saiguede. Retour vers bonrepos et Fontenilles.<\/div>\n<div>Au bilan 32 km, 600 de d+ ,\u00a0sur un rythme\u00a0plut\u00f4t\u00a0 homog\u00e8ne.<\/div>\n<div><\/div>\n","protected":false},"excerpt":{"rendered":"<p>La L\u00e9signanaise Florent et Lionel ont voulu tester leurs jambes avant le Roc dans les Corbi\u00e8res. Destination L\u00e9signan pour la rando du club local. D\u00e9part du centre ville \u00e0 8:30&#8230; <\/p>\n<div class=\"read-more\"><a href=\"https:\/\/fontenilles-vtt.fr\/wp\/?p=2552\">Lire la suite<\/a><\/div>\n","protected":false},"author":1,"featured_media":0,"comment_status":"open","ping_status":"closed","sticky":false,"template":"","format":"standard","meta":{"om_disable_all_campaigns":false,"_monsterinsights_skip_tracking":false,"_monsterinsights_sitenote_active":false,"_monsterinsights_sitenote_note":"","_monsterinsights_sitenote_category":0,"ngg_post_thumbnail":0,"jetpack_post_was_ever_published":false,"_jetpack_newsletter_access":"","_jetpack_dont_email_post_to_subs":false,"_jetpack_newsletter_tier_id":0,"_jetpack_memberships_contains_paywalled_content":false,"_jetpack_memberships_contains_paid_content":false,"footnotes":"","jetpack_publicize_message":"","jetpack_publicize_feature_enabled":true,"jetpack_social_post_already_shared":false,"jetpack_social_options":{"image_generator_settings":{"template":"highway","enabled":false},"version":2}},"categories":[4],"tags":[],"jetpack_publicize_connections":[],"aioseo_notices":[],"jetpack_featured_media_url":"","jetpack_sharing_enabled":true,"jetpack_shortlink":"https:\/\/wp.me\/p9SYmx-Fa","jetpack-related-posts":[],"post_mailing_queue_ids":[],"_links":{"self":[{"href":"https:\/\/fontenilles-vtt.fr\/wp\/index.php?rest_route=\/wp\/v2\/posts\/2552"}],"collection":[{"href":"https:\/\/fontenilles-vtt.fr\/wp\/index.php?rest_route=\/wp\/v2\/posts"}],"about":[{"href":"https:\/\/fontenilles-vtt.fr\/wp\/index.php?rest_route=\/wp\/v2\/types\/post"}],"author":[{"embeddable":true,"href":"https:\/\/fontenilles-vtt.fr\/wp\/index.php?rest_route=\/wp\/v2\/users\/1"}],"replies":[{"embeddable":true,"href":"https:\/\/fontenilles-vtt.fr\/wp\/index.php?rest_route=%2Fwp%2Fv2%2Fcomments&post=2552"}],"version-history":[{"count":5,"href":"https:\/\/fontenilles-vtt.fr\/wp\/index.php?rest_route=\/wp\/v2\/posts\/2552\/revisions"}],"predecessor-version":[{"id":2558,"href":"https:\/\/fontenilles-vtt.fr\/wp\/index.php?rest_route=\/wp\/v2\/posts\/2552\/revisions\/2558"}],"wp:attachment":[{"href":"https:\/\/fontenilles-vtt.fr\/wp\/index.php?rest_route=%2Fwp%2Fv2%2Fmedia&parent=2552"}],"wp:term":[{"taxonomy":"category","embeddable":true,"href":"https:\/\/fontenilles-vtt.fr\/wp\/index.php?rest_route=%2Fwp%2Fv2%2Fcategories&post=2552"},{"taxonomy":"post_tag","embeddable":true,"href":"https:\/\/fontenilles-vtt.fr\/wp\/index.php?rest_route=%2Fwp%2Fv2%2Ftags&post=2552"}],"curies":[{"name":"wp","href":"https:\/\/api.w.org\/{rel}","templated":true}]}}