{"id":2559,"date":"2016-09-25T22:14:18","date_gmt":"2016-09-25T20:14:18","guid":{"rendered":"http:\/\/fontenillesvtt.fr\/wp\/?p=2559"},"modified":"2016-09-25T22:14:18","modified_gmt":"2016-09-25T20:14:18","slug":"une-masse-orange-a-saint-lys","status":"publish","type":"post","link":"https:\/\/fontenilles-vtt.fr\/wp\/?p=2559","title":{"rendered":"Une masse orange \u00e0 Saint-Lys"},"content":{"rendered":"<p>Eh oui, pour le Raid du Lys, les oranges sont venus \u00e0 13 quasiment:<\/p>\n<p>Sur le 35km:Candelolo et son fiston, St\u00e9phane 2, S\u00e9b, Thomas, Philippe P<\/p>\n<p>Sur le 50km: Le Castor, Yoyo, St\u00e9ph 1, Philippe F., Rakesh, Guillaume P, JP.<\/p>\n<p><a href=\"https:\/\/i0.wp.com\/fontenillesvtt.fr\/wp\/wp-content\/uploads\/2016\/09\/20160925_0847201.jpg\"><img data-recalc-dims=\"1\" loading=\"lazy\" decoding=\"async\" data-attachment-id=\"2560\" data-permalink=\"https:\/\/fontenilles-vtt.fr\/wp\/?attachment_id=2560\" data-orig-file=\"https:\/\/i0.wp.com\/fontenilles-vtt.fr\/wp\/wp-content\/uploads\/2016\/09\/20160925_0847201.jpg?fit=4128%2C2322&amp;ssl=1\" data-orig-size=\"4128,2322\" data-comments-opened=\"1\" data-image-meta=\"{&quot;aperture&quot;:&quot;2.2&quot;,&quot;credit&quot;:&quot;&quot;,&quot;camera&quot;:&quot;GT-I9505&quot;,&quot;caption&quot;:&quot;&quot;,&quot;created_timestamp&quot;:&quot;1474793240&quot;,&quot;copyright&quot;:&quot;&quot;,&quot;focal_length&quot;:&quot;4.2&quot;,&quot;iso&quot;:&quot;50&quot;,&quot;shutter_speed&quot;:&quot;0.0083333333333333&quot;,&quot;title&quot;:&quot;&quot;,&quot;orientation&quot;:&quot;1&quot;}\" data-image-title=\"20160925_0847201\" data-image-description=\"\" data-image-caption=\"\" data-medium-file=\"https:\/\/i0.wp.com\/fontenilles-vtt.fr\/wp\/wp-content\/uploads\/2016\/09\/20160925_0847201.jpg?fit=300%2C169&amp;ssl=1\" data-large-file=\"https:\/\/i0.wp.com\/fontenilles-vtt.fr\/wp\/wp-content\/uploads\/2016\/09\/20160925_0847201.jpg?fit=590%2C332&amp;ssl=1\" class=\"aligncenter size-large wp-image-2560\" src=\"https:\/\/i0.wp.com\/fontenillesvtt.fr\/wp\/wp-content\/uploads\/2016\/09\/20160925_0847201-1024x576.jpg?resize=590%2C332\" alt=\"20160925_0847201\" width=\"590\" height=\"332\" srcset=\"https:\/\/i0.wp.com\/fontenilles-vtt.fr\/wp\/wp-content\/uploads\/2016\/09\/20160925_0847201.jpg?resize=1024%2C576&amp;ssl=1 1024w, https:\/\/i0.wp.com\/fontenilles-vtt.fr\/wp\/wp-content\/uploads\/2016\/09\/20160925_0847201.jpg?resize=300%2C169&amp;ssl=1 300w, https:\/\/i0.wp.com\/fontenilles-vtt.fr\/wp\/wp-content\/uploads\/2016\/09\/20160925_0847201.jpg?resize=768%2C432&amp;ssl=1 768w, https:\/\/i0.wp.com\/fontenilles-vtt.fr\/wp\/wp-content\/uploads\/2016\/09\/20160925_0847201.jpg?w=1180&amp;ssl=1 1180w, https:\/\/i0.wp.com\/fontenilles-vtt.fr\/wp\/wp-content\/uploads\/2016\/09\/20160925_0847201.jpg?w=1770&amp;ssl=1 1770w\" sizes=\"(max-width: 590px) 100vw, 590px\" \/><\/a><\/p>\n<p>St\u00e9phane, Thomas, S\u00e9bastien et Philippe sont partis ensembles sur le 35km. D\u00e9part group\u00e9 \u00e0 9h, travers\u00e9e de saint lys sur un bon rythme jusqu&rsquo;au ralentissement pour franchir la premi\u00e8re haie.<br \/>\nLe groupe s&rsquo;\u00e9tire progressivement \u00e0 partir de sainte Foy, St\u00e9phane en t\u00eate suivi de Philippe, S\u00e9bastien et Thomas. Remont\u00e9e vers la route de Saint Thomas &#8211; saint lys puis descente vers le bois de saigu\u00e8de. Chacun roule \u00e0 son rythme jusqu&rsquo;\u00e0 se rejoindre au ravitaillement de saint Thomas. L\u00e0 manque S\u00e9bastien qui s&rsquo;est volatilis\u00e9 sur le parcours.<br \/>\nSt\u00e9phane et Philippe repartent les premiers vers le bois de saint Thomas puis Ste Foy et saint lys pour l&rsquo;arriv\u00e9e.<br \/>\n38km au compteur 600 de d+ en 2h15.<br \/>\nS\u00e9bastien est d\u00e9j\u00e0 arriv\u00e9 avec 8 km de moins!<br \/>\nRien d&rsquo;innovant sur le parcours cette ann\u00e9e, que du tr\u00e8s classique.<\/p>\n<p>Sur le 50km, plus d&rsquo;animation, avec un Castor qui part en trombe et bouclera le tour seul \u00e0 vitesse grand V, 2h45. Steph ouvre le chemin pour Philippe et Yoyo. JP galope devant aussi, mais sera g\u00ean\u00e9 par de nombreux ennuis m\u00e9caniques. Monture trop ancienne. Rakesh et Guillaume ferment la marche, avec rupture de cha\u00eene pour Rakesh au 30e km. Il en est bon pour rentrer en voiture heureusement rep\u00e9ch\u00e9 par sa dame.<\/p>\n<p>Le parcours nous est l\u00e0 aussi tr\u00e8s familier: Ste Foix, le bois de Saigu\u00e8de puis mont\u00e9e sur la voix romaine. 2 boucles autour de la cr\u00eate, descente du bois de Goujon puis nous repartons vers Empeaux puis Saint Thomas et son bois avec un tour sur un terrain de motocross pour rentrer au bercail. 2 ravitos classiques, au bon endroit, et au final 53km mini pour 850 de D+ et environ 3h de roulage avant de profiter d&rsquo;une bi\u00e8re et d&rsquo;une saucisse bien m\u00e9rit\u00e9e. On retrouve Candelolo \u00e0 l&rsquo;arriv\u00e9e mais pas JP, d\u00e9j\u00e0 reparti je crois. \u00a0Tr\u00e8s bon rythme et vitesse \u00e9lev\u00e9e pour tous, le temps \u00e9tait id\u00e9al, ni trop chaud, ni trop humide, avec un chemin bien sec.<\/p>\n<p>Seul b\u00e9mol, beaucoup de passages routiers faute d&rsquo;autorisation des propri\u00e9taires locaux; Dommage.<\/p>\n<p>Bravo aux organisateurs, tout s&rsquo;est d\u00e9roul\u00e9 sans accroc (sauf pour Seb, mais que t&rsquo;es-t-il arriv\u00e9:))<\/p>\n","protected":false},"excerpt":{"rendered":"<p>Eh oui, pour le Raid du Lys, les oranges sont venus \u00e0 13 quasiment: Sur le 35km:Candelolo et son fiston, St\u00e9phane 2, S\u00e9b, Thomas, Philippe P Sur le 50km: Le&#8230; <\/p>\n<div class=\"read-more\"><a href=\"https:\/\/fontenilles-vtt.fr\/wp\/?p=2559\">Lire la suite<\/a><\/div>\n","protected":false},"author":1,"featured_media":0,"comment_status":"open","ping_status":"closed","sticky":false,"template":"","format":"standard","meta":{"om_disable_all_campaigns":false,"_monsterinsights_skip_tracking":false,"_monsterinsights_sitenote_active":false,"_monsterinsights_sitenote_note":"","_monsterinsights_sitenote_category":0,"ngg_post_thumbnail":0,"jetpack_post_was_ever_published":false,"_jetpack_newsletter_access":"","_jetpack_dont_email_post_to_subs":false,"_jetpack_newsletter_tier_id":0,"_jetpack_memberships_contains_paywalled_content":false,"_jetpack_memberships_contains_paid_content":false,"footnotes":"","jetpack_publicize_message":"","jetpack_publicize_feature_enabled":true,"jetpack_social_post_already_shared":false,"jetpack_social_options":{"image_generator_settings":{"template":"highway","enabled":false},"version":2}},"categories":[4],"tags":[],"jetpack_publicize_connections":[],"aioseo_notices":[],"jetpack_featured_media_url":"","jetpack_sharing_enabled":true,"jetpack_shortlink":"https:\/\/wp.me\/p9SYmx-Fh","jetpack-related-posts":[],"post_mailing_queue_ids":[],"_links":{"self":[{"href":"https:\/\/fontenilles-vtt.fr\/wp\/index.php?rest_route=\/wp\/v2\/posts\/2559"}],"collection":[{"href":"https:\/\/fontenilles-vtt.fr\/wp\/index.php?rest_route=\/wp\/v2\/posts"}],"about":[{"href":"https:\/\/fontenilles-vtt.fr\/wp\/index.php?rest_route=\/wp\/v2\/types\/post"}],"author":[{"embeddable":true,"href":"https:\/\/fontenilles-vtt.fr\/wp\/index.php?rest_route=\/wp\/v2\/users\/1"}],"replies":[{"embeddable":true,"href":"https:\/\/fontenilles-vtt.fr\/wp\/index.php?rest_route=%2Fwp%2Fv2%2Fcomments&post=2559"}],"version-history":[{"count":1,"href":"https:\/\/fontenilles-vtt.fr\/wp\/index.php?rest_route=\/wp\/v2\/posts\/2559\/revisions"}],"predecessor-version":[{"id":2561,"href":"https:\/\/fontenilles-vtt.fr\/wp\/index.php?rest_route=\/wp\/v2\/posts\/2559\/revisions\/2561"}],"wp:attachment":[{"href":"https:\/\/fontenilles-vtt.fr\/wp\/index.php?rest_route=%2Fwp%2Fv2%2Fmedia&parent=2559"}],"wp:term":[{"taxonomy":"category","embeddable":true,"href":"https:\/\/fontenilles-vtt.fr\/wp\/index.php?rest_route=%2Fwp%2Fv2%2Fcategories&post=2559"},{"taxonomy":"post_tag","embeddable":true,"href":"https:\/\/fontenilles-vtt.fr\/wp\/index.php?rest_route=%2Fwp%2Fv2%2Ftags&post=2559"}],"curies":[{"name":"wp","href":"https:\/\/api.w.org\/{rel}","templated":true}]}}