{"id":2571,"date":"2016-10-16T21:55:46","date_gmt":"2016-10-16T19:55:46","guid":{"rendered":"http:\/\/fontenillesvtt.fr\/wp\/?p=2571"},"modified":"2016-10-16T22:02:46","modified_gmt":"2016-10-16T20:02:46","slug":"les-chataignes-de-lasserre-et-bouconne-au-programme-du-we","status":"publish","type":"post","link":"https:\/\/fontenilles-vtt.fr\/wp\/?p=2571","title":{"rendered":"Les chata\u00eegnes de Lasserre et Bouconne au programme du WE"},"content":{"rendered":"<p>Samedi, sur Lasserre, Tony et PH\u00a0ont crapahut\u00e9 dans les hauteurs du Castera, suivis dimanche par une \u00e9quipe \u00e9largies avec Yoyo, Steph 1 et 2, Philippe P, Kevin, l&rsquo;homme au velo sans suspension qui nous met un vent \u00e0 tous, Thierry, Martin, Fred.<\/p>\n<p>CR de samedi de PH:<\/p>\n<p>Les premi\u00e8res mont\u00e9es sur la digestion n&rsquo;ont pas \u00e9t\u00e9 des plus faciles, les suivantes non plus d&rsquo;ailleurs. La premi\u00e8re portion dans les bois sur les pistes \u00e0 4&#215;4 est parfois glissante. Je me suis mis une belle bo\u00eete d&rsquo;ailleurs dans le champ en friche, la carrosserie est un peu ray\u00e9e et le genou a un peu tourn\u00e9 mais \u00e7a ne m&rsquo;a pas emp\u00each\u00e9 de terminer dans le groupetto.<\/p>\n<p>Pour ceux qui envisageraient de rentrer par la route, la seconde partie est plus roulante avec quelques beaux singles.<\/p>\n<p>Au final il y a bien 37 kms et plut\u00f4t 900 de D+. \u00c7a m&rsquo;a pris entre 3h et 3h30&prime;, plus cuit \u00e0 l&rsquo;arriv\u00e9e que la belle sortie de dimanche dernier.<\/p>\n<p>Sur la 2e sortie, le dimanche, un peu de casse nous a oblig\u00e9 \u00e0 faire dans le raccourci avec 2 crevaisons et un Yoyo qui perd les p\u00e9dales, au sens propre. Nous ferons quand m\u00eame 650 de D+ et 35km.<\/p>\n<p><a href=\"https:\/\/i0.wp.com\/fontenillesvtt.fr\/wp\/wp-content\/uploads\/2016\/10\/20161016_094821.jpg\"><img data-recalc-dims=\"1\" loading=\"lazy\" decoding=\"async\" data-attachment-id=\"2572\" data-permalink=\"https:\/\/fontenilles-vtt.fr\/wp\/?attachment_id=2572\" data-orig-file=\"https:\/\/i0.wp.com\/fontenilles-vtt.fr\/wp\/wp-content\/uploads\/2016\/10\/20161016_094821.jpg?fit=4128%2C2322&amp;ssl=1\" data-orig-size=\"4128,2322\" data-comments-opened=\"1\" data-image-meta=\"{&quot;aperture&quot;:&quot;2.2&quot;,&quot;credit&quot;:&quot;&quot;,&quot;camera&quot;:&quot;GT-I9505&quot;,&quot;caption&quot;:&quot;&quot;,&quot;created_timestamp&quot;:&quot;1476611301&quot;,&quot;copyright&quot;:&quot;&quot;,&quot;focal_length&quot;:&quot;4.2&quot;,&quot;iso&quot;:&quot;50&quot;,&quot;shutter_speed&quot;:&quot;0.0044052863436123&quot;,&quot;title&quot;:&quot;&quot;,&quot;orientation&quot;:&quot;1&quot;}\" data-image-title=\"20161016_094821\" data-image-description=\"\" data-image-caption=\"\" data-medium-file=\"https:\/\/i0.wp.com\/fontenilles-vtt.fr\/wp\/wp-content\/uploads\/2016\/10\/20161016_094821.jpg?fit=300%2C169&amp;ssl=1\" data-large-file=\"https:\/\/i0.wp.com\/fontenilles-vtt.fr\/wp\/wp-content\/uploads\/2016\/10\/20161016_094821.jpg?fit=590%2C332&amp;ssl=1\" class=\"aligncenter size-large wp-image-2572\" src=\"https:\/\/i0.wp.com\/fontenillesvtt.fr\/wp\/wp-content\/uploads\/2016\/10\/20161016_094821-1024x576.jpg?resize=590%2C332\" alt=\"20161016_094821\" width=\"590\" height=\"332\" srcset=\"https:\/\/i0.wp.com\/fontenilles-vtt.fr\/wp\/wp-content\/uploads\/2016\/10\/20161016_094821.jpg?resize=1024%2C576&amp;ssl=1 1024w, https:\/\/i0.wp.com\/fontenilles-vtt.fr\/wp\/wp-content\/uploads\/2016\/10\/20161016_094821.jpg?resize=300%2C169&amp;ssl=1 300w, https:\/\/i0.wp.com\/fontenilles-vtt.fr\/wp\/wp-content\/uploads\/2016\/10\/20161016_094821.jpg?resize=768%2C432&amp;ssl=1 768w, https:\/\/i0.wp.com\/fontenilles-vtt.fr\/wp\/wp-content\/uploads\/2016\/10\/20161016_094821.jpg?w=1180&amp;ssl=1 1180w, https:\/\/i0.wp.com\/fontenilles-vtt.fr\/wp\/wp-content\/uploads\/2016\/10\/20161016_094821.jpg?w=1770&amp;ssl=1 1770w\" sizes=\"(max-width: 590px) 100vw, 590px\" \/><\/a><\/p>\n<p>De l&rsquo;autre c\u00f4t\u00e9 de bouconne, Chris, Seb, Romaric et Vivien font eux une belle bouconnade:<\/p>\n<p>Nous nous sommes donn\u00e9s rendez-vous au stade de FONTENILLES pour un d\u00e9part vers 9h00, si on compte le quart-heure toulousain nous \u00e9tions a l\u2019heure.<\/p>\n<p>Au d\u00e9part il y avait\u00a0: Vivien et son Scott 26, S\u00e9bastien (que j\u2019ai appel\u00e9 Thierry la plupart du temps allez savoir pourquoi) et son Lapierre 29, Romaric et son Scott 26 et pour finir moi et mon Scott 29.<\/p>\n<p>Bref vous l\u2019aurez compris pas de Spe \u00e0 l\u2019horizon hihihi.<\/p>\n<p>Le temps est plut\u00f4t cl\u00e9ment ni trop froid ni trop chaud top\u00a0!!<\/p>\n<p>Nous d\u00e9marrons par les chemins de traverses bien connus pour rejoindre Pujaudran en passant sur la voie rapide et non dessous(envie d\u2019y aller doucement).<\/p>\n<p>Nous attaquons le petit single afin de rejoindre le GR et donc le canyon de bouconne (un classique), a notre arriv\u00e9e beaucoup d\u2019arbres ont disparus, bref cela ne nous emp\u00eache pas de se lancer \u00e0 toute berzingue dans le single.<\/p>\n<p>Il est vrai que Vivien et S\u00e9bastien ne me connaissant pas ont d\u2019abord attendu longtemps en haut des cotes jusque-l\u00e0 (une demi-heure ils m\u2019ont dit, je pense qu\u2019ils bluffaient). Je prends donc l\u2019initiative de me lancer en premier.<\/p>\n<p>Et l\u00e0 ma nouvelle monture me fait d\u00e9valer la piste avec une telle aisance et facilit\u00e9 que si il y avait des moucherons j\u2019en aurais eu plein les dents. Un truc de fou\u00a0!!!<\/p>\n<p>J\u2019en termine avec la descente et j\u2019attends les coll\u00e8gues( une demi-heure, non je blague\u2026). A leur arriv\u00e9e je peux lire sur leur visage leur sourire qui en dit long sur leur satisfaction.<\/p>\n<p>Nous d\u00e9cidons \u00e0 l\u2019unanimit\u00e9 d\u2019aller chercher le single du t\u00e9l\u00e9graphe en passant par le canyon qui finit en mont\u00e9e impossible sisi.<\/p>\n<p>Naturellement ils me laissent passer devant car \u00e7a descend et que je connais le chemin surtout, tellement bien d\u2019ailleurs qu\u2019il faut \u00e0 un moment faire demi-tour, que voulez-vous personne n\u2019est parfait.<\/p>\n<p>Je pr\u00e9viens tout le monde, prise de vitesse obligatoire, histoire de passer devant (\u00e7a a march\u00e9) cela dit je suis sorti dernier du single et oui il y a une mont\u00e9e peu avant la fin.<\/p>\n<p>Je crois que c\u2019est cette cote qui m\u2019a coup\u00e9 les jambes ou celles d\u2019avant ou ma mauvaise forme enfin j\u2019\u00e9tais cuit quoi.<\/p>\n<p>Retour par la lisi\u00e8re est o\u00f9 la derni\u00e8re mont\u00e9e se fait \u00e0 pied pour ma part, mais je savais qu\u2019il y avait un banc en haut pour l\u2019attente.<\/p>\n<p>Puis retour classique au-dessus de la voie rapide, centre \u00e9questre et parking. Vivien et S\u00e9bastien se sont tir\u00e9s la bourre (et les gars c\u2019est ma touch bon j\u2019\u00e9tais mort je comprends)<\/p>\n<p>Voil\u00e0 pour la bouconnade dominicale avec 40Km et 325 de D+<\/p>\n<p>&nbsp;<\/p>\n","protected":false},"excerpt":{"rendered":"<p>Samedi, sur Lasserre, Tony et PH\u00a0ont crapahut\u00e9 dans les hauteurs du Castera, suivis dimanche par une \u00e9quipe \u00e9largies avec Yoyo, Steph 1 et 2, Philippe P, Kevin, l&rsquo;homme au velo&#8230; <\/p>\n<div class=\"read-more\"><a href=\"https:\/\/fontenilles-vtt.fr\/wp\/?p=2571\">Lire la suite<\/a><\/div>\n","protected":false},"author":1,"featured_media":0,"comment_status":"open","ping_status":"closed","sticky":false,"template":"","format":"standard","meta":{"om_disable_all_campaigns":false,"_monsterinsights_skip_tracking":false,"_monsterinsights_sitenote_active":false,"_monsterinsights_sitenote_note":"","_monsterinsights_sitenote_category":0,"ngg_post_thumbnail":0,"jetpack_post_was_ever_published":false,"_jetpack_newsletter_access":"","_jetpack_dont_email_post_to_subs":false,"_jetpack_newsletter_tier_id":0,"_jetpack_memberships_contains_paywalled_content":false,"_jetpack_memberships_contains_paid_content":false,"footnotes":"","jetpack_publicize_message":"","jetpack_publicize_feature_enabled":true,"jetpack_social_post_already_shared":false,"jetpack_social_options":{"image_generator_settings":{"template":"highway","enabled":false},"version":2}},"categories":[4],"tags":[],"jetpack_publicize_connections":[],"aioseo_notices":[],"jetpack_featured_media_url":"","jetpack_sharing_enabled":true,"jetpack_shortlink":"https:\/\/wp.me\/p9SYmx-Ft","jetpack-related-posts":[],"post_mailing_queue_ids":[],"_links":{"self":[{"href":"https:\/\/fontenilles-vtt.fr\/wp\/index.php?rest_route=\/wp\/v2\/posts\/2571"}],"collection":[{"href":"https:\/\/fontenilles-vtt.fr\/wp\/index.php?rest_route=\/wp\/v2\/posts"}],"about":[{"href":"https:\/\/fontenilles-vtt.fr\/wp\/index.php?rest_route=\/wp\/v2\/types\/post"}],"author":[{"embeddable":true,"href":"https:\/\/fontenilles-vtt.fr\/wp\/index.php?rest_route=\/wp\/v2\/users\/1"}],"replies":[{"embeddable":true,"href":"https:\/\/fontenilles-vtt.fr\/wp\/index.php?rest_route=%2Fwp%2Fv2%2Fcomments&post=2571"}],"version-history":[{"count":3,"href":"https:\/\/fontenilles-vtt.fr\/wp\/index.php?rest_route=\/wp\/v2\/posts\/2571\/revisions"}],"predecessor-version":[{"id":2575,"href":"https:\/\/fontenilles-vtt.fr\/wp\/index.php?rest_route=\/wp\/v2\/posts\/2571\/revisions\/2575"}],"wp:attachment":[{"href":"https:\/\/fontenilles-vtt.fr\/wp\/index.php?rest_route=%2Fwp%2Fv2%2Fmedia&parent=2571"}],"wp:term":[{"taxonomy":"category","embeddable":true,"href":"https:\/\/fontenilles-vtt.fr\/wp\/index.php?rest_route=%2Fwp%2Fv2%2Fcategories&post=2571"},{"taxonomy":"post_tag","embeddable":true,"href":"https:\/\/fontenilles-vtt.fr\/wp\/index.php?rest_route=%2Fwp%2Fv2%2Ftags&post=2571"}],"curies":[{"name":"wp","href":"https:\/\/api.w.org\/{rel}","templated":true}]}}