{"id":276,"date":"2010-04-26T21:07:51","date_gmt":"2010-04-26T19:07:51","guid":{"rendered":"http:\/\/fontenillesvtt.fr\/wp\/?p=276"},"modified":"2010-04-27T13:37:16","modified_gmt":"2010-04-27T11:37:16","slug":"quatrieme-reco-du-raid-cotes-gasconnes-2010","status":"publish","type":"post","link":"https:\/\/fontenilles-vtt.fr\/wp\/?p=276","title":{"rendered":"Quatri\u00e8me reco du Raid Cotes Gasconnes 2010"},"content":{"rendered":"<p style=\"text-align: center;\"><img data-recalc-dims=\"1\" loading=\"lazy\" decoding=\"async\" data-attachment-id=\"277\" data-permalink=\"https:\/\/fontenilles-vtt.fr\/wp\/?attachment_id=277\" data-orig-file=\"https:\/\/i0.wp.com\/fontenilles-vtt.fr\/wp\/wp-content\/uploads\/2010\/04\/CG-2009.jpg?fit=1022%2C320&amp;ssl=1\" data-orig-size=\"1022,320\" data-comments-opened=\"1\" data-image-meta=\"{&quot;aperture&quot;:&quot;0&quot;,&quot;credit&quot;:&quot;&quot;,&quot;camera&quot;:&quot;&quot;,&quot;caption&quot;:&quot;&quot;,&quot;created_timestamp&quot;:&quot;0&quot;,&quot;copyright&quot;:&quot;&quot;,&quot;focal_length&quot;:&quot;0&quot;,&quot;iso&quot;:&quot;0&quot;,&quot;shutter_speed&quot;:&quot;0&quot;,&quot;title&quot;:&quot;&quot;}\" data-image-title=\"Les C\u00f4tes Gasconnes 2009 vers Lias\" data-image-description=\"\" data-image-caption=\"\" data-medium-file=\"https:\/\/i0.wp.com\/fontenilles-vtt.fr\/wp\/wp-content\/uploads\/2010\/04\/CG-2009.jpg?fit=300%2C93&amp;ssl=1\" data-large-file=\"https:\/\/i0.wp.com\/fontenilles-vtt.fr\/wp\/wp-content\/uploads\/2010\/04\/CG-2009.jpg?fit=590%2C185&amp;ssl=1\" class=\"size-full wp-image-277 aligncenter\" title=\"Les C\u00f4tes Gasconnes 2009 vers Lias\" src=\"https:\/\/i0.wp.com\/fontenillesvtt.fr\/wp\/wp-content\/uploads\/2010\/04\/CG-2009.jpg?resize=590%2C185\" alt=\"\" width=\"590\" height=\"185\" srcset=\"https:\/\/i0.wp.com\/fontenilles-vtt.fr\/wp\/wp-content\/uploads\/2010\/04\/CG-2009.jpg?w=1022&amp;ssl=1 1022w, https:\/\/i0.wp.com\/fontenilles-vtt.fr\/wp\/wp-content\/uploads\/2010\/04\/CG-2009.jpg?resize=300%2C93&amp;ssl=1 300w\" sizes=\"(max-width: 590px) 100vw, 590px\" \/><\/p>\n<p><strong>Pas \u00e9vident pour la fine \u00e9quipe missionn\u00e9e par GG de trouver en ce  dimanche un trac\u00e9 in\u00e9dit du Raid 2010 des C\u00f4tes Gasconnes, voici leur  r\u00e9cit<\/strong><\/p>\n<h3 style=\"text-align: center;\"><span style=\"color: #ff6600;\"><strong>Petit proverbe dominical: Si tu vas en reconnaissance met ton  cuissard long<\/strong><\/span><\/h3>\n<p style=\"text-align: justify;\">A 9H00 ce matin les courageux: Pat, J\u00e9rome, D2P, Rami, Philippe, un  invit\u00e9 fraichement baptis\u00e9 Spoke et votre narrateur  pr\u00e9f\u00e9r\u00e9 (Slide) \u00e9taient en mission command\u00e9e par notre Prez en morceau.Les bords de Save, nickel jusqu&rsquo;\u00e0 Menville, Castor sera charg\u00e9 de  trouver le proprio et de n\u00e9gocier le passage sur la bande enherb\u00e9.Le gu\u00e9, notre prez pourra toujours louer un sous marin.Pour le petit bois, le chemin est trouv\u00e9 jusqu&rsquo;\u00e0 la route mais n\u00e9cessitera beaucoup de boulot, \u00e0 voir car on peut plus haut, le chemin  de la super maison au 4&#215;4 arrive pratiquement au m\u00eame endroit.Avant la descente et la remont\u00e9e jusqu&rsquo;aux chevaux Pat nous quittait,  il pressentait peut \u00eatre un coup foireux ??? Le single y \u00e9tait et effectivement avant \u00e7a montait bien.La remont\u00e9e du chemin du pote de Castor (pour ses cochons) a \u00e9t\u00e9 un  peu rockn&rsquo;roll d&rsquo;o\u00f9 le 2\u00b0 proverbe dominical:<\/p>\n<h3 style=\"text-align: center;\"><span style=\"color: #ff6600;\"><strong>Rien ne sert de p\u00e9daler ni de courir les abeilles te piquent quand  m\u00eame<\/strong><\/span><\/h3>\n<p style=\"text-align: justify;\">\u00c7a c&rsquo;\u00e9tait pour le bapt\u00eame du feu de notre invit\u00e9, qui a laiss\u00e9 son  casque son v\u00e9lo ses lunettes pour \u00e9chapper aux petits insectes que nous  avions d\u00e9rang\u00e9s.Grand castor il te faudra demander si les ruches seront toujours dans  le chemin pour le 27 juin car \u00e7a risque de piquer un peu.Apr\u00e8s cette fin piquante retour par Larmont jusqu&rsquo;\u00e0 Lasserre, pour le  retour par\u00a0Bouconne\u00a0 je laisse le soin aux volontaires de dimanche  prochain de trouver<\/p>\n<p style=\"text-align: justify;\">Apr\u00e8s 3H00 d&rsquo;effort\u00a0 270 m de D+ et 25kms nous revoil\u00e0 \u00e0 Lasserre  sans les bi\u00e8res ni les cahuettes Snif&#8230;<\/p>\n<p style=\"text-align: justify;\"><strong><span style=\"color: #3366ff;\">Trois petites pr\u00e9cisions ajout\u00e9es par DDP \u00e0 ce fabuleux r\u00e9cit :<\/span><\/strong><\/p>\n<ol style=\"text-align: justify;\">\n<li> c&rsquo;est Guillaume qui a subi le bapt\u00eame du feu et les abeilles. D&rsquo;o\u00f9 son nouveau surnom: Spoke avec ses 5 boufiolles.<\/li>\n<li>Patrick nous a fait un super d\u00e9collage vertical hier: pas encore habitu\u00e9 \u00e0 son v\u00e9lo l\u00e9ger, il \u00a0a cabr\u00e9 avec trop de puissance et nous a fait un d\u00e9collage vertical digne d&rsquo;Ariane! Avec le m\u00eame r\u00e9sultat qu&rsquo;Ariane, d&rsquo;ailleurs&#8230;<\/li>\n<li>Ma pr\u00e9f\u00e9r\u00e9e a trait \u00e0 notre bien-aim\u00e9 Slide, qui a \u00e9t\u00e9 rattrap\u00e9 par un escargot (!) dont la coquille accroch\u00e9e au flan du pneu arri\u00e8re a commenc\u00e9 \u00e0 faire des bruits de frottement qui ont oblig\u00e9 Slide \u00e0 s&rsquo;arr\u00eater&#8230; (et ne nous fait pas croire que c&rsquo;\u00e9tait une coquille de noix!)<\/li>\n<\/ol>\n<p style=\"text-align: center;\"><strong>Vous voyez on s&rsquo;amuse bien lors de ces reconnaissances, alors rdv le 27juin prochain !<\/strong><\/p>\n","protected":false},"excerpt":{"rendered":"<p>Pas \u00e9vident pour la fine \u00e9quipe missionn\u00e9e par GG de trouver en ce dimanche un trac\u00e9 in\u00e9dit du Raid 2010 des C\u00f4tes Gasconnes, voici leur r\u00e9cit Petit proverbe dominical: Si&#8230; <\/p>\n<div class=\"read-more\"><a href=\"https:\/\/fontenilles-vtt.fr\/wp\/?p=276\">Lire la suite<\/a><\/div>\n","protected":false},"author":1,"featured_media":0,"comment_status":"open","ping_status":"closed","sticky":false,"template":"","format":"standard","meta":{"om_disable_all_campaigns":false,"_monsterinsights_skip_tracking":false,"_monsterinsights_sitenote_active":false,"_monsterinsights_sitenote_note":"","_monsterinsights_sitenote_category":0,"ngg_post_thumbnail":0,"jetpack_post_was_ever_published":false,"_jetpack_newsletter_access":"","_jetpack_dont_email_post_to_subs":false,"_jetpack_newsletter_tier_id":0,"_jetpack_memberships_contains_paywalled_content":false,"_jetpack_memberships_contains_paid_content":false,"footnotes":"","jetpack_publicize_message":"","jetpack_publicize_feature_enabled":true,"jetpack_social_post_already_shared":false,"jetpack_social_options":{"image_generator_settings":{"template":"highway","enabled":false},"version":2}},"categories":[5,3],"tags":[15,16],"jetpack_publicize_connections":[],"aioseo_notices":[],"jetpack_featured_media_url":"","jetpack_sharing_enabled":true,"jetpack_shortlink":"https:\/\/wp.me\/p9SYmx-4s","jetpack-related-posts":[],"post_mailing_queue_ids":[],"_links":{"self":[{"href":"https:\/\/fontenilles-vtt.fr\/wp\/index.php?rest_route=\/wp\/v2\/posts\/276"}],"collection":[{"href":"https:\/\/fontenilles-vtt.fr\/wp\/index.php?rest_route=\/wp\/v2\/posts"}],"about":[{"href":"https:\/\/fontenilles-vtt.fr\/wp\/index.php?rest_route=\/wp\/v2\/types\/post"}],"author":[{"embeddable":true,"href":"https:\/\/fontenilles-vtt.fr\/wp\/index.php?rest_route=\/wp\/v2\/users\/1"}],"replies":[{"embeddable":true,"href":"https:\/\/fontenilles-vtt.fr\/wp\/index.php?rest_route=%2Fwp%2Fv2%2Fcomments&post=276"}],"version-history":[{"count":8,"href":"https:\/\/fontenilles-vtt.fr\/wp\/index.php?rest_route=\/wp\/v2\/posts\/276\/revisions"}],"predecessor-version":[{"id":282,"href":"https:\/\/fontenilles-vtt.fr\/wp\/index.php?rest_route=\/wp\/v2\/posts\/276\/revisions\/282"}],"wp:attachment":[{"href":"https:\/\/fontenilles-vtt.fr\/wp\/index.php?rest_route=%2Fwp%2Fv2%2Fmedia&parent=276"}],"wp:term":[{"taxonomy":"category","embeddable":true,"href":"https:\/\/fontenilles-vtt.fr\/wp\/index.php?rest_route=%2Fwp%2Fv2%2Fcategories&post=276"},{"taxonomy":"post_tag","embeddable":true,"href":"https:\/\/fontenilles-vtt.fr\/wp\/index.php?rest_route=%2Fwp%2Fv2%2Ftags&post=276"}],"curies":[{"name":"wp","href":"https:\/\/api.w.org\/{rel}","templated":true}]}}