{"id":323,"date":"2010-05-02T09:24:52","date_gmt":"2010-05-02T07:24:52","guid":{"rendered":"http:\/\/fontenillesvtt.fr\/wp\/?p=323"},"modified":"2010-05-02T10:27:26","modified_gmt":"2010-05-02T08:27:26","slug":"pujaudran-sous-leau-en-ce-1er-mai","status":"publish","type":"post","link":"https:\/\/fontenilles-vtt.fr\/wp\/?p=323","title":{"rendered":"Pujaudran sous l&rsquo;eau en ce 1er Mai"},"content":{"rendered":"<p style=\"text-align: justify;\">Nous \u00e9tions 4 ce matin au d\u00e9part de Pujaudran, pour une randonn\u00e9e d\u00e9cidement maudite par la m\u00e9t\u00e9o. Il y a 3 ans, Nico et moi avions du abandonner le 60 kms du c\u00f4t\u00e9 de Goudourvielle pour cause de boue paralysante. Donc, varaition sur un th\u00e8me connu cette ann\u00e9e encore. Les 4 au d\u00e9part \u00e9taient Castor, enfin sorti du bois de GG (rien \u00e0 voir avec Rami, qui devait lui \u00eatre en train de reconnaitre le bois de Saint-Thomas&#8230;faut le voir pour le croire), Patrick, Nico et votre serviteur. D\u00e9part pour le 45 kms (pas de 60 au programme cette ann\u00e9e), direction Fontenilles (pour changer) apr\u00e8s passage sous la N124 pr\u00e8s du moulin, grande descente vers la ferme d&rsquo;H\u00e9l\u00e8ne, et puis remont\u00e9e elle aussi bien connue par les haies et vers le moulin. Il ne faisait que bruiner \u00e0 ce moment, mais la pluie des jours pr\u00e9c\u00e9dents avait transform\u00e9 une mont\u00e9e bien s\u00e8che et facile (hein, Rami?) de mercredi en pente glissante, avec portage de v\u00e9lo \u00e0 la cl\u00e9. M\u00eame topo sur Lias et puis vers Goudourvielle, tout particuli\u00e8rement. Nous voil\u00e0 donc deux heures apr\u00e8s le d\u00e9part et moins de 20 kms au compteur, pataugeant dans la boue quand la pluie, la vraie, se met \u00e0 tomber. Et l\u00e0 je vais vous surprendre, mais c&rsquo;\u00e9tait plut\u00f4t mieux, car la pluie liqu\u00e9fie la boue et facilite le mouvement de la chaine dans nos d\u00e9railleurs cafouilleux! Bref, descente vers L&rsquo;Isle Jourdain, puis remont\u00e9e vers les sommets de Lias (avec pens\u00e9e au passage pour la patte de Pat, si je peux me permettre), et enfin \u00a0ravito pas le loin<br \/>\nde la N124 avant Lias. Pas tr\u00e8s fourni, le ravito, mais le chocolat a fait bien plaisir. C&rsquo;est l\u00e0 que j&rsquo;ai jet\u00e9 l&rsquo;\u00e9ponge (fa\u00e7on de parler,si j&rsquo;avais eu de quoi \u00e9ponger, je l&rsquo;aurais gard\u00e9) et que je suisrevenu vers le bercail. Je pense que mes petits camarades ont encore tent\u00e9 une boucle avant le retour, mais je les laisse compl\u00e9ter.<br \/>\nDonc, pour moi, 27 kms en un peu moins de 3 heures, dans la pluie, la boue et m\u00eame le brouillard (Castor se croyait au Connemara, c&rsquo;est tout dire).<\/p>\n<p style=\"text-align: justify;\">DDP<\/p>\n","protected":false},"excerpt":{"rendered":"<p>Nous \u00e9tions 4 ce matin au d\u00e9part de Pujaudran, pour une randonn\u00e9e d\u00e9cidement maudite par la m\u00e9t\u00e9o. Il y a 3 ans, Nico et moi avions du abandonner le 60&#8230; <\/p>\n<div class=\"read-more\"><a href=\"https:\/\/fontenilles-vtt.fr\/wp\/?p=323\">Lire la suite<\/a><\/div>\n","protected":false},"author":1,"featured_media":0,"comment_status":"open","ping_status":"closed","sticky":false,"template":"","format":"standard","meta":{"om_disable_all_campaigns":false,"_monsterinsights_skip_tracking":false,"_monsterinsights_sitenote_active":false,"_monsterinsights_sitenote_note":"","_monsterinsights_sitenote_category":0,"ngg_post_thumbnail":0,"jetpack_post_was_ever_published":false,"_jetpack_newsletter_access":"","_jetpack_dont_email_post_to_subs":false,"_jetpack_newsletter_tier_id":0,"_jetpack_memberships_contains_paywalled_content":false,"_jetpack_memberships_contains_paid_content":false,"footnotes":"","jetpack_publicize_message":"","jetpack_publicize_feature_enabled":true,"jetpack_social_post_already_shared":false,"jetpack_social_options":{"image_generator_settings":{"template":"highway","enabled":false},"version":2}},"categories":[4,3],"tags":[6,29],"jetpack_publicize_connections":[],"aioseo_notices":[],"jetpack_featured_media_url":"","jetpack_sharing_enabled":true,"jetpack_shortlink":"https:\/\/wp.me\/p9SYmx-5d","jetpack-related-posts":[],"post_mailing_queue_ids":[],"_links":{"self":[{"href":"https:\/\/fontenilles-vtt.fr\/wp\/index.php?rest_route=\/wp\/v2\/posts\/323"}],"collection":[{"href":"https:\/\/fontenilles-vtt.fr\/wp\/index.php?rest_route=\/wp\/v2\/posts"}],"about":[{"href":"https:\/\/fontenilles-vtt.fr\/wp\/index.php?rest_route=\/wp\/v2\/types\/post"}],"author":[{"embeddable":true,"href":"https:\/\/fontenilles-vtt.fr\/wp\/index.php?rest_route=\/wp\/v2\/users\/1"}],"replies":[{"embeddable":true,"href":"https:\/\/fontenilles-vtt.fr\/wp\/index.php?rest_route=%2Fwp%2Fv2%2Fcomments&post=323"}],"version-history":[{"count":4,"href":"https:\/\/fontenilles-vtt.fr\/wp\/index.php?rest_route=\/wp\/v2\/posts\/323\/revisions"}],"predecessor-version":[{"id":328,"href":"https:\/\/fontenilles-vtt.fr\/wp\/index.php?rest_route=\/wp\/v2\/posts\/323\/revisions\/328"}],"wp:attachment":[{"href":"https:\/\/fontenilles-vtt.fr\/wp\/index.php?rest_route=%2Fwp%2Fv2%2Fmedia&parent=323"}],"wp:term":[{"taxonomy":"category","embeddable":true,"href":"https:\/\/fontenilles-vtt.fr\/wp\/index.php?rest_route=%2Fwp%2Fv2%2Fcategories&post=323"},{"taxonomy":"post_tag","embeddable":true,"href":"https:\/\/fontenilles-vtt.fr\/wp\/index.php?rest_route=%2Fwp%2Fv2%2Ftags&post=323"}],"curies":[{"name":"wp","href":"https:\/\/api.w.org\/{rel}","templated":true}]}}