{"id":4059,"date":"2019-11-18T10:35:29","date_gmt":"2019-11-18T09:35:29","guid":{"rendered":"https:\/\/fontenilles-vtt.fr\/wp\/?p=4059"},"modified":"2019-11-18T10:35:37","modified_gmt":"2019-11-18T09:35:37","slug":"un-vert-luisant-danthologie","status":"publish","type":"post","link":"https:\/\/fontenilles-vtt.fr\/wp\/?p=4059","title":{"rendered":"Un Vert Luisant d&rsquo;anthologie"},"content":{"rendered":"\n<figure class=\"wp-block-image\"><img loading=\"lazy\" decoding=\"async\" width=\"1600\" height=\"1200\" data-attachment-id=\"4060\" data-permalink=\"https:\/\/fontenilles-vtt.fr\/wp\/?attachment_id=4060\" data-orig-file=\"https:\/\/i0.wp.com\/fontenilles-vtt.fr\/wp\/wp-content\/uploads\/2019\/11\/375309a2-65e2-46c8-9cbb-ed8e00ced0d4.jpg?fit=1600%2C1200&amp;ssl=1\" data-orig-size=\"1600,1200\" data-comments-opened=\"1\" data-image-meta=\"{&quot;aperture&quot;:&quot;0&quot;,&quot;credit&quot;:&quot;&quot;,&quot;camera&quot;:&quot;&quot;,&quot;caption&quot;:&quot;&quot;,&quot;created_timestamp&quot;:&quot;0&quot;,&quot;copyright&quot;:&quot;&quot;,&quot;focal_length&quot;:&quot;0&quot;,&quot;iso&quot;:&quot;0&quot;,&quot;shutter_speed&quot;:&quot;0&quot;,&quot;title&quot;:&quot;&quot;,&quot;orientation&quot;:&quot;0&quot;}\" data-image-title=\"375309a2-65e2-46c8-9cbb-ed8e00ced0d4\" data-image-description=\"\" data-image-caption=\"\" data-medium-file=\"https:\/\/i0.wp.com\/fontenilles-vtt.fr\/wp\/wp-content\/uploads\/2019\/11\/375309a2-65e2-46c8-9cbb-ed8e00ced0d4.jpg?fit=300%2C225&amp;ssl=1\" data-large-file=\"https:\/\/i0.wp.com\/fontenilles-vtt.fr\/wp\/wp-content\/uploads\/2019\/11\/375309a2-65e2-46c8-9cbb-ed8e00ced0d4.jpg?fit=590%2C443&amp;ssl=1\" src=\"https:\/\/i0.wp.com\/fontenilles-vtt.fr\/wp\/wp-content\/uploads\/2019\/11\/375309a2-65e2-46c8-9cbb-ed8e00ced0d4.jpg?fit=590%2C443\" alt=\"\" class=\"wp-image-4060\" srcset=\"https:\/\/i0.wp.com\/fontenilles-vtt.fr\/wp\/wp-content\/uploads\/2019\/11\/375309a2-65e2-46c8-9cbb-ed8e00ced0d4.jpg?w=1600&amp;ssl=1 1600w, https:\/\/i0.wp.com\/fontenilles-vtt.fr\/wp\/wp-content\/uploads\/2019\/11\/375309a2-65e2-46c8-9cbb-ed8e00ced0d4.jpg?resize=300%2C225&amp;ssl=1 300w, https:\/\/i0.wp.com\/fontenilles-vtt.fr\/wp\/wp-content\/uploads\/2019\/11\/375309a2-65e2-46c8-9cbb-ed8e00ced0d4.jpg?resize=768%2C576&amp;ssl=1 768w, https:\/\/i0.wp.com\/fontenilles-vtt.fr\/wp\/wp-content\/uploads\/2019\/11\/375309a2-65e2-46c8-9cbb-ed8e00ced0d4.jpg?resize=1024%2C768&amp;ssl=1 1024w, https:\/\/i0.wp.com\/fontenilles-vtt.fr\/wp\/wp-content\/uploads\/2019\/11\/375309a2-65e2-46c8-9cbb-ed8e00ced0d4.jpg?w=1180&amp;ssl=1 1180w\" sizes=\"(max-width: 590px) 100vw, 590px\" \/><\/figure>\n\n\n\n<p><span style=\"font-weight: 400;\">19h15, Rdv \u00e0 la salle des f\u00eates pour nos 2 \u00e9quipes, la troisi\u00e8me a d\u00e9clar\u00e9 forfait apr\u00e8s une apr\u00e8s midi de pluie et de froid.<\/span><\/p>\n<p><span style=\"font-weight: 400;\">L\u2019heure est \u00e0 la mise au point des road book et des \u00e9clairages, les habitu\u00e9s s\u2019organisent tr\u00e8s vite, les autres se demandent si ils ont tout pr\u00e9vue.<\/span><\/p>\n<p><span style=\"font-weight: 400;\">L\u2019ambiance est l\u00e0, depuis 19h les \u00e9quipes partent toutes les 2 minutes sous les encouragements des pr\u00e9sents. Certains ont soign\u00e9 les d\u00e9guisements et\/ou les \u00e9clairages, il y a eu beaucoup de pr\u00e9parations en amont.<\/span><\/p>\n<p><span style=\"font-weight: 400;\">20h10&nbsp;: C\u2019est l\u2019heure du d\u00e9part de la team Fontenilles, les \u00ab&nbsp;coyotes brillants&nbsp;\u00bb, compos\u00e9e de Tony, Florent, Lionel C, Simon et Nicolas ont accept\u00e9 une fusion de derni\u00e8re minute avec les \u00ab&nbsp;pumas fous&nbsp;\u00bb, compos\u00e9e de R\u00e9mi, K\u00e9vin, Tayson et moi, (l\u2019exp\u00e9rience et le road book de l\u2019\u00e9quipe des \u00ab&nbsp;pumas fous&nbsp;\u00bb n\u2019\u00e9tant pas au point vu les conditions) et c\u2019est donc \u00e0 9 que nous nous \u00e9lan\u00e7ons, sous la pluie, du village de Lasserre.<\/span><\/p>\n<p><span style=\"font-weight: 400;\">Nous sommes rapidement mis dans le bain en devant mettre pied \u00e0 terre (pour la majorit\u00e9) sur la premi\u00e8re mont\u00e9e tellement le chemin est embou\u00e9&nbsp;!!!! Certains s\u2019obstinent et abdiquent lorsqu\u2019ils sont doubl\u00e9s par des marcheurs\u2026.<\/span><\/p>\n<p><span style=\"font-weight: 400;\">Le ton est donn\u00e9&nbsp;: la nuit va \u00eatre longue&nbsp;!!!<\/span><\/p>\n<p><span style=\"font-weight: 400;\">Arriv\u00e9 \u00e0 l\u2019altitude de la for\u00eat de Bouconne, le parcours est plus facile et beaucoup plus praticable, nous enchainons les routes et chemins jusqu\u2019aux sentiers de la for\u00eat.<\/span><\/p>\n<p><span style=\"font-weight: 400;\">En t\u00eate, Florent et Lionel C assurent le guidage et s\u2019accordent parfaitement entre la lecture du road book et la mesure des distances. Nicolas et Simon ferment la marche avec leurs roues \u00ab&nbsp;lumineuses&nbsp;\u00bb, on ne les perdra pas\u2026. (certitude perdue quelques kilom\u00e8tres plus loin).<\/span><\/p>\n<p><span style=\"font-weight: 400;\">Dans la for\u00eat nous traversons la route de Lasserre pour rejoindre l\u2019extr\u00e9mit\u00e9 du canyon de Bouconne que nous laissons sur notre droite.&nbsp;<\/span><\/p>\n<p><span style=\"font-weight: 400;\">A partir de l\u00e0 les parcours des diff\u00e9rents groupes commencent \u00e0 s\u2019entrecroiser et les singles sont \u00e0 double sens. Le doute sur notre itin\u00e9raire commence \u00e0 s\u2019installer mais nous gardons confiance en notre duo de t\u00eate. Nous croisons des vaches, des infirmiers, des cosmonautes, les voleurs de Casa de&nbsp; papel, des fus\u00e9es, des danseuses, des illumin\u00e9s (au sens propre bien s\u00fbr) et bien d\u2019autres que nous reconnaissons \u00e0 peine.<\/span><\/p>\n<p><span style=\"font-weight: 400;\">Apr\u00e8s un incident de parcours nous ayant amen\u00e9 \u00e0 rebrousser chemin, nous perdons (Simon, Nicolas et moi-m\u00eame) le peloton suite \u00e0 un ennui de cha\u00eene. Par chance il nous reste un road book mais l\u2019interpr\u00e9tation n\u2019est pas la bonne et nous partons dans la mauvaise direction. 20 minutes apr\u00e8s nous retrouvons l\u2019\u00e9quipe qui a eu le temps de se refroidir\u2026.<\/span><\/p>\n<p><span style=\"font-weight: 400;\">Nous d\u00e9cidons d\u2019\u00eatre plus vigilant pour garder notre coh\u00e9sion et repartons dans les m\u00e9andres de Bouconne.<\/span><\/p>\n<p><span style=\"font-weight: 400;\">Nous progressons dans la for\u00eat et enchainons des parcours plats et des singles boueux dans une ambiance d\u00e9tendue.&nbsp;<\/span><\/p>\n<p><span style=\"font-weight: 400;\">Au bout de 10-12km (dur de savoir) nous arrivons au ravito, il y a beaucoup de monde les tables sont fournies, il y a m\u00eame des saucisses d\u2019apr\u00e8s Florent, mais nous sommes arriv\u00e9s entre 2 fourn\u00e9es apparemment\u2026<\/span><\/p>\n<p><span style=\"font-weight: 400;\">On repart 15 min plus tard, rassasi\u00e9s par cette pause.&nbsp;<\/span><\/p>\n<p><span style=\"font-weight: 400;\">Le parcours nous am\u00e8ne dans divers singles tr\u00e8s, tr\u00e8s, tr\u00e8s entrelac\u00e9s, ouverts pour l\u2019occasion. Nous nous retrouvons donc \u00e0 une centaine de VTT sur 50m\u00b2\u2026..<\/span><\/p>\n<p><span style=\"font-weight: 400;\">Les bouchons sont fr\u00e9quents et la moindre chute occasionne une ovation (n\u2019est-ce pas Florent&nbsp;?)<\/span><\/p>\n<p><span style=\"font-weight: 400;\">18 km sont parcourus, lorsque le d\u00e9railleur de Tayson d\u00e9cide de partir dans les rayons&nbsp;!!! le coup est dur&nbsp;: d\u00e9railleur HS, nous \u00e9courtons la cha\u00eene pour passer en direct pignon\/plateau. Le groupe se scinde en 2 et Nicolas, Simon, Tayson et moi rentrons au plus court.<\/span><\/p>\n<p><span style=\"font-weight: 400;\">Apr\u00e8s quelques moments de solitude dans la for\u00eat, o\u00f9 le calme \u00e9tait revenu, nous rejoignons la route de Lasserre et parvenons \u00e0 la salle des f\u00eates compl\u00e8tement transis de froid.&nbsp;<\/span><\/p>\n<p><span style=\"font-weight: 400;\">Il est autour de minuit (3h30 de sortie quand m\u00eame), nous mettons nos v\u00eatements chauds et nous sommes rejoints 20 minutes plus tard par le reste du groupe pour d\u00e9guster une soupe \u00e0 l\u2019oignon qui nous a fait le plus grand bien&nbsp;!!!!&nbsp;&nbsp;<\/span><\/p>\n<p><span style=\"font-weight: 400;\">&nbsp;<\/span><\/p>\n<p>&nbsp;<\/p>\n\n\n\n<figure class=\"wp-block-image\"><img loading=\"lazy\" decoding=\"async\" width=\"1600\" height=\"903\" data-attachment-id=\"4061\" data-permalink=\"https:\/\/fontenilles-vtt.fr\/wp\/?attachment_id=4061\" data-orig-file=\"https:\/\/i0.wp.com\/fontenilles-vtt.fr\/wp\/wp-content\/uploads\/2019\/11\/5e3cb419-790d-4131-b732-d2f15d1aac23.jpg?fit=1600%2C903&amp;ssl=1\" data-orig-size=\"1600,903\" data-comments-opened=\"1\" data-image-meta=\"{&quot;aperture&quot;:&quot;0&quot;,&quot;credit&quot;:&quot;&quot;,&quot;camera&quot;:&quot;&quot;,&quot;caption&quot;:&quot;&quot;,&quot;created_timestamp&quot;:&quot;0&quot;,&quot;copyright&quot;:&quot;&quot;,&quot;focal_length&quot;:&quot;0&quot;,&quot;iso&quot;:&quot;0&quot;,&quot;shutter_speed&quot;:&quot;0&quot;,&quot;title&quot;:&quot;&quot;,&quot;orientation&quot;:&quot;0&quot;}\" data-image-title=\"5e3cb419-790d-4131-b732-d2f15d1aac23\" data-image-description=\"\" data-image-caption=\"\" data-medium-file=\"https:\/\/i0.wp.com\/fontenilles-vtt.fr\/wp\/wp-content\/uploads\/2019\/11\/5e3cb419-790d-4131-b732-d2f15d1aac23.jpg?fit=300%2C169&amp;ssl=1\" data-large-file=\"https:\/\/i0.wp.com\/fontenilles-vtt.fr\/wp\/wp-content\/uploads\/2019\/11\/5e3cb419-790d-4131-b732-d2f15d1aac23.jpg?fit=590%2C333&amp;ssl=1\" src=\"https:\/\/i2.wp.com\/fontenilles-vtt.fr\/wp\/wp-content\/uploads\/2019\/11\/5e3cb419-790d-4131-b732-d2f15d1aac23.jpg?fit=590%2C333\" alt=\"\" class=\"wp-image-4061\" srcset=\"https:\/\/i0.wp.com\/fontenilles-vtt.fr\/wp\/wp-content\/uploads\/2019\/11\/5e3cb419-790d-4131-b732-d2f15d1aac23.jpg?w=1600&amp;ssl=1 1600w, https:\/\/i0.wp.com\/fontenilles-vtt.fr\/wp\/wp-content\/uploads\/2019\/11\/5e3cb419-790d-4131-b732-d2f15d1aac23.jpg?resize=300%2C169&amp;ssl=1 300w, https:\/\/i0.wp.com\/fontenilles-vtt.fr\/wp\/wp-content\/uploads\/2019\/11\/5e3cb419-790d-4131-b732-d2f15d1aac23.jpg?resize=768%2C433&amp;ssl=1 768w, https:\/\/i0.wp.com\/fontenilles-vtt.fr\/wp\/wp-content\/uploads\/2019\/11\/5e3cb419-790d-4131-b732-d2f15d1aac23.jpg?resize=1024%2C578&amp;ssl=1 1024w, https:\/\/i0.wp.com\/fontenilles-vtt.fr\/wp\/wp-content\/uploads\/2019\/11\/5e3cb419-790d-4131-b732-d2f15d1aac23.jpg?w=1180&amp;ssl=1 1180w\" sizes=\"(max-width: 590px) 100vw, 590px\" \/><\/figure>\n\n\n\n<figure class=\"wp-block-image\"><img loading=\"lazy\" decoding=\"async\" width=\"4032\" height=\"3024\" data-attachment-id=\"4062\" data-permalink=\"https:\/\/fontenilles-vtt.fr\/wp\/?attachment_id=4062\" data-orig-file=\"https:\/\/i0.wp.com\/fontenilles-vtt.fr\/wp\/wp-content\/uploads\/2019\/11\/2019-11-17-00.22.19.jpg?fit=4032%2C3024&amp;ssl=1\" data-orig-size=\"4032,3024\" data-comments-opened=\"1\" data-image-meta=\"{&quot;aperture&quot;:&quot;1.5&quot;,&quot;credit&quot;:&quot;&quot;,&quot;camera&quot;:&quot;SM-G960F&quot;,&quot;caption&quot;:&quot;&quot;,&quot;created_timestamp&quot;:&quot;1573950139&quot;,&quot;copyright&quot;:&quot;&quot;,&quot;focal_length&quot;:&quot;4.3&quot;,&quot;iso&quot;:&quot;125&quot;,&quot;shutter_speed&quot;:&quot;0.071428571428571&quot;,&quot;title&quot;:&quot;&quot;,&quot;orientation&quot;:&quot;1&quot;}\" data-image-title=\"2019-11-17-00.22.19\" data-image-description=\"\" data-image-caption=\"\" data-medium-file=\"https:\/\/i0.wp.com\/fontenilles-vtt.fr\/wp\/wp-content\/uploads\/2019\/11\/2019-11-17-00.22.19.jpg?fit=300%2C225&amp;ssl=1\" data-large-file=\"https:\/\/i0.wp.com\/fontenilles-vtt.fr\/wp\/wp-content\/uploads\/2019\/11\/2019-11-17-00.22.19.jpg?fit=590%2C443&amp;ssl=1\" src=\"https:\/\/i0.wp.com\/fontenilles-vtt.fr\/wp\/wp-content\/uploads\/2019\/11\/2019-11-17-00.22.19.jpg?fit=590%2C443\" alt=\"\" class=\"wp-image-4062\" srcset=\"https:\/\/i0.wp.com\/fontenilles-vtt.fr\/wp\/wp-content\/uploads\/2019\/11\/2019-11-17-00.22.19.jpg?w=4032&amp;ssl=1 4032w, https:\/\/i0.wp.com\/fontenilles-vtt.fr\/wp\/wp-content\/uploads\/2019\/11\/2019-11-17-00.22.19.jpg?resize=300%2C225&amp;ssl=1 300w, https:\/\/i0.wp.com\/fontenilles-vtt.fr\/wp\/wp-content\/uploads\/2019\/11\/2019-11-17-00.22.19.jpg?resize=768%2C576&amp;ssl=1 768w, https:\/\/i0.wp.com\/fontenilles-vtt.fr\/wp\/wp-content\/uploads\/2019\/11\/2019-11-17-00.22.19.jpg?resize=1024%2C768&amp;ssl=1 1024w, https:\/\/i0.wp.com\/fontenilles-vtt.fr\/wp\/wp-content\/uploads\/2019\/11\/2019-11-17-00.22.19.jpg?w=1180&amp;ssl=1 1180w, https:\/\/i0.wp.com\/fontenilles-vtt.fr\/wp\/wp-content\/uploads\/2019\/11\/2019-11-17-00.22.19.jpg?w=1770&amp;ssl=1 1770w\" sizes=\"(max-width: 590px) 100vw, 590px\" \/><\/figure>\n","protected":false},"excerpt":{"rendered":"<p>19h15, Rdv \u00e0 la salle des f\u00eates pour nos 2 \u00e9quipes, la troisi\u00e8me a d\u00e9clar\u00e9 forfait apr\u00e8s une apr\u00e8s midi de pluie et de froid. L\u2019heure est \u00e0 la mise&#8230; <\/p>\n<div class=\"read-more\"><a href=\"https:\/\/fontenilles-vtt.fr\/wp\/?p=4059\">Lire la suite<\/a><\/div>\n","protected":false},"author":1,"featured_media":0,"comment_status":"open","ping_status":"closed","sticky":false,"template":"","format":"standard","meta":{"om_disable_all_campaigns":false,"_monsterinsights_skip_tracking":false,"_monsterinsights_sitenote_active":false,"_monsterinsights_sitenote_note":"","_monsterinsights_sitenote_category":0,"ngg_post_thumbnail":0,"jetpack_post_was_ever_published":false,"_jetpack_newsletter_access":"","_jetpack_dont_email_post_to_subs":false,"_jetpack_newsletter_tier_id":0,"_jetpack_memberships_contains_paywalled_content":false,"_jetpack_memberships_contains_paid_content":false,"footnotes":"","jetpack_publicize_message":"","jetpack_publicize_feature_enabled":true,"jetpack_social_post_already_shared":true,"jetpack_social_options":{"image_generator_settings":{"template":"highway","enabled":false},"version":2}},"categories":[4],"tags":[],"jetpack_publicize_connections":[],"aioseo_notices":[],"jetpack_featured_media_url":"","jetpack_sharing_enabled":true,"jetpack_shortlink":"https:\/\/wp.me\/p9SYmx-13t","jetpack-related-posts":[],"post_mailing_queue_ids":[],"_links":{"self":[{"href":"https:\/\/fontenilles-vtt.fr\/wp\/index.php?rest_route=\/wp\/v2\/posts\/4059"}],"collection":[{"href":"https:\/\/fontenilles-vtt.fr\/wp\/index.php?rest_route=\/wp\/v2\/posts"}],"about":[{"href":"https:\/\/fontenilles-vtt.fr\/wp\/index.php?rest_route=\/wp\/v2\/types\/post"}],"author":[{"embeddable":true,"href":"https:\/\/fontenilles-vtt.fr\/wp\/index.php?rest_route=\/wp\/v2\/users\/1"}],"replies":[{"embeddable":true,"href":"https:\/\/fontenilles-vtt.fr\/wp\/index.php?rest_route=%2Fwp%2Fv2%2Fcomments&post=4059"}],"version-history":[{"count":1,"href":"https:\/\/fontenilles-vtt.fr\/wp\/index.php?rest_route=\/wp\/v2\/posts\/4059\/revisions"}],"predecessor-version":[{"id":4063,"href":"https:\/\/fontenilles-vtt.fr\/wp\/index.php?rest_route=\/wp\/v2\/posts\/4059\/revisions\/4063"}],"wp:attachment":[{"href":"https:\/\/fontenilles-vtt.fr\/wp\/index.php?rest_route=%2Fwp%2Fv2%2Fmedia&parent=4059"}],"wp:term":[{"taxonomy":"category","embeddable":true,"href":"https:\/\/fontenilles-vtt.fr\/wp\/index.php?rest_route=%2Fwp%2Fv2%2Fcategories&post=4059"},{"taxonomy":"post_tag","embeddable":true,"href":"https:\/\/fontenilles-vtt.fr\/wp\/index.php?rest_route=%2Fwp%2Fv2%2Ftags&post=4059"}],"curies":[{"name":"wp","href":"https:\/\/api.w.org\/{rel}","templated":true}]}}