{"id":4086,"date":"2019-12-02T10:39:16","date_gmt":"2019-12-02T09:39:16","guid":{"rendered":"https:\/\/fontenilles-vtt.fr\/wp\/?p=4086"},"modified":"2019-12-02T10:39:24","modified_gmt":"2019-12-02T09:39:24","slug":"telethon-nocturne-en-mode-mudbike","status":"publish","type":"post","link":"https:\/\/fontenilles-vtt.fr\/wp\/?p=4086","title":{"rendered":"T\u00e9l\u00e9thon nocturne en mode mudbike"},"content":{"rendered":"\n<p>Ce samedi 30 novembre, FontenillesVTT a particip\u00e9 \u00e0 l&rsquo;animation de la journ\u00e9e T\u00e9l\u00e9thon sur le th\u00e8me de la lune en organisant une sortie nocturne.<\/p>\n<p>On peut dire que c&rsquo;\u00e9tait une belle r\u00e9ussite.<\/p>\n<p>Malgr\u00e9 l&rsquo;heure tardive (19h), la pluie persistante et la boue anticip\u00e9e, nous avons r\u00e9ussi \u00e0 attirer 35 guerriers de la nuit. Il y avait des v\u00e9t\u00e9rans, des familles, avec quelques courageux enfants (bravo Antoine), un VAE, et des curieux, tous venus voir ce que cela donnait de rouler de nuit sur nos chemins.<\/p>\n<p>Une fois les lampes v\u00e9rifi\u00e9es&nbsp; nous nous \u00e9lan\u00e7ons en mode rando accompagn\u00e9e, avec Lionel \u00e0 l&rsquo;ouverture,&nbsp;Vivien et Philippe \u00e0 la fermeture, Fabrice servant de lien au coeur du peloton. Nous partons sur du plat tout d&rsquo;abord vers le club hippique, puis longeant la d\u00e9viation, avant de bifurquer vers la mont\u00e9e du radar. Jusque l\u00e0, c&rsquo;est boueux mais praticable, et si la colonne s&rsquo;\u00e9tire, tout le monde suit. Arriv\u00e9s au radar, nous entamons les choses s\u00e9rieuses avec une descente mode ski sur le single de Castor, puis remontons dans une boue traitresse vers le moulin. Pas de d\u00e9gats, \u00e0 peine quelques chutes sans gravit\u00e9. Nous partons vers la descente des Arramous, qu&rsquo;il ne fallait pas tenter \u00e0 l&rsquo;envers, car l\u00e0 aussi c&rsquo;est plus du patinage que du VTT. Mais tout le monde s&rsquo;\u00e9clate, et rigole, d\u00e9couvrant un aspect ludique du mud-VTT, l&rsquo;obscurit\u00e9 aidant.<\/p>\n<p>Enfin, nous terminons par les haies puis le tour des magnolias, toujours tr\u00e8s boueux, avant de rejoindre l&rsquo;EMC o\u00f9 nous attend un chocolat chaud pr\u00e9par\u00e9 par Patrick et Thomas.<\/p>\n<p>Pas de casse, peu de chute, beaucoup de nettoyage \u00e0 pr\u00e9voir, mais beaucoup de plaisir car il ne faisait pas trop froid, et la pluie \u00e9tait assez l\u00e9g\u00e8re.<\/p>\n<p>Merci \u00e0 tous les participants et accompagnateurs. On refera \u00e7a l&rsquo;an prochain.<\/p>\n<p>150% des entr\u00e9es \u00e0 \u00e9t\u00e9 vers\u00e9 au T\u00e9l\u00e9thon (le club ayant abond\u00e9 \u00e0 50%).<\/p>\n<p>Vous trouverez les photos sur facebook&nbsp;<\/p>\n<p><div class=\"fb-post\" data-href=\"https:\/\/www.facebook.com\/fontenillesvtt\/photos\/pcb.2689905534378765\/2689903827712269\/?type=3&#038;theater\" data-width=\"552\"><\/div><\/p>\n","protected":false},"excerpt":{"rendered":"<p>Ce samedi 30 novembre, FontenillesVTT a particip\u00e9 \u00e0 l&rsquo;animation de la journ\u00e9e T\u00e9l\u00e9thon sur le th\u00e8me de la lune en organisant une sortie nocturne. On peut dire que c&rsquo;\u00e9tait une&#8230; <\/p>\n<div class=\"read-more\"><a href=\"https:\/\/fontenilles-vtt.fr\/wp\/?p=4086\">Lire la suite<\/a><\/div>\n","protected":false},"author":1,"featured_media":0,"comment_status":"open","ping_status":"closed","sticky":false,"template":"","format":"standard","meta":{"om_disable_all_campaigns":false,"_monsterinsights_skip_tracking":false,"_monsterinsights_sitenote_active":false,"_monsterinsights_sitenote_note":"","_monsterinsights_sitenote_category":0,"ngg_post_thumbnail":0,"jetpack_post_was_ever_published":false,"_jetpack_newsletter_access":"","_jetpack_dont_email_post_to_subs":false,"_jetpack_newsletter_tier_id":0,"_jetpack_memberships_contains_paywalled_content":false,"_jetpack_memberships_contains_paid_content":false,"footnotes":"","jetpack_publicize_message":"","jetpack_publicize_feature_enabled":true,"jetpack_social_post_already_shared":true,"jetpack_social_options":{"image_generator_settings":{"template":"highway","enabled":false},"version":2}},"categories":[4],"tags":[],"jetpack_publicize_connections":[],"aioseo_notices":[],"jetpack_featured_media_url":"","jetpack_sharing_enabled":true,"jetpack_shortlink":"https:\/\/wp.me\/p9SYmx-13U","jetpack-related-posts":[],"post_mailing_queue_ids":[],"_links":{"self":[{"href":"https:\/\/fontenilles-vtt.fr\/wp\/index.php?rest_route=\/wp\/v2\/posts\/4086"}],"collection":[{"href":"https:\/\/fontenilles-vtt.fr\/wp\/index.php?rest_route=\/wp\/v2\/posts"}],"about":[{"href":"https:\/\/fontenilles-vtt.fr\/wp\/index.php?rest_route=\/wp\/v2\/types\/post"}],"author":[{"embeddable":true,"href":"https:\/\/fontenilles-vtt.fr\/wp\/index.php?rest_route=\/wp\/v2\/users\/1"}],"replies":[{"embeddable":true,"href":"https:\/\/fontenilles-vtt.fr\/wp\/index.php?rest_route=%2Fwp%2Fv2%2Fcomments&post=4086"}],"version-history":[{"count":1,"href":"https:\/\/fontenilles-vtt.fr\/wp\/index.php?rest_route=\/wp\/v2\/posts\/4086\/revisions"}],"predecessor-version":[{"id":4087,"href":"https:\/\/fontenilles-vtt.fr\/wp\/index.php?rest_route=\/wp\/v2\/posts\/4086\/revisions\/4087"}],"wp:attachment":[{"href":"https:\/\/fontenilles-vtt.fr\/wp\/index.php?rest_route=%2Fwp%2Fv2%2Fmedia&parent=4086"}],"wp:term":[{"taxonomy":"category","embeddable":true,"href":"https:\/\/fontenilles-vtt.fr\/wp\/index.php?rest_route=%2Fwp%2Fv2%2Fcategories&post=4086"},{"taxonomy":"post_tag","embeddable":true,"href":"https:\/\/fontenilles-vtt.fr\/wp\/index.php?rest_route=%2Fwp%2Fv2%2Ftags&post=4086"}],"curies":[{"name":"wp","href":"https:\/\/api.w.org\/{rel}","templated":true}]}}